{"id":62267,"date":"2026-04-28T11:29:28","date_gmt":"2026-04-28T09:29:28","guid":{"rendered":"https:\/\/itemm.fr\/itemm\/?p=62267"},"modified":"2026-04-28T11:29:28","modified_gmt":"2026-04-28T09:29:28","slug":"francois-xavier-soulard-loreille-dacier-du-concours-international-de-piano-de-mayenne","status":"publish","type":"post","link":"https:\/\/itemm.fr\/itemm\/francois-xavier-soulard-loreille-dacier-du-concours-international-de-piano-de-mayenne\/","title":{"rendered":"Fran\u00e7ois-Xavier Soulard : l&#8217;oreille d&#8217;acier du Concours International de Piano de Mayenne"},"content":{"rendered":"<p data-path-to-node=\"4\"><b data-path-to-node=\"4\" data-index-in-node=\"0\">Alors que les virtuoses s\u2019affrontent sur sc\u00e8ne, un homme \u0153uvre dans l\u2019ombre pour que la magie op\u00e8re. Fran\u00e7ois-Xavier Soulard, l&#8217;accordeur officiel du concours, est le garant de la perfection sonore. Entre pr\u00e9cision millim\u00e9tr\u00e9e et r\u00e9sistance physique, il veille \u00e0 ce que l&#8217;instrument r\u00e9ponde aux exigences les plus folles.<\/b><\/p>\n<p data-path-to-node=\"5\">Dans le cadre prestigieux du Concours International de Piano de Mayenne, le silence n\u2019est jamais total. Avant que les candidats n&#8217;entrent en sc\u00e8ne, un homme s&#8217;affaire sur le clavier : \u00ab Il faut que le piano tienne le coup \u00bb, souligne <b data-path-to-node=\"5\" data-index-in-node=\"234\">Fran\u00e7ois-Xavier Soulard<\/b>. Face \u00e0 des pianistes dont la puissance de frappe et l\u2019exigence technique sollicitent les cordes jusqu\u2019\u00e0 leurs limites, son r\u00f4le est de s&#8217;assurer que l&#8217;instrument ne vacille jamais.<\/p>\n<h3 data-path-to-node=\"6\">L&#8217;expertise d&#8217;un ancien de l&#8217;ITEMM<\/h3>\n<p data-path-to-node=\"7\">Ce savoir-faire, Fran\u00e7ois-Xavier Soulard l&#8217;a acquis sur les bancs de l\u2019<b data-path-to-node=\"7\" data-index-in-node=\"71\">ITEMM<\/b> (Institut Technologique Europ\u00e9en des M\u00e9tiers de la Musique) au Mans, dont il est sorti dipl\u00f4m\u00e9 en <b data-path-to-node=\"7\" data-index-in-node=\"175\">2003<\/b>. Cette formation de r\u00e9f\u00e9rence lui a transmis les secrets d&#8217;une m\u00e9canique complexe, compos\u00e9e de milliers de pi\u00e8ces en bois, en feutre et en acier.<\/p>\n<p data-path-to-node=\"8\">Depuis plus de vingt ans, il a affin\u00e9 son geste. Accorder pour une comp\u00e9tition de ce niveau ne se r\u00e9sume pas \u00e0 un simple r\u00e9glage technique ; il s&#8217;agit de sculpter le son et d&#8217;ajuster le timbre pour offrir aux candidats un outil de travail irr\u00e9prochable.<\/p>\n<h3 data-path-to-node=\"9\">Un marathon pour l&#8217;accordeur<\/h3>\n<p data-path-to-node=\"10\">Sous les doigts des candidats, le piano subit des contraintes extr\u00eames. Les variations de temp\u00e9rature dans la salle et l&#8217;\u00e9nergie d\u00e9ploy\u00e9e lors des morceaux les plus complexes mettent l&#8217;accordage \u00e0 rude \u00e9preuve. Fran\u00e7ois-Xavier Soulard intervient donc \u00e0 un rythme soutenu, souvent au petit matin ou entre deux sessions, pour stabiliser l\u2019instrument.<\/p>\n<blockquote data-path-to-node=\"11\">\n<p data-path-to-node=\"11,0\">\u00ab Si on ne remarque pas le travail de l&#8217;accordeur, c&#8217;est que la mission est accomplie. \u00bb<\/p>\n<\/blockquote>\n<p data-path-to-node=\"12\">\u00c0 Mayenne, si les notes s&#8217;envolent avec une telle puret\u00e9, c&#8217;est aussi gr\u00e2ce \u00e0 la rigueur de ce technicien passionn\u00e9. En veillant sur le piano, Fran\u00e7ois-Xavier Soulard permet aux jeunes prodiges de se concentrer sur l&#8217;essentiel : l&#8217;\u00e9motion et la performance.<\/p>\n<p data-path-to-node=\"13\"><i data-path-to-node=\"13\" data-index-in-node=\"0\">Vous \u00eates un ancien \u00e9l\u00e8ve de l\u2019ITEMM et souhaitez partager votre parcours ? Contactez-nous !<\/i><\/p>\n<p data-path-to-node=\"13\"><a href=\"https:\/\/laval.maville.com\/actu\/actudet_--il-faut-que-le-piano-tienne-le-coup-au-concours-international-de-piano-de-mayenne-l-accordeur-joue-un-role-cle-_-7294803_actu.Htm\">Retrouvez l\u2019article complet ici<\/a><\/p>\n","protected":false},"excerpt":{"rendered":"<p>Alors que les virtuoses s\u2019affrontent sur sc\u00e8ne, un homme \u0153uvre dans l\u2019ombre pour que la magie op\u00e8re. Fran\u00e7ois-Xavier Soulard, l&#8217;accordeur officiel du concours, est le garant de la perfection sonore. Entre pr\u00e9cision millim\u00e9tr\u00e9e et r\u00e9sistance physique, il veille \u00e0 ce que l&#8217;instrument r\u00e9ponde aux exigences les plus folles. Dans le cadre prestigieux du Concours International&hellip;<\/p>\n","protected":false},"author":3004,"featured_media":61517,"comment_status":"closed","ping_status":"closed","sticky":false,"template":"","format":"standard","meta":{"_acf_changed":false,"footnotes":""},"categories":[101],"tags":[],"class_list":["post-62267","post","type-post","status-publish","format-standard","has-post-thumbnail","hentry","category-anciens-eleves","category-101","description-off"],"acf":[],"yoast_head":"<!-- This site is optimized with the Yoast SEO plugin v27.5 - https:\/\/yoast.com\/product\/yoast-seo-wordpress\/ -->\n<title>Fran\u00e7ois-Xavier Soulard : l&#039;oreille d&#039;acier du Concours International de Piano de Mayenne | Itemm -<\/title>\n<meta name=\"description\" content=\"Fran\u00e7ois-Xavier Soulard accordeur cl\u00e9 du Concours International de Piano. Expert assure la perfection sonore pour les plus grands virtuoses.\" \/>\n<meta name=\"robots\" content=\"index, follow, max-snippet:-1, max-image-preview:large, max-video-preview:-1\" \/>\n<link rel=\"canonical\" href=\"https:\/\/itemm.fr\/itemm\/francois-xavier-soulard-loreille-dacier-du-concours-international-de-piano-de-mayenne\/\" \/>\n<meta property=\"og:locale\" content=\"fr_FR\" \/>\n<meta property=\"og:type\" content=\"article\" \/>\n<meta property=\"og:title\" content=\"Fran\u00e7ois-Xavier Soulard : l&#039;oreille d&#039;acier du Concours International de Piano de Mayenne | Itemm -\" \/>\n<meta property=\"og:description\" content=\"Fran\u00e7ois-Xavier Soulard accordeur cl\u00e9 du Concours International de Piano. Expert assure la perfection sonore pour les plus grands virtuoses.\" \/>\n<meta property=\"og:url\" content=\"https:\/\/itemm.fr\/itemm\/francois-xavier-soulard-loreille-dacier-du-concours-international-de-piano-de-mayenne\/\" \/>\n<meta property=\"og:site_name\" content=\"Itemm -\" \/>\n<meta property=\"article:publisher\" content=\"https:\/\/www.facebook.com\/itemm.lemans\" \/>\n<meta property=\"article:published_time\" content=\"2026-04-28T09:29:28+00:00\" \/>\n<meta property=\"og:image\" content=\"https:\/\/itemm.fr\/itemm\/wp-content\/uploads\/2025\/09\/article-ancien-eleve.jpg\" \/>\n\t<meta property=\"og:image:width\" content=\"970\" \/>\n\t<meta property=\"og:image:height\" content=\"545\" \/>\n\t<meta property=\"og:image:type\" content=\"image\/jpeg\" \/>\n<meta name=\"author\" content=\"cedric.charrier\" \/>\n<script type=\"application\/ld+json\" class=\"yoast-schema-graph\">{\"@context\":\"https:\\\/\\\/schema.org\",\"@graph\":[{\"@type\":\"Article\",\"@id\":\"https:\\\/\\\/itemm.fr\\\/itemm\\\/francois-xavier-soulard-loreille-dacier-du-concours-international-de-piano-de-mayenne\\\/#article\",\"isPartOf\":{\"@id\":\"https:\\\/\\\/itemm.fr\\\/itemm\\\/francois-xavier-soulard-loreille-dacier-du-concours-international-de-piano-de-mayenne\\\/\"},\"author\":{\"name\":\"cedric.charrier\",\"@id\":\"https:\\\/\\\/itemm.fr\\\/itemm\\\/#\\\/schema\\\/person\\\/37d1ada7958a6232148f9ef96178ccd3\"},\"headline\":\"Fran\u00e7ois-Xavier Soulard : l&#8217;oreille d&#8217;acier du Concours International de Piano de Mayenne\",\"datePublished\":\"2026-04-28T09:29:28+00:00\",\"mainEntityOfPage\":{\"@id\":\"https:\\\/\\\/itemm.fr\\\/itemm\\\/francois-xavier-soulard-loreille-dacier-du-concours-international-de-piano-de-mayenne\\\/\"},\"wordCount\":413,\"publisher\":{\"@id\":\"https:\\\/\\\/itemm.fr\\\/itemm\\\/#organization\"},\"image\":{\"@id\":\"https:\\\/\\\/itemm.fr\\\/itemm\\\/francois-xavier-soulard-loreille-dacier-du-concours-international-de-piano-de-mayenne\\\/#primaryimage\"},\"thumbnailUrl\":\"https:\\\/\\\/itemm.fr\\\/itemm\\\/wp-content\\\/uploads\\\/2025\\\/09\\\/article-ancien-eleve.jpg\",\"articleSection\":[\"anciens \u00e9l\u00e8ves\"],\"inLanguage\":\"fr-FR\"},{\"@type\":\"WebPage\",\"@id\":\"https:\\\/\\\/itemm.fr\\\/itemm\\\/francois-xavier-soulard-loreille-dacier-du-concours-international-de-piano-de-mayenne\\\/\",\"url\":\"https:\\\/\\\/itemm.fr\\\/itemm\\\/francois-xavier-soulard-loreille-dacier-du-concours-international-de-piano-de-mayenne\\\/\",\"name\":\"Fran\u00e7ois-Xavier Soulard : l'oreille d'acier du Concours International de Piano de Mayenne | Itemm -\",\"isPartOf\":{\"@id\":\"https:\\\/\\\/itemm.fr\\\/itemm\\\/#website\"},\"primaryImageOfPage\":{\"@id\":\"https:\\\/\\\/itemm.fr\\\/itemm\\\/francois-xavier-soulard-loreille-dacier-du-concours-international-de-piano-de-mayenne\\\/#primaryimage\"},\"image\":{\"@id\":\"https:\\\/\\\/itemm.fr\\\/itemm\\\/francois-xavier-soulard-loreille-dacier-du-concours-international-de-piano-de-mayenne\\\/#primaryimage\"},\"thumbnailUrl\":\"https:\\\/\\\/itemm.fr\\\/itemm\\\/wp-content\\\/uploads\\\/2025\\\/09\\\/article-ancien-eleve.jpg\",\"datePublished\":\"2026-04-28T09:29:28+00:00\",\"description\":\"Fran\u00e7ois-Xavier Soulard accordeur cl\u00e9 du Concours International de Piano. Expert assure la perfection sonore pour les plus grands virtuoses.\",\"breadcrumb\":{\"@id\":\"https:\\\/\\\/itemm.fr\\\/itemm\\\/francois-xavier-soulard-loreille-dacier-du-concours-international-de-piano-de-mayenne\\\/#breadcrumb\"},\"inLanguage\":\"fr-FR\",\"potentialAction\":[{\"@type\":\"ReadAction\",\"target\":[\"https:\\\/\\\/itemm.fr\\\/itemm\\\/francois-xavier-soulard-loreille-dacier-du-concours-international-de-piano-de-mayenne\\\/\"]}]},{\"@type\":\"ImageObject\",\"inLanguage\":\"fr-FR\",\"@id\":\"https:\\\/\\\/itemm.fr\\\/itemm\\\/francois-xavier-soulard-loreille-dacier-du-concours-international-de-piano-de-mayenne\\\/#primaryimage\",\"url\":\"https:\\\/\\\/itemm.fr\\\/itemm\\\/wp-content\\\/uploads\\\/2025\\\/09\\\/article-ancien-eleve.jpg\",\"contentUrl\":\"https:\\\/\\\/itemm.fr\\\/itemm\\\/wp-content\\\/uploads\\\/2025\\\/09\\\/article-ancien-eleve.jpg\",\"width\":970,\"height\":545},{\"@type\":\"BreadcrumbList\",\"@id\":\"https:\\\/\\\/itemm.fr\\\/itemm\\\/francois-xavier-soulard-loreille-dacier-du-concours-international-de-piano-de-mayenne\\\/#breadcrumb\",\"itemListElement\":[{\"@type\":\"ListItem\",\"position\":1,\"name\":\"Accueil\",\"item\":\"https:\\\/\\\/itemm.fr\\\/itemm\\\/\"},{\"@type\":\"ListItem\",\"position\":2,\"name\":\"Fran\u00e7ois-Xavier Soulard : l&#8217;oreille d&#8217;acier du Concours International de Piano de Mayenne\"}]},{\"@type\":\"WebSite\",\"@id\":\"https:\\\/\\\/itemm.fr\\\/itemm\\\/#website\",\"url\":\"https:\\\/\\\/itemm.fr\\\/itemm\\\/\",\"name\":\"Itemm\",\"description\":\"Institut technologique europ\u00e9en des m\u00e9tiers de la musique au Mans (72)\",\"publisher\":{\"@id\":\"https:\\\/\\\/itemm.fr\\\/itemm\\\/#organization\"},\"potentialAction\":[{\"@type\":\"SearchAction\",\"target\":{\"@type\":\"EntryPoint\",\"urlTemplate\":\"https:\\\/\\\/itemm.fr\\\/itemm\\\/?s={search_term_string}\"},\"query-input\":{\"@type\":\"PropertyValueSpecification\",\"valueRequired\":true,\"valueName\":\"search_term_string\"}}],\"inLanguage\":\"fr-FR\"},{\"@type\":\"Organization\",\"@id\":\"https:\\\/\\\/itemm.fr\\\/itemm\\\/#organization\",\"name\":\"ITEMM\",\"alternateName\":\"ITEMM\",\"url\":\"https:\\\/\\\/itemm.fr\\\/itemm\\\/\",\"logo\":{\"@type\":\"ImageObject\",\"inLanguage\":\"fr-FR\",\"@id\":\"https:\\\/\\\/itemm.fr\\\/itemm\\\/#\\\/schema\\\/logo\\\/image\\\/\",\"url\":\"https:\\\/\\\/itemm.fr\\\/itemm\\\/wp-content\\\/uploads\\\/2021\\\/12\\\/logo-itemm-piano-on.png\",\"contentUrl\":\"https:\\\/\\\/itemm.fr\\\/itemm\\\/wp-content\\\/uploads\\\/2021\\\/12\\\/logo-itemm-piano-on.png\",\"width\":446,\"height\":294,\"caption\":\"ITEMM\"},\"image\":{\"@id\":\"https:\\\/\\\/itemm.fr\\\/itemm\\\/#\\\/schema\\\/logo\\\/image\\\/\"},\"sameAs\":[\"https:\\\/\\\/www.facebook.com\\\/itemm.lemans\",\"https:\\\/\\\/www.instagram.com\\\/itemmlemans\\\/\",\"https:\\\/\\\/www.linkedin.com\\\/in\\\/itemm\\\/\"]},{\"@type\":\"Person\",\"@id\":\"https:\\\/\\\/itemm.fr\\\/itemm\\\/#\\\/schema\\\/person\\\/37d1ada7958a6232148f9ef96178ccd3\",\"name\":\"cedric.charrier\",\"image\":{\"@type\":\"ImageObject\",\"inLanguage\":\"fr-FR\",\"@id\":\"https:\\\/\\\/itemm.fr\\\/itemm\\\/wp-content\\\/litespeed\\\/avatar\\\/6b2a3f567f020e8b4afbfd33154a4be6.jpg?ver=1776860820\",\"url\":\"https:\\\/\\\/itemm.fr\\\/itemm\\\/wp-content\\\/litespeed\\\/avatar\\\/6b2a3f567f020e8b4afbfd33154a4be6.jpg?ver=1776860820\",\"contentUrl\":\"https:\\\/\\\/itemm.fr\\\/itemm\\\/wp-content\\\/litespeed\\\/avatar\\\/6b2a3f567f020e8b4afbfd33154a4be6.jpg?ver=1776860820\",\"caption\":\"cedric.charrier\"},\"url\":\"https:\\\/\\\/itemm.fr\\\/itemm\\\/author\\\/cedric\\\/\"}]}<\/script>\n<!-- \/ Yoast SEO plugin. -->","yoast_head_json":{"title":"Fran\u00e7ois-Xavier Soulard : l'oreille d'acier du Concours International de Piano de Mayenne | Itemm -","description":"Fran\u00e7ois-Xavier Soulard accordeur cl\u00e9 du Concours International de Piano. Expert assure la perfection sonore pour les plus grands virtuoses.","robots":{"index":"index","follow":"follow","max-snippet":"max-snippet:-1","max-image-preview":"max-image-preview:large","max-video-preview":"max-video-preview:-1"},"canonical":"https:\/\/itemm.fr\/itemm\/francois-xavier-soulard-loreille-dacier-du-concours-international-de-piano-de-mayenne\/","og_locale":"fr_FR","og_type":"article","og_title":"Fran\u00e7ois-Xavier Soulard : l'oreille d'acier du Concours International de Piano de Mayenne | Itemm -","og_description":"Fran\u00e7ois-Xavier Soulard accordeur cl\u00e9 du Concours International de Piano. Expert assure la perfection sonore pour les plus grands virtuoses.","og_url":"https:\/\/itemm.fr\/itemm\/francois-xavier-soulard-loreille-dacier-du-concours-international-de-piano-de-mayenne\/","og_site_name":"Itemm -","article_publisher":"https:\/\/www.facebook.com\/itemm.lemans","article_published_time":"2026-04-28T09:29:28+00:00","og_image":[{"width":970,"height":545,"url":"https:\/\/itemm.fr\/itemm\/wp-content\/uploads\/2025\/09\/article-ancien-eleve.jpg","type":"image\/jpeg"}],"author":"cedric.charrier","schema":{"@context":"https:\/\/schema.org","@graph":[{"@type":"Article","@id":"https:\/\/itemm.fr\/itemm\/francois-xavier-soulard-loreille-dacier-du-concours-international-de-piano-de-mayenne\/#article","isPartOf":{"@id":"https:\/\/itemm.fr\/itemm\/francois-xavier-soulard-loreille-dacier-du-concours-international-de-piano-de-mayenne\/"},"author":{"name":"cedric.charrier","@id":"https:\/\/itemm.fr\/itemm\/#\/schema\/person\/37d1ada7958a6232148f9ef96178ccd3"},"headline":"Fran\u00e7ois-Xavier Soulard : l&#8217;oreille d&#8217;acier du Concours International de Piano de Mayenne","datePublished":"2026-04-28T09:29:28+00:00","mainEntityOfPage":{"@id":"https:\/\/itemm.fr\/itemm\/francois-xavier-soulard-loreille-dacier-du-concours-international-de-piano-de-mayenne\/"},"wordCount":413,"publisher":{"@id":"https:\/\/itemm.fr\/itemm\/#organization"},"image":{"@id":"https:\/\/itemm.fr\/itemm\/francois-xavier-soulard-loreille-dacier-du-concours-international-de-piano-de-mayenne\/#primaryimage"},"thumbnailUrl":"https:\/\/itemm.fr\/itemm\/wp-content\/uploads\/2025\/09\/article-ancien-eleve.jpg","articleSection":["anciens \u00e9l\u00e8ves"],"inLanguage":"fr-FR"},{"@type":"WebPage","@id":"https:\/\/itemm.fr\/itemm\/francois-xavier-soulard-loreille-dacier-du-concours-international-de-piano-de-mayenne\/","url":"https:\/\/itemm.fr\/itemm\/francois-xavier-soulard-loreille-dacier-du-concours-international-de-piano-de-mayenne\/","name":"Fran\u00e7ois-Xavier Soulard : l'oreille d'acier du Concours International de Piano de Mayenne | Itemm -","isPartOf":{"@id":"https:\/\/itemm.fr\/itemm\/#website"},"primaryImageOfPage":{"@id":"https:\/\/itemm.fr\/itemm\/francois-xavier-soulard-loreille-dacier-du-concours-international-de-piano-de-mayenne\/#primaryimage"},"image":{"@id":"https:\/\/itemm.fr\/itemm\/francois-xavier-soulard-loreille-dacier-du-concours-international-de-piano-de-mayenne\/#primaryimage"},"thumbnailUrl":"https:\/\/itemm.fr\/itemm\/wp-content\/uploads\/2025\/09\/article-ancien-eleve.jpg","datePublished":"2026-04-28T09:29:28+00:00","description":"Fran\u00e7ois-Xavier Soulard accordeur cl\u00e9 du Concours International de Piano. Expert assure la perfection sonore pour les plus grands virtuoses.","breadcrumb":{"@id":"https:\/\/itemm.fr\/itemm\/francois-xavier-soulard-loreille-dacier-du-concours-international-de-piano-de-mayenne\/#breadcrumb"},"inLanguage":"fr-FR","potentialAction":[{"@type":"ReadAction","target":["https:\/\/itemm.fr\/itemm\/francois-xavier-soulard-loreille-dacier-du-concours-international-de-piano-de-mayenne\/"]}]},{"@type":"ImageObject","inLanguage":"fr-FR","@id":"https:\/\/itemm.fr\/itemm\/francois-xavier-soulard-loreille-dacier-du-concours-international-de-piano-de-mayenne\/#primaryimage","url":"https:\/\/itemm.fr\/itemm\/wp-content\/uploads\/2025\/09\/article-ancien-eleve.jpg","contentUrl":"https:\/\/itemm.fr\/itemm\/wp-content\/uploads\/2025\/09\/article-ancien-eleve.jpg","width":970,"height":545},{"@type":"BreadcrumbList","@id":"https:\/\/itemm.fr\/itemm\/francois-xavier-soulard-loreille-dacier-du-concours-international-de-piano-de-mayenne\/#breadcrumb","itemListElement":[{"@type":"ListItem","position":1,"name":"Accueil","item":"https:\/\/itemm.fr\/itemm\/"},{"@type":"ListItem","position":2,"name":"Fran\u00e7ois-Xavier Soulard : l&#8217;oreille d&#8217;acier du Concours International de Piano de Mayenne"}]},{"@type":"WebSite","@id":"https:\/\/itemm.fr\/itemm\/#website","url":"https:\/\/itemm.fr\/itemm\/","name":"Itemm","description":"Institut technologique europ\u00e9en des m\u00e9tiers de la musique au Mans (72)","publisher":{"@id":"https:\/\/itemm.fr\/itemm\/#organization"},"potentialAction":[{"@type":"SearchAction","target":{"@type":"EntryPoint","urlTemplate":"https:\/\/itemm.fr\/itemm\/?s={search_term_string}"},"query-input":{"@type":"PropertyValueSpecification","valueRequired":true,"valueName":"search_term_string"}}],"inLanguage":"fr-FR"},{"@type":"Organization","@id":"https:\/\/itemm.fr\/itemm\/#organization","name":"ITEMM","alternateName":"ITEMM","url":"https:\/\/itemm.fr\/itemm\/","logo":{"@type":"ImageObject","inLanguage":"fr-FR","@id":"https:\/\/itemm.fr\/itemm\/#\/schema\/logo\/image\/","url":"https:\/\/itemm.fr\/itemm\/wp-content\/uploads\/2021\/12\/logo-itemm-piano-on.png","contentUrl":"https:\/\/itemm.fr\/itemm\/wp-content\/uploads\/2021\/12\/logo-itemm-piano-on.png","width":446,"height":294,"caption":"ITEMM"},"image":{"@id":"https:\/\/itemm.fr\/itemm\/#\/schema\/logo\/image\/"},"sameAs":["https:\/\/www.facebook.com\/itemm.lemans","https:\/\/www.instagram.com\/itemmlemans\/","https:\/\/www.linkedin.com\/in\/itemm\/"]},{"@type":"Person","@id":"https:\/\/itemm.fr\/itemm\/#\/schema\/person\/37d1ada7958a6232148f9ef96178ccd3","name":"cedric.charrier","image":{"@type":"ImageObject","inLanguage":"fr-FR","@id":"https:\/\/itemm.fr\/itemm\/wp-content\/litespeed\/avatar\/6b2a3f567f020e8b4afbfd33154a4be6.jpg?ver=1776860820","url":"https:\/\/itemm.fr\/itemm\/wp-content\/litespeed\/avatar\/6b2a3f567f020e8b4afbfd33154a4be6.jpg?ver=1776860820","contentUrl":"https:\/\/itemm.fr\/itemm\/wp-content\/litespeed\/avatar\/6b2a3f567f020e8b4afbfd33154a4be6.jpg?ver=1776860820","caption":"cedric.charrier"},"url":"https:\/\/itemm.fr\/itemm\/author\/cedric\/"}]}},"_links":{"self":[{"href":"https:\/\/itemm.fr\/itemm\/wp-json\/wp\/v2\/posts\/62267","targetHints":{"allow":["GET"]}}],"collection":[{"href":"https:\/\/itemm.fr\/itemm\/wp-json\/wp\/v2\/posts"}],"about":[{"href":"https:\/\/itemm.fr\/itemm\/wp-json\/wp\/v2\/types\/post"}],"author":[{"embeddable":true,"href":"https:\/\/itemm.fr\/itemm\/wp-json\/wp\/v2\/users\/3004"}],"replies":[{"embeddable":true,"href":"https:\/\/itemm.fr\/itemm\/wp-json\/wp\/v2\/comments?post=62267"}],"version-history":[{"count":1,"href":"https:\/\/itemm.fr\/itemm\/wp-json\/wp\/v2\/posts\/62267\/revisions"}],"predecessor-version":[{"id":62268,"href":"https:\/\/itemm.fr\/itemm\/wp-json\/wp\/v2\/posts\/62267\/revisions\/62268"}],"wp:featuredmedia":[{"embeddable":true,"href":"https:\/\/itemm.fr\/itemm\/wp-json\/wp\/v2\/media\/61517"}],"wp:attachment":[{"href":"https:\/\/itemm.fr\/itemm\/wp-json\/wp\/v2\/media?parent=62267"}],"wp:term":[{"taxonomy":"category","embeddable":true,"href":"https:\/\/itemm.fr\/itemm\/wp-json\/wp\/v2\/categories?post=62267"},{"taxonomy":"post_tag","embeddable":true,"href":"https:\/\/itemm.fr\/itemm\/wp-json\/wp\/v2\/tags?post=62267"}],"curies":[{"name":"wp","href":"https:\/\/api.w.org\/{rel}","templated":true}]}}