{"id":62264,"date":"2026-04-28T11:21:59","date_gmt":"2026-04-28T09:21:59","guid":{"rendered":"https:\/\/itemm.fr\/itemm\/?p=62264"},"modified":"2026-04-28T11:22:53","modified_gmt":"2026-04-28T09:22:53","slug":"yannick-laridon-le-scientifique-devenu-docteur-des-accordeons-a-riom","status":"publish","type":"post","link":"https:\/\/itemm.fr\/itemm\/yannick-laridon-le-scientifique-devenu-docteur-des-accordeons-a-riom\/","title":{"rendered":"Yannick Laridon, le scientifique devenu \u00ab docteur \u00bb des accord\u00e9ons \u00e0 Riom"},"content":{"rendered":"<p data-path-to-node=\"3\"><b data-path-to-node=\"3\" data-index-in-node=\"0\">\u00c0 Riom, dans le Puy-de-D\u00f4me, Yannick Laridon a op\u00e9r\u00e9 un virage professionnel radical. Ancien chercheur en biologie, il a d\u00e9laiss\u00e9 les \u00e9prouvettes pour se consacrer \u00e0 sa passion de toujours : l\u2019entretien et la r\u00e9paration des accord\u00e9ons.<\/b><\/p>\n<p data-path-to-node=\"4\">C\u2019est un changement de vie qui s\u2019\u00e9coute autant qu\u2019il se raconte. Install\u00e9 au sein du tiers-lieu <b data-path-to-node=\"4\" data-index-in-node=\"96\">Aesus<\/b> \u00e0 Riom, Yannick Laridon passe d\u00e9sormais ses journ\u00e9es entour\u00e9 de lames, de cuirs et de sommiers. Pourtant, rien ne le destinait initialement \u00e0 l\u2019artisanat d&#8217;art. Pendant des ann\u00e9es, c\u2019est dans le silence des laboratoires de recherche scientifique qu\u2019il a exerc\u00e9 ses talents.<\/p>\n<h3 data-path-to-node=\"5\">Une expertise certifi\u00e9e par l&#8217;ITEMM<\/h3>\n<p data-path-to-node=\"6\">Si le passage de la biologie mol\u00e9culaire \u00e0 l\u2019accordage peut para\u00eetre surprenant, pour Yannick Laridon, les deux mondes partagent une exigence commune : la pr\u00e9cision chirurgicale. Fort de 25 ans de pratique musicale sur sc\u00e8ne, ce passionn\u00e9 a d\u00e9cid\u00e9 de transformer son amour pour l&#8217;instrument en une v\u00e9ritable expertise technique.<\/p>\n<p data-path-to-node=\"7\">Pour asseoir ses comp\u00e9tences, il a suivi le cursus d&#8217;excellence de l&#8217;<b data-path-to-node=\"7\" data-index-in-node=\"69\">ITEMM<\/b> (Institut Technologique Europ\u00e9en des M\u00e9tiers de la Musique). <b data-path-to-node=\"7\" data-index-in-node=\"136\">Ancien \u00e9l\u00e8ve de cette institution prestigieuse, il en est ressorti dipl\u00f4m\u00e9 en 2023<\/b>, une \u00e9tape cl\u00e9 qui lui permet aujourd&#8217;hui d&#8217;allier sa rigueur scientifique \u00e0 un savoir-faire artisanal reconnu.<\/p>\n<h3 data-path-to-node=\"8\">Un atelier de soins complets<\/h3>\n<p data-path-to-node=\"9\">Dans son atelier, <b data-path-to-node=\"9\" data-index-in-node=\"18\">Laridon Accord\u00e9ons<\/b>, il accueille des musiciens de tous horizons pour redonner du souffle \u00e0 leurs instruments diatoniques et chromatiques. Son offre de services est vaste :<\/p>\n<ul data-path-to-node=\"10\">\n<li>\n<p data-path-to-node=\"10,0,0\"><b data-path-to-node=\"10,0,0\" data-index-in-node=\"0\">R\u00e9parations structurelles :<\/b> colmatage des fuites d&#8217;air du soufflet, r\u00e9paration de la m\u00e9canique des touches.<\/p>\n<\/li>\n<li>\n<p data-path-to-node=\"10,1,0\"><b data-path-to-node=\"10,1,0\" data-index-in-node=\"0\">Accordage de pr\u00e9cision :<\/b> un travail minutieux sur les anches pour garantir une justesse parfaite.<\/p>\n<\/li>\n<li>\n<p data-path-to-node=\"10,2,0\"><b data-path-to-node=\"10,2,0\" data-index-in-node=\"0\">Entretien et restauration :<\/b> pour pr\u00e9server la long\u00e9vit\u00e9 des instruments anciens ou malmen\u00e9s par le temps.<\/p>\n<\/li>\n<\/ul>\n<h3 data-path-to-node=\"11\">Un ancrage local au tiers-lieu Aesus<\/h3>\n<p data-path-to-node=\"12\">En choisissant le tiers-lieu Aesus pour \u00e9tablir ses quartiers, Yannick Laridon s&#8217;inscrit dans une dynamique de partage et de proximit\u00e9. Ce lieu, d\u00e9di\u00e9 \u00e0 la collaboration et \u00e0 l&#8217;innovation sociale, correspond parfaitement \u00e0 sa vision du m\u00e9tier : un artisanat accessible, humain et ancr\u00e9 dans le territoire auvergnat.<\/p>\n<p data-path-to-node=\"13\">Pour ce chercheur repenti, le succ\u00e8s ne se mesure plus en publications scientifiques, mais \u00e0 la puret\u00e9 de la note qui s&#8217;\u00e9chappe de l&#8217;instrument lorsqu&#8217;il le rend \u00e0 son propri\u00e9taire.<\/p>\n<hr data-path-to-node=\"12\" \/>\n<p data-path-to-node=\"13\"><i data-path-to-node=\"13\" data-index-in-node=\"0\">Vous \u00eates un ancien \u00e9l\u00e8ve de l\u2019ITEMM et souhaitez partager votre parcours ? Contactez-nous !<\/i><\/p>\n<p data-path-to-node=\"13\"><a href=\"https:\/\/www.lamontagne.fr\/riom-63200\/economie\/yannick-laridon-a-quitte-la-recherche-scientifique-pour-se-consacrer-aux-reparations-d-accordeons-a-riom_14963619\/\">Retrouvez l\u2019article complet ici<\/a><\/p>\n","protected":false},"excerpt":{"rendered":"<p>\u00c0 Riom, dans le Puy-de-D\u00f4me, Yannick Laridon a op\u00e9r\u00e9 un virage professionnel radical. Ancien chercheur en biologie, il a d\u00e9laiss\u00e9 les \u00e9prouvettes pour se consacrer \u00e0 sa passion de toujours : l\u2019entretien et la r\u00e9paration des accord\u00e9ons. C\u2019est un changement de vie qui s\u2019\u00e9coute autant qu\u2019il se raconte. Install\u00e9 au sein du tiers-lieu Aesus \u00e0&hellip;<\/p>\n","protected":false},"author":3004,"featured_media":61517,"comment_status":"closed","ping_status":"closed","sticky":false,"template":"","format":"standard","meta":{"_acf_changed":false,"footnotes":""},"categories":[101],"tags":[],"class_list":["post-62264","post","type-post","status-publish","format-standard","has-post-thumbnail","hentry","category-anciens-eleves","category-101","description-off"],"acf":[],"yoast_head":"<!-- This site is optimized with the Yoast SEO plugin v27.5 - https:\/\/yoast.com\/product\/yoast-seo-wordpress\/ -->\n<title>Yannick Laridon, le scientifique devenu \u00ab docteur \u00bb des accord\u00e9ons \u00e0 Riom | Itemm -<\/title>\n<meta name=\"description\" content=\"D\u00e9couvrez Yannick Laridon, ancien biologiste reconverti en r\u00e9parateur d&#039;accord\u00e9ons. Dipl\u00f4m\u00e9 de ITEMM, cet artisan redonne vie aux accord\u00e9ons\" \/>\n<meta name=\"robots\" content=\"index, follow, max-snippet:-1, max-image-preview:large, max-video-preview:-1\" \/>\n<link rel=\"canonical\" href=\"https:\/\/itemm.fr\/itemm\/yannick-laridon-le-scientifique-devenu-docteur-des-accordeons-a-riom\/\" \/>\n<meta property=\"og:locale\" content=\"fr_FR\" \/>\n<meta property=\"og:type\" content=\"article\" \/>\n<meta property=\"og:title\" content=\"Yannick Laridon, le scientifique devenu \u00ab docteur \u00bb des accord\u00e9ons \u00e0 Riom | Itemm -\" \/>\n<meta property=\"og:description\" content=\"D\u00e9couvrez Yannick Laridon, ancien biologiste reconverti en r\u00e9parateur d&#039;accord\u00e9ons. Dipl\u00f4m\u00e9 de ITEMM, cet artisan redonne vie aux accord\u00e9ons\" \/>\n<meta property=\"og:url\" content=\"https:\/\/itemm.fr\/itemm\/yannick-laridon-le-scientifique-devenu-docteur-des-accordeons-a-riom\/\" \/>\n<meta property=\"og:site_name\" content=\"Itemm -\" \/>\n<meta property=\"article:publisher\" content=\"https:\/\/www.facebook.com\/itemm.lemans\" \/>\n<meta property=\"article:published_time\" content=\"2026-04-28T09:21:59+00:00\" \/>\n<meta property=\"article:modified_time\" content=\"2026-04-28T09:22:53+00:00\" \/>\n<meta property=\"og:image\" content=\"https:\/\/itemm.fr\/itemm\/wp-content\/uploads\/2025\/09\/article-ancien-eleve.jpg\" \/>\n\t<meta property=\"og:image:width\" content=\"970\" \/>\n\t<meta property=\"og:image:height\" content=\"545\" \/>\n\t<meta property=\"og:image:type\" content=\"image\/jpeg\" \/>\n<meta name=\"author\" content=\"cedric.charrier\" \/>\n<script type=\"application\/ld+json\" class=\"yoast-schema-graph\">{\"@context\":\"https:\\\/\\\/schema.org\",\"@graph\":[{\"@type\":\"Article\",\"@id\":\"https:\\\/\\\/itemm.fr\\\/itemm\\\/yannick-laridon-le-scientifique-devenu-docteur-des-accordeons-a-riom\\\/#article\",\"isPartOf\":{\"@id\":\"https:\\\/\\\/itemm.fr\\\/itemm\\\/yannick-laridon-le-scientifique-devenu-docteur-des-accordeons-a-riom\\\/\"},\"author\":{\"name\":\"cedric.charrier\",\"@id\":\"https:\\\/\\\/itemm.fr\\\/itemm\\\/#\\\/schema\\\/person\\\/37d1ada7958a6232148f9ef96178ccd3\"},\"headline\":\"Yannick Laridon, le scientifique devenu \u00ab docteur \u00bb des accord\u00e9ons \u00e0 Riom\",\"datePublished\":\"2026-04-28T09:21:59+00:00\",\"dateModified\":\"2026-04-28T09:22:53+00:00\",\"mainEntityOfPage\":{\"@id\":\"https:\\\/\\\/itemm.fr\\\/itemm\\\/yannick-laridon-le-scientifique-devenu-docteur-des-accordeons-a-riom\\\/\"},\"wordCount\":426,\"publisher\":{\"@id\":\"https:\\\/\\\/itemm.fr\\\/itemm\\\/#organization\"},\"image\":{\"@id\":\"https:\\\/\\\/itemm.fr\\\/itemm\\\/yannick-laridon-le-scientifique-devenu-docteur-des-accordeons-a-riom\\\/#primaryimage\"},\"thumbnailUrl\":\"https:\\\/\\\/itemm.fr\\\/itemm\\\/wp-content\\\/uploads\\\/2025\\\/09\\\/article-ancien-eleve.jpg\",\"articleSection\":[\"anciens \u00e9l\u00e8ves\"],\"inLanguage\":\"fr-FR\"},{\"@type\":\"WebPage\",\"@id\":\"https:\\\/\\\/itemm.fr\\\/itemm\\\/yannick-laridon-le-scientifique-devenu-docteur-des-accordeons-a-riom\\\/\",\"url\":\"https:\\\/\\\/itemm.fr\\\/itemm\\\/yannick-laridon-le-scientifique-devenu-docteur-des-accordeons-a-riom\\\/\",\"name\":\"Yannick Laridon, le scientifique devenu \u00ab docteur \u00bb des accord\u00e9ons \u00e0 Riom | Itemm -\",\"isPartOf\":{\"@id\":\"https:\\\/\\\/itemm.fr\\\/itemm\\\/#website\"},\"primaryImageOfPage\":{\"@id\":\"https:\\\/\\\/itemm.fr\\\/itemm\\\/yannick-laridon-le-scientifique-devenu-docteur-des-accordeons-a-riom\\\/#primaryimage\"},\"image\":{\"@id\":\"https:\\\/\\\/itemm.fr\\\/itemm\\\/yannick-laridon-le-scientifique-devenu-docteur-des-accordeons-a-riom\\\/#primaryimage\"},\"thumbnailUrl\":\"https:\\\/\\\/itemm.fr\\\/itemm\\\/wp-content\\\/uploads\\\/2025\\\/09\\\/article-ancien-eleve.jpg\",\"datePublished\":\"2026-04-28T09:21:59+00:00\",\"dateModified\":\"2026-04-28T09:22:53+00:00\",\"description\":\"D\u00e9couvrez Yannick Laridon, ancien biologiste reconverti en r\u00e9parateur d'accord\u00e9ons. Dipl\u00f4m\u00e9 de ITEMM, cet artisan redonne vie aux accord\u00e9ons\",\"breadcrumb\":{\"@id\":\"https:\\\/\\\/itemm.fr\\\/itemm\\\/yannick-laridon-le-scientifique-devenu-docteur-des-accordeons-a-riom\\\/#breadcrumb\"},\"inLanguage\":\"fr-FR\",\"potentialAction\":[{\"@type\":\"ReadAction\",\"target\":[\"https:\\\/\\\/itemm.fr\\\/itemm\\\/yannick-laridon-le-scientifique-devenu-docteur-des-accordeons-a-riom\\\/\"]}]},{\"@type\":\"ImageObject\",\"inLanguage\":\"fr-FR\",\"@id\":\"https:\\\/\\\/itemm.fr\\\/itemm\\\/yannick-laridon-le-scientifique-devenu-docteur-des-accordeons-a-riom\\\/#primaryimage\",\"url\":\"https:\\\/\\\/itemm.fr\\\/itemm\\\/wp-content\\\/uploads\\\/2025\\\/09\\\/article-ancien-eleve.jpg\",\"contentUrl\":\"https:\\\/\\\/itemm.fr\\\/itemm\\\/wp-content\\\/uploads\\\/2025\\\/09\\\/article-ancien-eleve.jpg\",\"width\":970,\"height\":545},{\"@type\":\"BreadcrumbList\",\"@id\":\"https:\\\/\\\/itemm.fr\\\/itemm\\\/yannick-laridon-le-scientifique-devenu-docteur-des-accordeons-a-riom\\\/#breadcrumb\",\"itemListElement\":[{\"@type\":\"ListItem\",\"position\":1,\"name\":\"Accueil\",\"item\":\"https:\\\/\\\/itemm.fr\\\/itemm\\\/\"},{\"@type\":\"ListItem\",\"position\":2,\"name\":\"Yannick Laridon, le scientifique devenu \u00ab docteur \u00bb des accord\u00e9ons \u00e0 Riom\"}]},{\"@type\":\"WebSite\",\"@id\":\"https:\\\/\\\/itemm.fr\\\/itemm\\\/#website\",\"url\":\"https:\\\/\\\/itemm.fr\\\/itemm\\\/\",\"name\":\"Itemm\",\"description\":\"Institut technologique europ\u00e9en des m\u00e9tiers de la musique au Mans (72)\",\"publisher\":{\"@id\":\"https:\\\/\\\/itemm.fr\\\/itemm\\\/#organization\"},\"potentialAction\":[{\"@type\":\"SearchAction\",\"target\":{\"@type\":\"EntryPoint\",\"urlTemplate\":\"https:\\\/\\\/itemm.fr\\\/itemm\\\/?s={search_term_string}\"},\"query-input\":{\"@type\":\"PropertyValueSpecification\",\"valueRequired\":true,\"valueName\":\"search_term_string\"}}],\"inLanguage\":\"fr-FR\"},{\"@type\":\"Organization\",\"@id\":\"https:\\\/\\\/itemm.fr\\\/itemm\\\/#organization\",\"name\":\"ITEMM\",\"alternateName\":\"ITEMM\",\"url\":\"https:\\\/\\\/itemm.fr\\\/itemm\\\/\",\"logo\":{\"@type\":\"ImageObject\",\"inLanguage\":\"fr-FR\",\"@id\":\"https:\\\/\\\/itemm.fr\\\/itemm\\\/#\\\/schema\\\/logo\\\/image\\\/\",\"url\":\"https:\\\/\\\/itemm.fr\\\/itemm\\\/wp-content\\\/uploads\\\/2021\\\/12\\\/logo-itemm-piano-on.png\",\"contentUrl\":\"https:\\\/\\\/itemm.fr\\\/itemm\\\/wp-content\\\/uploads\\\/2021\\\/12\\\/logo-itemm-piano-on.png\",\"width\":446,\"height\":294,\"caption\":\"ITEMM\"},\"image\":{\"@id\":\"https:\\\/\\\/itemm.fr\\\/itemm\\\/#\\\/schema\\\/logo\\\/image\\\/\"},\"sameAs\":[\"https:\\\/\\\/www.facebook.com\\\/itemm.lemans\",\"https:\\\/\\\/www.instagram.com\\\/itemmlemans\\\/\",\"https:\\\/\\\/www.linkedin.com\\\/in\\\/itemm\\\/\"]},{\"@type\":\"Person\",\"@id\":\"https:\\\/\\\/itemm.fr\\\/itemm\\\/#\\\/schema\\\/person\\\/37d1ada7958a6232148f9ef96178ccd3\",\"name\":\"cedric.charrier\",\"image\":{\"@type\":\"ImageObject\",\"inLanguage\":\"fr-FR\",\"@id\":\"https:\\\/\\\/itemm.fr\\\/itemm\\\/wp-content\\\/litespeed\\\/avatar\\\/6b2a3f567f020e8b4afbfd33154a4be6.jpg?ver=1776860820\",\"url\":\"https:\\\/\\\/itemm.fr\\\/itemm\\\/wp-content\\\/litespeed\\\/avatar\\\/6b2a3f567f020e8b4afbfd33154a4be6.jpg?ver=1776860820\",\"contentUrl\":\"https:\\\/\\\/itemm.fr\\\/itemm\\\/wp-content\\\/litespeed\\\/avatar\\\/6b2a3f567f020e8b4afbfd33154a4be6.jpg?ver=1776860820\",\"caption\":\"cedric.charrier\"},\"url\":\"https:\\\/\\\/itemm.fr\\\/itemm\\\/author\\\/cedric\\\/\"}]}<\/script>\n<!-- \/ Yoast SEO plugin. -->","yoast_head_json":{"title":"Yannick Laridon, le scientifique devenu \u00ab docteur \u00bb des accord\u00e9ons \u00e0 Riom | Itemm -","description":"D\u00e9couvrez Yannick Laridon, ancien biologiste reconverti en r\u00e9parateur d'accord\u00e9ons. Dipl\u00f4m\u00e9 de ITEMM, cet artisan redonne vie aux accord\u00e9ons","robots":{"index":"index","follow":"follow","max-snippet":"max-snippet:-1","max-image-preview":"max-image-preview:large","max-video-preview":"max-video-preview:-1"},"canonical":"https:\/\/itemm.fr\/itemm\/yannick-laridon-le-scientifique-devenu-docteur-des-accordeons-a-riom\/","og_locale":"fr_FR","og_type":"article","og_title":"Yannick Laridon, le scientifique devenu \u00ab docteur \u00bb des accord\u00e9ons \u00e0 Riom | Itemm -","og_description":"D\u00e9couvrez Yannick Laridon, ancien biologiste reconverti en r\u00e9parateur d'accord\u00e9ons. Dipl\u00f4m\u00e9 de ITEMM, cet artisan redonne vie aux accord\u00e9ons","og_url":"https:\/\/itemm.fr\/itemm\/yannick-laridon-le-scientifique-devenu-docteur-des-accordeons-a-riom\/","og_site_name":"Itemm -","article_publisher":"https:\/\/www.facebook.com\/itemm.lemans","article_published_time":"2026-04-28T09:21:59+00:00","article_modified_time":"2026-04-28T09:22:53+00:00","og_image":[{"width":970,"height":545,"url":"https:\/\/itemm.fr\/itemm\/wp-content\/uploads\/2025\/09\/article-ancien-eleve.jpg","type":"image\/jpeg"}],"author":"cedric.charrier","schema":{"@context":"https:\/\/schema.org","@graph":[{"@type":"Article","@id":"https:\/\/itemm.fr\/itemm\/yannick-laridon-le-scientifique-devenu-docteur-des-accordeons-a-riom\/#article","isPartOf":{"@id":"https:\/\/itemm.fr\/itemm\/yannick-laridon-le-scientifique-devenu-docteur-des-accordeons-a-riom\/"},"author":{"name":"cedric.charrier","@id":"https:\/\/itemm.fr\/itemm\/#\/schema\/person\/37d1ada7958a6232148f9ef96178ccd3"},"headline":"Yannick Laridon, le scientifique devenu \u00ab docteur \u00bb des accord\u00e9ons \u00e0 Riom","datePublished":"2026-04-28T09:21:59+00:00","dateModified":"2026-04-28T09:22:53+00:00","mainEntityOfPage":{"@id":"https:\/\/itemm.fr\/itemm\/yannick-laridon-le-scientifique-devenu-docteur-des-accordeons-a-riom\/"},"wordCount":426,"publisher":{"@id":"https:\/\/itemm.fr\/itemm\/#organization"},"image":{"@id":"https:\/\/itemm.fr\/itemm\/yannick-laridon-le-scientifique-devenu-docteur-des-accordeons-a-riom\/#primaryimage"},"thumbnailUrl":"https:\/\/itemm.fr\/itemm\/wp-content\/uploads\/2025\/09\/article-ancien-eleve.jpg","articleSection":["anciens \u00e9l\u00e8ves"],"inLanguage":"fr-FR"},{"@type":"WebPage","@id":"https:\/\/itemm.fr\/itemm\/yannick-laridon-le-scientifique-devenu-docteur-des-accordeons-a-riom\/","url":"https:\/\/itemm.fr\/itemm\/yannick-laridon-le-scientifique-devenu-docteur-des-accordeons-a-riom\/","name":"Yannick Laridon, le scientifique devenu \u00ab docteur \u00bb des accord\u00e9ons \u00e0 Riom | Itemm -","isPartOf":{"@id":"https:\/\/itemm.fr\/itemm\/#website"},"primaryImageOfPage":{"@id":"https:\/\/itemm.fr\/itemm\/yannick-laridon-le-scientifique-devenu-docteur-des-accordeons-a-riom\/#primaryimage"},"image":{"@id":"https:\/\/itemm.fr\/itemm\/yannick-laridon-le-scientifique-devenu-docteur-des-accordeons-a-riom\/#primaryimage"},"thumbnailUrl":"https:\/\/itemm.fr\/itemm\/wp-content\/uploads\/2025\/09\/article-ancien-eleve.jpg","datePublished":"2026-04-28T09:21:59+00:00","dateModified":"2026-04-28T09:22:53+00:00","description":"D\u00e9couvrez Yannick Laridon, ancien biologiste reconverti en r\u00e9parateur d'accord\u00e9ons. Dipl\u00f4m\u00e9 de ITEMM, cet artisan redonne vie aux accord\u00e9ons","breadcrumb":{"@id":"https:\/\/itemm.fr\/itemm\/yannick-laridon-le-scientifique-devenu-docteur-des-accordeons-a-riom\/#breadcrumb"},"inLanguage":"fr-FR","potentialAction":[{"@type":"ReadAction","target":["https:\/\/itemm.fr\/itemm\/yannick-laridon-le-scientifique-devenu-docteur-des-accordeons-a-riom\/"]}]},{"@type":"ImageObject","inLanguage":"fr-FR","@id":"https:\/\/itemm.fr\/itemm\/yannick-laridon-le-scientifique-devenu-docteur-des-accordeons-a-riom\/#primaryimage","url":"https:\/\/itemm.fr\/itemm\/wp-content\/uploads\/2025\/09\/article-ancien-eleve.jpg","contentUrl":"https:\/\/itemm.fr\/itemm\/wp-content\/uploads\/2025\/09\/article-ancien-eleve.jpg","width":970,"height":545},{"@type":"BreadcrumbList","@id":"https:\/\/itemm.fr\/itemm\/yannick-laridon-le-scientifique-devenu-docteur-des-accordeons-a-riom\/#breadcrumb","itemListElement":[{"@type":"ListItem","position":1,"name":"Accueil","item":"https:\/\/itemm.fr\/itemm\/"},{"@type":"ListItem","position":2,"name":"Yannick Laridon, le scientifique devenu \u00ab docteur \u00bb des accord\u00e9ons \u00e0 Riom"}]},{"@type":"WebSite","@id":"https:\/\/itemm.fr\/itemm\/#website","url":"https:\/\/itemm.fr\/itemm\/","name":"Itemm","description":"Institut technologique europ\u00e9en des m\u00e9tiers de la musique au Mans (72)","publisher":{"@id":"https:\/\/itemm.fr\/itemm\/#organization"},"potentialAction":[{"@type":"SearchAction","target":{"@type":"EntryPoint","urlTemplate":"https:\/\/itemm.fr\/itemm\/?s={search_term_string}"},"query-input":{"@type":"PropertyValueSpecification","valueRequired":true,"valueName":"search_term_string"}}],"inLanguage":"fr-FR"},{"@type":"Organization","@id":"https:\/\/itemm.fr\/itemm\/#organization","name":"ITEMM","alternateName":"ITEMM","url":"https:\/\/itemm.fr\/itemm\/","logo":{"@type":"ImageObject","inLanguage":"fr-FR","@id":"https:\/\/itemm.fr\/itemm\/#\/schema\/logo\/image\/","url":"https:\/\/itemm.fr\/itemm\/wp-content\/uploads\/2021\/12\/logo-itemm-piano-on.png","contentUrl":"https:\/\/itemm.fr\/itemm\/wp-content\/uploads\/2021\/12\/logo-itemm-piano-on.png","width":446,"height":294,"caption":"ITEMM"},"image":{"@id":"https:\/\/itemm.fr\/itemm\/#\/schema\/logo\/image\/"},"sameAs":["https:\/\/www.facebook.com\/itemm.lemans","https:\/\/www.instagram.com\/itemmlemans\/","https:\/\/www.linkedin.com\/in\/itemm\/"]},{"@type":"Person","@id":"https:\/\/itemm.fr\/itemm\/#\/schema\/person\/37d1ada7958a6232148f9ef96178ccd3","name":"cedric.charrier","image":{"@type":"ImageObject","inLanguage":"fr-FR","@id":"https:\/\/itemm.fr\/itemm\/wp-content\/litespeed\/avatar\/6b2a3f567f020e8b4afbfd33154a4be6.jpg?ver=1776860820","url":"https:\/\/itemm.fr\/itemm\/wp-content\/litespeed\/avatar\/6b2a3f567f020e8b4afbfd33154a4be6.jpg?ver=1776860820","contentUrl":"https:\/\/itemm.fr\/itemm\/wp-content\/litespeed\/avatar\/6b2a3f567f020e8b4afbfd33154a4be6.jpg?ver=1776860820","caption":"cedric.charrier"},"url":"https:\/\/itemm.fr\/itemm\/author\/cedric\/"}]}},"_links":{"self":[{"href":"https:\/\/itemm.fr\/itemm\/wp-json\/wp\/v2\/posts\/62264","targetHints":{"allow":["GET"]}}],"collection":[{"href":"https:\/\/itemm.fr\/itemm\/wp-json\/wp\/v2\/posts"}],"about":[{"href":"https:\/\/itemm.fr\/itemm\/wp-json\/wp\/v2\/types\/post"}],"author":[{"embeddable":true,"href":"https:\/\/itemm.fr\/itemm\/wp-json\/wp\/v2\/users\/3004"}],"replies":[{"embeddable":true,"href":"https:\/\/itemm.fr\/itemm\/wp-json\/wp\/v2\/comments?post=62264"}],"version-history":[{"count":2,"href":"https:\/\/itemm.fr\/itemm\/wp-json\/wp\/v2\/posts\/62264\/revisions"}],"predecessor-version":[{"id":62266,"href":"https:\/\/itemm.fr\/itemm\/wp-json\/wp\/v2\/posts\/62264\/revisions\/62266"}],"wp:featuredmedia":[{"embeddable":true,"href":"https:\/\/itemm.fr\/itemm\/wp-json\/wp\/v2\/media\/61517"}],"wp:attachment":[{"href":"https:\/\/itemm.fr\/itemm\/wp-json\/wp\/v2\/media?parent=62264"}],"wp:term":[{"taxonomy":"category","embeddable":true,"href":"https:\/\/itemm.fr\/itemm\/wp-json\/wp\/v2\/categories?post=62264"},{"taxonomy":"post_tag","embeddable":true,"href":"https:\/\/itemm.fr\/itemm\/wp-json\/wp\/v2\/tags?post=62264"}],"curies":[{"name":"wp","href":"https:\/\/api.w.org\/{rel}","templated":true}]}}