{"id":58532,"date":"2025-04-24T17:09:57","date_gmt":"2025-04-24T15:09:57","guid":{"rendered":"https:\/\/itemm.fr\/itemm\/?p=58532"},"modified":"2025-04-25T11:42:31","modified_gmt":"2025-04-25T09:42:31","slug":"immersion-des-alternants-en-commerce-chez-yamaha-et-les-magasins-de-musique-a-paris-avril-2025","status":"publish","type":"post","link":"https:\/\/itemm.fr\/itemm\/immersion-des-alternants-en-commerce-chez-yamaha-et-les-magasins-de-musique-a-paris-avril-2025\/","title":{"rendered":"Voyage p\u00e9dagogique des MUM chez Yamaha Music et \u00e0 Paris"},"content":{"rendered":"<p>Mercredi 23 avril 2025, nos \u00e9tudiants de 2e ann\u00e9e en section Commerce MUM ont v\u00e9cu une journ\u00e9e riche en d\u00e9couvertes et en immersion dans le monde du commerce musical !<strong><br \/>\n<\/strong>Le matin, ils ont \u00e9t\u00e9 accueillis au si\u00e8ge fran\u00e7ais de <strong>Yamaha Music Europe<\/strong> pour une pr\u00e9sentation inspirante de l\u2019entreprise, suivie d\u2019une visite des diff\u00e9rents showrooms (pianos, promusic, home audio, audio pro) et du stock.<br \/>\nUn immense merci \u00e0 toute l\u2019\u00e9quipe Yamaha pour leur accueil chaleureux et professionnel !<br \/>\n<strong>L\u2019apr\u00e8s-midi, direction les magasins embl\u00e9matiques de la musique \u00e0 Paris !<\/strong><br \/>\nEntre \u00e9choppes sp\u00e9cialis\u00e9es comme la baguetterie, le gaucher, la pedale, saxmachine, et enseignes g\u00e9n\u00e9ralistes comme star&#8217;s music, nos apprenants ont pu observer la diversit\u00e9 des acteurs du secteur et mieux comprendre les r\u00e9alit\u00e9s du terrain.<br \/>\nUne journ\u00e9e au c\u0153ur du m\u00e9tier, entre passion, commerce et musique \u2728<\/p>\n<p><a href=\"https:\/\/itemm.fr\/itemm\/wp-content\/uploads\/2025\/04\/IMG_20250423_111311_269-scaled.jpg\"><img fetchpriority=\"high\" decoding=\"async\" class=\"alignnone size-medium wp-image-58542\" src=\"https:\/\/itemm.fr\/itemm\/wp-content\/uploads\/2025\/04\/IMG_20250423_111311_269-300x226.jpg\" alt=\"\" width=\"300\" height=\"226\" srcset=\"https:\/\/itemm.fr\/itemm\/wp-content\/uploads\/2025\/04\/IMG_20250423_111311_269-300x226.jpg 300w, https:\/\/itemm.fr\/itemm\/wp-content\/uploads\/2025\/04\/IMG_20250423_111311_269-scaled-600x452.jpg 600w, https:\/\/itemm.fr\/itemm\/wp-content\/uploads\/2025\/04\/IMG_20250423_111311_269-1024x771.jpg 1024w, https:\/\/itemm.fr\/itemm\/wp-content\/uploads\/2025\/04\/IMG_20250423_111311_269-768x578.jpg 768w, https:\/\/itemm.fr\/itemm\/wp-content\/uploads\/2025\/04\/IMG_20250423_111311_269-1536x1157.jpg 1536w, https:\/\/itemm.fr\/itemm\/wp-content\/uploads\/2025\/04\/IMG_20250423_111311_269-2048x1542.jpg 2048w\" sizes=\"(max-width: 300px) 100vw, 300px\" \/><\/a> <a href=\"https:\/\/itemm.fr\/itemm\/wp-content\/uploads\/2025\/04\/IMG_20250423_112414_912-scaled.jpg\"><img decoding=\"async\" class=\"alignnone size-medium wp-image-58541\" src=\"https:\/\/itemm.fr\/itemm\/wp-content\/uploads\/2025\/04\/IMG_20250423_112414_912-300x226.jpg\" alt=\"\" width=\"300\" height=\"226\" srcset=\"https:\/\/itemm.fr\/itemm\/wp-content\/uploads\/2025\/04\/IMG_20250423_112414_912-300x226.jpg 300w, https:\/\/itemm.fr\/itemm\/wp-content\/uploads\/2025\/04\/IMG_20250423_112414_912-scaled-600x452.jpg 600w, https:\/\/itemm.fr\/itemm\/wp-content\/uploads\/2025\/04\/IMG_20250423_112414_912-1024x771.jpg 1024w, https:\/\/itemm.fr\/itemm\/wp-content\/uploads\/2025\/04\/IMG_20250423_112414_912-768x578.jpg 768w, https:\/\/itemm.fr\/itemm\/wp-content\/uploads\/2025\/04\/IMG_20250423_112414_912-1536x1157.jpg 1536w, https:\/\/itemm.fr\/itemm\/wp-content\/uploads\/2025\/04\/IMG_20250423_112414_912-2048x1542.jpg 2048w\" sizes=\"(max-width: 300px) 100vw, 300px\" \/><\/a> <a href=\"https:\/\/itemm.fr\/itemm\/wp-content\/uploads\/2025\/04\/IMG_20250423_113039_136-scaled.jpg\"><img decoding=\"async\" class=\"alignnone size-medium wp-image-58540\" src=\"https:\/\/itemm.fr\/itemm\/wp-content\/uploads\/2025\/04\/IMG_20250423_113039_136-300x226.jpg\" alt=\"\" width=\"300\" height=\"226\" srcset=\"https:\/\/itemm.fr\/itemm\/wp-content\/uploads\/2025\/04\/IMG_20250423_113039_136-300x226.jpg 300w, https:\/\/itemm.fr\/itemm\/wp-content\/uploads\/2025\/04\/IMG_20250423_113039_136-scaled-600x452.jpg 600w, https:\/\/itemm.fr\/itemm\/wp-content\/uploads\/2025\/04\/IMG_20250423_113039_136-1024x771.jpg 1024w, https:\/\/itemm.fr\/itemm\/wp-content\/uploads\/2025\/04\/IMG_20250423_113039_136-768x578.jpg 768w, https:\/\/itemm.fr\/itemm\/wp-content\/uploads\/2025\/04\/IMG_20250423_113039_136-1536x1157.jpg 1536w, https:\/\/itemm.fr\/itemm\/wp-content\/uploads\/2025\/04\/IMG_20250423_113039_136-2048x1542.jpg 2048w\" sizes=\"(max-width: 300px) 100vw, 300px\" \/><\/a> <a href=\"https:\/\/itemm.fr\/itemm\/wp-content\/uploads\/2025\/04\/IMG_20250423_120423_925-scaled.jpg\"><img loading=\"lazy\" decoding=\"async\" class=\"alignnone size-medium wp-image-58536\" src=\"https:\/\/itemm.fr\/itemm\/wp-content\/uploads\/2025\/04\/IMG_20250423_120423_925-300x226.jpg\" alt=\"\" width=\"300\" height=\"226\" srcset=\"https:\/\/itemm.fr\/itemm\/wp-content\/uploads\/2025\/04\/IMG_20250423_120423_925-300x226.jpg 300w, https:\/\/itemm.fr\/itemm\/wp-content\/uploads\/2025\/04\/IMG_20250423_120423_925-scaled-600x452.jpg 600w, https:\/\/itemm.fr\/itemm\/wp-content\/uploads\/2025\/04\/IMG_20250423_120423_925-1024x771.jpg 1024w, https:\/\/itemm.fr\/itemm\/wp-content\/uploads\/2025\/04\/IMG_20250423_120423_925-768x578.jpg 768w, https:\/\/itemm.fr\/itemm\/wp-content\/uploads\/2025\/04\/IMG_20250423_120423_925-1536x1157.jpg 1536w, https:\/\/itemm.fr\/itemm\/wp-content\/uploads\/2025\/04\/IMG_20250423_120423_925-2048x1542.jpg 2048w\" sizes=\"(max-width: 300px) 100vw, 300px\" \/><\/a> <a href=\"https:\/\/itemm.fr\/itemm\/wp-content\/uploads\/2025\/04\/IMG_20250423_123627_024-scaled.jpg\"><img loading=\"lazy\" decoding=\"async\" class=\"alignnone size-medium wp-image-58535\" src=\"https:\/\/itemm.fr\/itemm\/wp-content\/uploads\/2025\/04\/IMG_20250423_123627_024-300x226.jpg\" alt=\"\" width=\"300\" height=\"226\" srcset=\"https:\/\/itemm.fr\/itemm\/wp-content\/uploads\/2025\/04\/IMG_20250423_123627_024-300x226.jpg 300w, https:\/\/itemm.fr\/itemm\/wp-content\/uploads\/2025\/04\/IMG_20250423_123627_024-scaled-600x452.jpg 600w, https:\/\/itemm.fr\/itemm\/wp-content\/uploads\/2025\/04\/IMG_20250423_123627_024-1024x771.jpg 1024w, https:\/\/itemm.fr\/itemm\/wp-content\/uploads\/2025\/04\/IMG_20250423_123627_024-768x578.jpg 768w, https:\/\/itemm.fr\/itemm\/wp-content\/uploads\/2025\/04\/IMG_20250423_123627_024-1536x1157.jpg 1536w, https:\/\/itemm.fr\/itemm\/wp-content\/uploads\/2025\/04\/IMG_20250423_123627_024-2048x1542.jpg 2048w\" sizes=\"(max-width: 300px) 100vw, 300px\" \/><\/a><\/p>\n","protected":false},"excerpt":{"rendered":"<p>Mercredi 23 avril 2025, nos \u00e9tudiants de 2e ann\u00e9e en section Commerce MUM ont v\u00e9cu une journ\u00e9e riche en d\u00e9couvertes et en immersion dans le monde du commerce musical ! Le matin, ils ont \u00e9t\u00e9 accueillis au si\u00e8ge fran\u00e7ais de Yamaha Music Europe pour une pr\u00e9sentation inspirante de l\u2019entreprise, suivie d\u2019une visite des diff\u00e9rents showrooms&hellip;<\/p>\n","protected":false},"author":3004,"featured_media":58533,"comment_status":"closed","ping_status":"closed","sticky":false,"template":"","format":"standard","meta":{"_acf_changed":false,"footnotes":""},"categories":[2197,2644,2109,358],"tags":[312,2873,3182],"class_list":["post-58532","post","type-post","status-publish","format-standard","has-post-thumbnail","hentry","category-actualites","category-apprenant","category-entreprises","category-evenements","tag-sonorisation","tag-voyage","tag-yamaha","category-2197","category-2644","category-2109","category-358","description-off"],"acf":[],"yoast_head":"<!-- This site is optimized with the Yoast SEO plugin v27.4 - https:\/\/yoast.com\/product\/yoast-seo-wordpress\/ -->\n<title>Voyage p\u00e9dagogique des MUM chez Yamaha Music et \u00e0 Paris | Itemm -<\/title>\n<meta name=\"description\" content=\"Le 23 avril 2025, les \u00e9tudiants de 2e ann\u00e9e en Commerce MUM ont visit\u00e9 Yamaha Music France et les grandes enseignes musicales de Paris. Une journ\u00e9e riche en apprentissages autour du commerce musical !\" \/>\n<meta name=\"robots\" content=\"index, follow, max-snippet:-1, max-image-preview:large, max-video-preview:-1\" \/>\n<link rel=\"canonical\" href=\"https:\/\/itemm.fr\/itemm\/immersion-des-alternants-en-commerce-chez-yamaha-et-les-magasins-de-musique-a-paris-avril-2025\/\" \/>\n<meta property=\"og:locale\" content=\"fr_FR\" \/>\n<meta property=\"og:type\" content=\"article\" \/>\n<meta property=\"og:title\" content=\"Voyage p\u00e9dagogique des MUM chez Yamaha Music et \u00e0 Paris | Itemm -\" \/>\n<meta property=\"og:description\" content=\"Le 23 avril 2025, les \u00e9tudiants de 2e ann\u00e9e en Commerce MUM ont visit\u00e9 Yamaha Music France et les grandes enseignes musicales de Paris. Une journ\u00e9e riche en apprentissages autour du commerce musical !\" \/>\n<meta property=\"og:url\" content=\"https:\/\/itemm.fr\/itemm\/immersion-des-alternants-en-commerce-chez-yamaha-et-les-magasins-de-musique-a-paris-avril-2025\/\" \/>\n<meta property=\"og:site_name\" content=\"Itemm -\" \/>\n<meta property=\"article:publisher\" content=\"https:\/\/www.facebook.com\/itemm.lemans\" \/>\n<meta property=\"article:published_time\" content=\"2025-04-24T15:09:57+00:00\" \/>\n<meta property=\"article:modified_time\" content=\"2025-04-25T09:42:31+00:00\" \/>\n<meta property=\"og:image\" content=\"https:\/\/itemm.fr\/itemm\/wp-content\/uploads\/2025\/04\/IMG_20250423_164239_573-scaled.jpg\" \/>\n\t<meta property=\"og:image:width\" content=\"2560\" \/>\n\t<meta property=\"og:image:height\" content=\"1928\" \/>\n\t<meta property=\"og:image:type\" content=\"image\/jpeg\" \/>\n<meta name=\"author\" content=\"cedric.charrier\" \/>\n<script type=\"application\/ld+json\" class=\"yoast-schema-graph\">{\"@context\":\"https:\\\/\\\/schema.org\",\"@graph\":[{\"@type\":\"Article\",\"@id\":\"https:\\\/\\\/itemm.fr\\\/itemm\\\/immersion-des-alternants-en-commerce-chez-yamaha-et-les-magasins-de-musique-a-paris-avril-2025\\\/#article\",\"isPartOf\":{\"@id\":\"https:\\\/\\\/itemm.fr\\\/itemm\\\/immersion-des-alternants-en-commerce-chez-yamaha-et-les-magasins-de-musique-a-paris-avril-2025\\\/\"},\"author\":{\"name\":\"cedric.charrier\",\"@id\":\"https:\\\/\\\/itemm.fr\\\/itemm\\\/#\\\/schema\\\/person\\\/37d1ada7958a6232148f9ef96178ccd3\"},\"headline\":\"Voyage p\u00e9dagogique des MUM chez Yamaha Music et \u00e0 Paris\",\"datePublished\":\"2025-04-24T15:09:57+00:00\",\"dateModified\":\"2025-04-25T09:42:31+00:00\",\"mainEntityOfPage\":{\"@id\":\"https:\\\/\\\/itemm.fr\\\/itemm\\\/immersion-des-alternants-en-commerce-chez-yamaha-et-les-magasins-de-musique-a-paris-avril-2025\\\/\"},\"wordCount\":162,\"publisher\":{\"@id\":\"https:\\\/\\\/itemm.fr\\\/itemm\\\/#organization\"},\"image\":{\"@id\":\"https:\\\/\\\/itemm.fr\\\/itemm\\\/immersion-des-alternants-en-commerce-chez-yamaha-et-les-magasins-de-musique-a-paris-avril-2025\\\/#primaryimage\"},\"thumbnailUrl\":\"https:\\\/\\\/itemm.fr\\\/itemm\\\/wp-content\\\/uploads\\\/2025\\\/04\\\/IMG_20250423_164239_573-scaled.jpg\",\"keywords\":[\"sonorisation\",\"voyage\",\"yamaha\"],\"articleSection\":[\"Actualit\u00e9s\",\"apprenant\",\"entreprises\",\"\u00e9venements\"],\"inLanguage\":\"fr-FR\"},{\"@type\":\"WebPage\",\"@id\":\"https:\\\/\\\/itemm.fr\\\/itemm\\\/immersion-des-alternants-en-commerce-chez-yamaha-et-les-magasins-de-musique-a-paris-avril-2025\\\/\",\"url\":\"https:\\\/\\\/itemm.fr\\\/itemm\\\/immersion-des-alternants-en-commerce-chez-yamaha-et-les-magasins-de-musique-a-paris-avril-2025\\\/\",\"name\":\"Voyage p\u00e9dagogique des MUM chez Yamaha Music et \u00e0 Paris | Itemm -\",\"isPartOf\":{\"@id\":\"https:\\\/\\\/itemm.fr\\\/itemm\\\/#website\"},\"primaryImageOfPage\":{\"@id\":\"https:\\\/\\\/itemm.fr\\\/itemm\\\/immersion-des-alternants-en-commerce-chez-yamaha-et-les-magasins-de-musique-a-paris-avril-2025\\\/#primaryimage\"},\"image\":{\"@id\":\"https:\\\/\\\/itemm.fr\\\/itemm\\\/immersion-des-alternants-en-commerce-chez-yamaha-et-les-magasins-de-musique-a-paris-avril-2025\\\/#primaryimage\"},\"thumbnailUrl\":\"https:\\\/\\\/itemm.fr\\\/itemm\\\/wp-content\\\/uploads\\\/2025\\\/04\\\/IMG_20250423_164239_573-scaled.jpg\",\"datePublished\":\"2025-04-24T15:09:57+00:00\",\"dateModified\":\"2025-04-25T09:42:31+00:00\",\"description\":\"Le 23 avril 2025, les \u00e9tudiants de 2e ann\u00e9e en Commerce MUM ont visit\u00e9 Yamaha Music France et les grandes enseignes musicales de Paris. Une journ\u00e9e riche en apprentissages autour du commerce musical !\",\"breadcrumb\":{\"@id\":\"https:\\\/\\\/itemm.fr\\\/itemm\\\/immersion-des-alternants-en-commerce-chez-yamaha-et-les-magasins-de-musique-a-paris-avril-2025\\\/#breadcrumb\"},\"inLanguage\":\"fr-FR\",\"potentialAction\":[{\"@type\":\"ReadAction\",\"target\":[\"https:\\\/\\\/itemm.fr\\\/itemm\\\/immersion-des-alternants-en-commerce-chez-yamaha-et-les-magasins-de-musique-a-paris-avril-2025\\\/\"]}]},{\"@type\":\"ImageObject\",\"inLanguage\":\"fr-FR\",\"@id\":\"https:\\\/\\\/itemm.fr\\\/itemm\\\/immersion-des-alternants-en-commerce-chez-yamaha-et-les-magasins-de-musique-a-paris-avril-2025\\\/#primaryimage\",\"url\":\"https:\\\/\\\/itemm.fr\\\/itemm\\\/wp-content\\\/uploads\\\/2025\\\/04\\\/IMG_20250423_164239_573-scaled.jpg\",\"contentUrl\":\"https:\\\/\\\/itemm.fr\\\/itemm\\\/wp-content\\\/uploads\\\/2025\\\/04\\\/IMG_20250423_164239_573-scaled.jpg\",\"width\":2560,\"height\":1928},{\"@type\":\"BreadcrumbList\",\"@id\":\"https:\\\/\\\/itemm.fr\\\/itemm\\\/immersion-des-alternants-en-commerce-chez-yamaha-et-les-magasins-de-musique-a-paris-avril-2025\\\/#breadcrumb\",\"itemListElement\":[{\"@type\":\"ListItem\",\"position\":1,\"name\":\"Accueil\",\"item\":\"https:\\\/\\\/itemm.fr\\\/itemm\\\/\"},{\"@type\":\"ListItem\",\"position\":2,\"name\":\"Voyage p\u00e9dagogique des MUM chez Yamaha Music et \u00e0 Paris\"}]},{\"@type\":\"WebSite\",\"@id\":\"https:\\\/\\\/itemm.fr\\\/itemm\\\/#website\",\"url\":\"https:\\\/\\\/itemm.fr\\\/itemm\\\/\",\"name\":\"Itemm\",\"description\":\"Institut technologique europ\u00e9en des m\u00e9tiers de la musique au Mans (72)\",\"publisher\":{\"@id\":\"https:\\\/\\\/itemm.fr\\\/itemm\\\/#organization\"},\"potentialAction\":[{\"@type\":\"SearchAction\",\"target\":{\"@type\":\"EntryPoint\",\"urlTemplate\":\"https:\\\/\\\/itemm.fr\\\/itemm\\\/?s={search_term_string}\"},\"query-input\":{\"@type\":\"PropertyValueSpecification\",\"valueRequired\":true,\"valueName\":\"search_term_string\"}}],\"inLanguage\":\"fr-FR\"},{\"@type\":\"Organization\",\"@id\":\"https:\\\/\\\/itemm.fr\\\/itemm\\\/#organization\",\"name\":\"ITEMM\",\"alternateName\":\"ITEMM\",\"url\":\"https:\\\/\\\/itemm.fr\\\/itemm\\\/\",\"logo\":{\"@type\":\"ImageObject\",\"inLanguage\":\"fr-FR\",\"@id\":\"https:\\\/\\\/itemm.fr\\\/itemm\\\/#\\\/schema\\\/logo\\\/image\\\/\",\"url\":\"https:\\\/\\\/itemm.fr\\\/itemm\\\/wp-content\\\/uploads\\\/2021\\\/12\\\/logo-itemm-piano-on.png\",\"contentUrl\":\"https:\\\/\\\/itemm.fr\\\/itemm\\\/wp-content\\\/uploads\\\/2021\\\/12\\\/logo-itemm-piano-on.png\",\"width\":446,\"height\":294,\"caption\":\"ITEMM\"},\"image\":{\"@id\":\"https:\\\/\\\/itemm.fr\\\/itemm\\\/#\\\/schema\\\/logo\\\/image\\\/\"},\"sameAs\":[\"https:\\\/\\\/www.facebook.com\\\/itemm.lemans\",\"https:\\\/\\\/www.instagram.com\\\/itemmlemans\\\/\",\"https:\\\/\\\/www.linkedin.com\\\/in\\\/itemm\\\/\"]},{\"@type\":\"Person\",\"@id\":\"https:\\\/\\\/itemm.fr\\\/itemm\\\/#\\\/schema\\\/person\\\/37d1ada7958a6232148f9ef96178ccd3\",\"name\":\"cedric.charrier\",\"image\":{\"@type\":\"ImageObject\",\"inLanguage\":\"fr-FR\",\"@id\":\"https:\\\/\\\/itemm.fr\\\/itemm\\\/wp-content\\\/litespeed\\\/avatar\\\/6b2a3f567f020e8b4afbfd33154a4be6.jpg?ver=1776860820\",\"url\":\"https:\\\/\\\/itemm.fr\\\/itemm\\\/wp-content\\\/litespeed\\\/avatar\\\/6b2a3f567f020e8b4afbfd33154a4be6.jpg?ver=1776860820\",\"contentUrl\":\"https:\\\/\\\/itemm.fr\\\/itemm\\\/wp-content\\\/litespeed\\\/avatar\\\/6b2a3f567f020e8b4afbfd33154a4be6.jpg?ver=1776860820\",\"caption\":\"cedric.charrier\"},\"url\":\"https:\\\/\\\/itemm.fr\\\/itemm\\\/author\\\/cedric\\\/\"}]}<\/script>\n<!-- \/ Yoast SEO plugin. -->","yoast_head_json":{"title":"Voyage p\u00e9dagogique des MUM chez Yamaha Music et \u00e0 Paris | Itemm -","description":"Le 23 avril 2025, les \u00e9tudiants de 2e ann\u00e9e en Commerce MUM ont visit\u00e9 Yamaha Music France et les grandes enseignes musicales de Paris. Une journ\u00e9e riche en apprentissages autour du commerce musical !","robots":{"index":"index","follow":"follow","max-snippet":"max-snippet:-1","max-image-preview":"max-image-preview:large","max-video-preview":"max-video-preview:-1"},"canonical":"https:\/\/itemm.fr\/itemm\/immersion-des-alternants-en-commerce-chez-yamaha-et-les-magasins-de-musique-a-paris-avril-2025\/","og_locale":"fr_FR","og_type":"article","og_title":"Voyage p\u00e9dagogique des MUM chez Yamaha Music et \u00e0 Paris | Itemm -","og_description":"Le 23 avril 2025, les \u00e9tudiants de 2e ann\u00e9e en Commerce MUM ont visit\u00e9 Yamaha Music France et les grandes enseignes musicales de Paris. Une journ\u00e9e riche en apprentissages autour du commerce musical !","og_url":"https:\/\/itemm.fr\/itemm\/immersion-des-alternants-en-commerce-chez-yamaha-et-les-magasins-de-musique-a-paris-avril-2025\/","og_site_name":"Itemm -","article_publisher":"https:\/\/www.facebook.com\/itemm.lemans","article_published_time":"2025-04-24T15:09:57+00:00","article_modified_time":"2025-04-25T09:42:31+00:00","og_image":[{"width":2560,"height":1928,"url":"https:\/\/itemm.fr\/itemm\/wp-content\/uploads\/2025\/04\/IMG_20250423_164239_573-scaled.jpg","type":"image\/jpeg"}],"author":"cedric.charrier","schema":{"@context":"https:\/\/schema.org","@graph":[{"@type":"Article","@id":"https:\/\/itemm.fr\/itemm\/immersion-des-alternants-en-commerce-chez-yamaha-et-les-magasins-de-musique-a-paris-avril-2025\/#article","isPartOf":{"@id":"https:\/\/itemm.fr\/itemm\/immersion-des-alternants-en-commerce-chez-yamaha-et-les-magasins-de-musique-a-paris-avril-2025\/"},"author":{"name":"cedric.charrier","@id":"https:\/\/itemm.fr\/itemm\/#\/schema\/person\/37d1ada7958a6232148f9ef96178ccd3"},"headline":"Voyage p\u00e9dagogique des MUM chez Yamaha Music et \u00e0 Paris","datePublished":"2025-04-24T15:09:57+00:00","dateModified":"2025-04-25T09:42:31+00:00","mainEntityOfPage":{"@id":"https:\/\/itemm.fr\/itemm\/immersion-des-alternants-en-commerce-chez-yamaha-et-les-magasins-de-musique-a-paris-avril-2025\/"},"wordCount":162,"publisher":{"@id":"https:\/\/itemm.fr\/itemm\/#organization"},"image":{"@id":"https:\/\/itemm.fr\/itemm\/immersion-des-alternants-en-commerce-chez-yamaha-et-les-magasins-de-musique-a-paris-avril-2025\/#primaryimage"},"thumbnailUrl":"https:\/\/itemm.fr\/itemm\/wp-content\/uploads\/2025\/04\/IMG_20250423_164239_573-scaled.jpg","keywords":["sonorisation","voyage","yamaha"],"articleSection":["Actualit\u00e9s","apprenant","entreprises","\u00e9venements"],"inLanguage":"fr-FR"},{"@type":"WebPage","@id":"https:\/\/itemm.fr\/itemm\/immersion-des-alternants-en-commerce-chez-yamaha-et-les-magasins-de-musique-a-paris-avril-2025\/","url":"https:\/\/itemm.fr\/itemm\/immersion-des-alternants-en-commerce-chez-yamaha-et-les-magasins-de-musique-a-paris-avril-2025\/","name":"Voyage p\u00e9dagogique des MUM chez Yamaha Music et \u00e0 Paris | Itemm -","isPartOf":{"@id":"https:\/\/itemm.fr\/itemm\/#website"},"primaryImageOfPage":{"@id":"https:\/\/itemm.fr\/itemm\/immersion-des-alternants-en-commerce-chez-yamaha-et-les-magasins-de-musique-a-paris-avril-2025\/#primaryimage"},"image":{"@id":"https:\/\/itemm.fr\/itemm\/immersion-des-alternants-en-commerce-chez-yamaha-et-les-magasins-de-musique-a-paris-avril-2025\/#primaryimage"},"thumbnailUrl":"https:\/\/itemm.fr\/itemm\/wp-content\/uploads\/2025\/04\/IMG_20250423_164239_573-scaled.jpg","datePublished":"2025-04-24T15:09:57+00:00","dateModified":"2025-04-25T09:42:31+00:00","description":"Le 23 avril 2025, les \u00e9tudiants de 2e ann\u00e9e en Commerce MUM ont visit\u00e9 Yamaha Music France et les grandes enseignes musicales de Paris. Une journ\u00e9e riche en apprentissages autour du commerce musical !","breadcrumb":{"@id":"https:\/\/itemm.fr\/itemm\/immersion-des-alternants-en-commerce-chez-yamaha-et-les-magasins-de-musique-a-paris-avril-2025\/#breadcrumb"},"inLanguage":"fr-FR","potentialAction":[{"@type":"ReadAction","target":["https:\/\/itemm.fr\/itemm\/immersion-des-alternants-en-commerce-chez-yamaha-et-les-magasins-de-musique-a-paris-avril-2025\/"]}]},{"@type":"ImageObject","inLanguage":"fr-FR","@id":"https:\/\/itemm.fr\/itemm\/immersion-des-alternants-en-commerce-chez-yamaha-et-les-magasins-de-musique-a-paris-avril-2025\/#primaryimage","url":"https:\/\/itemm.fr\/itemm\/wp-content\/uploads\/2025\/04\/IMG_20250423_164239_573-scaled.jpg","contentUrl":"https:\/\/itemm.fr\/itemm\/wp-content\/uploads\/2025\/04\/IMG_20250423_164239_573-scaled.jpg","width":2560,"height":1928},{"@type":"BreadcrumbList","@id":"https:\/\/itemm.fr\/itemm\/immersion-des-alternants-en-commerce-chez-yamaha-et-les-magasins-de-musique-a-paris-avril-2025\/#breadcrumb","itemListElement":[{"@type":"ListItem","position":1,"name":"Accueil","item":"https:\/\/itemm.fr\/itemm\/"},{"@type":"ListItem","position":2,"name":"Voyage p\u00e9dagogique des MUM chez Yamaha Music et \u00e0 Paris"}]},{"@type":"WebSite","@id":"https:\/\/itemm.fr\/itemm\/#website","url":"https:\/\/itemm.fr\/itemm\/","name":"Itemm","description":"Institut technologique europ\u00e9en des m\u00e9tiers de la musique au Mans (72)","publisher":{"@id":"https:\/\/itemm.fr\/itemm\/#organization"},"potentialAction":[{"@type":"SearchAction","target":{"@type":"EntryPoint","urlTemplate":"https:\/\/itemm.fr\/itemm\/?s={search_term_string}"},"query-input":{"@type":"PropertyValueSpecification","valueRequired":true,"valueName":"search_term_string"}}],"inLanguage":"fr-FR"},{"@type":"Organization","@id":"https:\/\/itemm.fr\/itemm\/#organization","name":"ITEMM","alternateName":"ITEMM","url":"https:\/\/itemm.fr\/itemm\/","logo":{"@type":"ImageObject","inLanguage":"fr-FR","@id":"https:\/\/itemm.fr\/itemm\/#\/schema\/logo\/image\/","url":"https:\/\/itemm.fr\/itemm\/wp-content\/uploads\/2021\/12\/logo-itemm-piano-on.png","contentUrl":"https:\/\/itemm.fr\/itemm\/wp-content\/uploads\/2021\/12\/logo-itemm-piano-on.png","width":446,"height":294,"caption":"ITEMM"},"image":{"@id":"https:\/\/itemm.fr\/itemm\/#\/schema\/logo\/image\/"},"sameAs":["https:\/\/www.facebook.com\/itemm.lemans","https:\/\/www.instagram.com\/itemmlemans\/","https:\/\/www.linkedin.com\/in\/itemm\/"]},{"@type":"Person","@id":"https:\/\/itemm.fr\/itemm\/#\/schema\/person\/37d1ada7958a6232148f9ef96178ccd3","name":"cedric.charrier","image":{"@type":"ImageObject","inLanguage":"fr-FR","@id":"https:\/\/itemm.fr\/itemm\/wp-content\/litespeed\/avatar\/6b2a3f567f020e8b4afbfd33154a4be6.jpg?ver=1776860820","url":"https:\/\/itemm.fr\/itemm\/wp-content\/litespeed\/avatar\/6b2a3f567f020e8b4afbfd33154a4be6.jpg?ver=1776860820","contentUrl":"https:\/\/itemm.fr\/itemm\/wp-content\/litespeed\/avatar\/6b2a3f567f020e8b4afbfd33154a4be6.jpg?ver=1776860820","caption":"cedric.charrier"},"url":"https:\/\/itemm.fr\/itemm\/author\/cedric\/"}]}},"_links":{"self":[{"href":"https:\/\/itemm.fr\/itemm\/wp-json\/wp\/v2\/posts\/58532","targetHints":{"allow":["GET"]}}],"collection":[{"href":"https:\/\/itemm.fr\/itemm\/wp-json\/wp\/v2\/posts"}],"about":[{"href":"https:\/\/itemm.fr\/itemm\/wp-json\/wp\/v2\/types\/post"}],"author":[{"embeddable":true,"href":"https:\/\/itemm.fr\/itemm\/wp-json\/wp\/v2\/users\/3004"}],"replies":[{"embeddable":true,"href":"https:\/\/itemm.fr\/itemm\/wp-json\/wp\/v2\/comments?post=58532"}],"version-history":[{"count":0,"href":"https:\/\/itemm.fr\/itemm\/wp-json\/wp\/v2\/posts\/58532\/revisions"}],"wp:featuredmedia":[{"embeddable":true,"href":"https:\/\/itemm.fr\/itemm\/wp-json\/wp\/v2\/media\/58533"}],"wp:attachment":[{"href":"https:\/\/itemm.fr\/itemm\/wp-json\/wp\/v2\/media?parent=58532"}],"wp:term":[{"taxonomy":"category","embeddable":true,"href":"https:\/\/itemm.fr\/itemm\/wp-json\/wp\/v2\/categories?post=58532"},{"taxonomy":"post_tag","embeddable":true,"href":"https:\/\/itemm.fr\/itemm\/wp-json\/wp\/v2\/tags?post=58532"}],"curies":[{"name":"wp","href":"https:\/\/api.w.org\/{rel}","templated":true}]}}