{"id":58405,"date":"2025-04-03T16:38:59","date_gmt":"2025-04-03T14:38:59","guid":{"rendered":"https:\/\/itemm.fr\/itemm\/?p=58405"},"modified":"2025-04-03T17:17:55","modified_gmt":"2025-04-03T15:17:55","slug":"pleniere-maestrafone-du-1er-avril-2025","status":"publish","type":"post","link":"https:\/\/itemm.fr\/itemm\/pleniere-maestrafone-du-1er-avril-2025\/","title":{"rendered":"Pl\u00e9ni\u00e8re Maestrafone du 1er avril 2025"},"content":{"rendered":"<div class=\"x11i5rnm xat24cr x1mh8g0r x1vvkbs xtlvy1s x126k92a\">\n<div dir=\"auto\">Mardi 1er avril 2025, l\u2019ITEMM a eu le plaisir d\u2019accueillir, sous le soleil, l\u2019ensemble du consortium du projet PRCE ANR (Agence Nationale de Recherche) Maestrafone pour une journ\u00e9e d\u00e9couverte du m\u00e9tier de luthier guitare.<\/div>\n<div dir=\"auto\">Cette journ\u00e9e a permis de nombreux \u00e9changes entre chercheurs et artisans luthiers pour alimenter la r\u00e9flexion sur la conception et l\u2019usage des mat\u00e9riaux architectur\u00e9s pour les tables d\u2019harmonie de guitare.<\/div>\n<\/div>\n<div class=\"x11i5rnm xat24cr x1mh8g0r x1vvkbs xtlvy1s x126k92a\">\n<div dir=\"auto\">Un grand merci \u00e0 Jean-Marie Fouilleul, luthier guitare de prestige pour le partage de son exp\u00e9rience et nombreux ses conseils tr\u00e8s enrichissants ! <span class=\"html-span xexx8yu x4uap5 x18d9i69 xkhd6sd x1hl2dhg x16tdsg8 x1vvkbs x3nfvp2 x1j61x8r x1fcty0u xdj266r xat24cr xgzva0m xhhsvwb xxymvpz xlup9mm x1kky2od\"><img decoding=\"async\" class=\"xz74otr x168nmei x13lgxp2 x5pf9jr xo71vjh\" src=\"https:\/\/static.xx.fbcdn.net\/images\/emoji.php\/v9\/tfe\/1\/16\/1f44f.png\" alt=\"\" width=\"16\" height=\"16\" \/><\/span><\/div>\n<\/div>\n<div class=\"x11i5rnm xat24cr x1mh8g0r x1vvkbs xtlvy1s x126k92a\">\n<div dir=\"auto\">Au plaisir de continuer de tisser ces liens entre sciences et facture instrumentale avec l\u2019accueil d\u2019un post-doctorat ITEMM-LAUM !<\/div>\n<\/div>\n<div dir=\"auto\"><\/div>\n<div dir=\"auto\"><a href=\"https:\/\/itemm.fr\/itemm\/wp-content\/uploads\/2025\/04\/P1288378-1-scaled.jpg\"><img fetchpriority=\"high\" decoding=\"async\" class=\"alignnone size-medium wp-image-58421\" src=\"https:\/\/itemm.fr\/itemm\/wp-content\/uploads\/2025\/04\/P1288378-1-300x169.jpg\" alt=\"\" width=\"300\" height=\"169\" srcset=\"https:\/\/itemm.fr\/itemm\/wp-content\/uploads\/2025\/04\/P1288378-1-300x169.jpg 300w, https:\/\/itemm.fr\/itemm\/wp-content\/uploads\/2025\/04\/P1288378-1-scaled-600x338.jpg 600w, https:\/\/itemm.fr\/itemm\/wp-content\/uploads\/2025\/04\/P1288378-1-1024x577.jpg 1024w, https:\/\/itemm.fr\/itemm\/wp-content\/uploads\/2025\/04\/P1288378-1-768x433.jpg 768w, https:\/\/itemm.fr\/itemm\/wp-content\/uploads\/2025\/04\/P1288378-1-1536x865.jpg 1536w, https:\/\/itemm.fr\/itemm\/wp-content\/uploads\/2025\/04\/P1288378-1-2048x1154.jpg 2048w\" sizes=\"(max-width: 300px) 100vw, 300px\" \/><\/a> <a href=\"https:\/\/itemm.fr\/itemm\/wp-content\/uploads\/2025\/04\/P1288735-1-scaled.jpg\"><img decoding=\"async\" class=\"alignnone size-medium wp-image-58422\" src=\"https:\/\/itemm.fr\/itemm\/wp-content\/uploads\/2025\/04\/P1288735-1-300x169.jpg\" alt=\"\" width=\"300\" height=\"169\" srcset=\"https:\/\/itemm.fr\/itemm\/wp-content\/uploads\/2025\/04\/P1288735-1-300x169.jpg 300w, https:\/\/itemm.fr\/itemm\/wp-content\/uploads\/2025\/04\/P1288735-1-scaled-600x338.jpg 600w, https:\/\/itemm.fr\/itemm\/wp-content\/uploads\/2025\/04\/P1288735-1-1024x577.jpg 1024w, https:\/\/itemm.fr\/itemm\/wp-content\/uploads\/2025\/04\/P1288735-1-768x433.jpg 768w, https:\/\/itemm.fr\/itemm\/wp-content\/uploads\/2025\/04\/P1288735-1-1536x865.jpg 1536w, https:\/\/itemm.fr\/itemm\/wp-content\/uploads\/2025\/04\/P1288735-1-2048x1154.jpg 2048w\" sizes=\"(max-width: 300px) 100vw, 300px\" \/><\/a><a href=\"https:\/\/itemm.fr\/itemm\/wp-content\/uploads\/2025\/04\/P1288802-1-scaled.jpg\"> <img loading=\"lazy\" decoding=\"async\" class=\"alignnone size-medium wp-image-58424\" src=\"https:\/\/itemm.fr\/itemm\/wp-content\/uploads\/2025\/04\/P1288802-1-300x169.jpg\" alt=\"\" width=\"300\" height=\"169\" srcset=\"https:\/\/itemm.fr\/itemm\/wp-content\/uploads\/2025\/04\/P1288802-1-300x169.jpg 300w, https:\/\/itemm.fr\/itemm\/wp-content\/uploads\/2025\/04\/P1288802-1-scaled-600x338.jpg 600w, https:\/\/itemm.fr\/itemm\/wp-content\/uploads\/2025\/04\/P1288802-1-1024x577.jpg 1024w, https:\/\/itemm.fr\/itemm\/wp-content\/uploads\/2025\/04\/P1288802-1-768x433.jpg 768w, https:\/\/itemm.fr\/itemm\/wp-content\/uploads\/2025\/04\/P1288802-1-1536x865.jpg 1536w, https:\/\/itemm.fr\/itemm\/wp-content\/uploads\/2025\/04\/P1288802-1-2048x1154.jpg 2048w\" sizes=\"(max-width: 300px) 100vw, 300px\" \/><\/a><\/div>\n","protected":false},"excerpt":{"rendered":"<p>Mardi 1er avril 2025, l\u2019ITEMM a eu le plaisir d\u2019accueillir, sous le soleil, l\u2019ensemble du consortium du projet PRCE ANR (Agence Nationale de Recherche) Maestrafone pour une journ\u00e9e d\u00e9couverte du m\u00e9tier de luthier guitare. Cette journ\u00e9e a permis de nombreux \u00e9changes entre chercheurs et artisans luthiers pour alimenter la r\u00e9flexion sur la conception et l\u2019usage&hellip;<\/p>\n","protected":false},"author":3004,"featured_media":58407,"comment_status":"closed","ping_status":"closed","sticky":false,"template":"","format":"standard","meta":{"_acf_changed":false,"footnotes":""},"categories":[2197,245],"tags":[2739,2195,2581],"class_list":["post-58405","post","type-post","status-publish","format-standard","has-post-thumbnail","hentry","category-actualites","category-innovation","tag-pole-recherche-et-innovation","tag-projet","tag-recherche","category-2197","category-245","description-off"],"acf":[],"yoast_head":"<!-- This site is optimized with the Yoast SEO plugin v27.5 - https:\/\/yoast.com\/product\/yoast-seo-wordpress\/ -->\n<title>Pl\u00e9ni\u00e8re Maestrafone du 1er avril 2025 | Itemm -<\/title>\n<meta name=\"description\" content=\"Le 1er avril 2025, l\u2019ITEMM a accueilli le projet Maestrafone pour une journ\u00e9e d\u2019\u00e9changes entre chercheurs et luthiers sur les mat\u00e9riaux des tables d\u2019harmonie.\" \/>\n<meta name=\"robots\" content=\"index, follow, max-snippet:-1, max-image-preview:large, max-video-preview:-1\" \/>\n<link rel=\"canonical\" href=\"https:\/\/itemm.fr\/itemm\/pleniere-maestrafone-du-1er-avril-2025\/\" \/>\n<meta property=\"og:locale\" content=\"fr_FR\" \/>\n<meta property=\"og:type\" content=\"article\" \/>\n<meta property=\"og:title\" content=\"Pl\u00e9ni\u00e8re Maestrafone du 1er avril 2025 | Itemm -\" \/>\n<meta property=\"og:description\" content=\"Le 1er avril 2025, l\u2019ITEMM a accueilli le projet Maestrafone pour une journ\u00e9e d\u2019\u00e9changes entre chercheurs et luthiers sur les mat\u00e9riaux des tables d\u2019harmonie.\" \/>\n<meta property=\"og:url\" content=\"https:\/\/itemm.fr\/itemm\/pleniere-maestrafone-du-1er-avril-2025\/\" \/>\n<meta property=\"og:site_name\" content=\"Itemm -\" \/>\n<meta property=\"article:publisher\" content=\"https:\/\/www.facebook.com\/itemm.lemans\" \/>\n<meta property=\"article:published_time\" content=\"2025-04-03T14:38:59+00:00\" \/>\n<meta property=\"article:modified_time\" content=\"2025-04-03T15:17:55+00:00\" \/>\n<meta property=\"og:image\" content=\"https:\/\/itemm.fr\/itemm\/wp-content\/uploads\/2025\/04\/P1288833-scaled.jpg\" \/>\n\t<meta property=\"og:image:width\" content=\"2560\" \/>\n\t<meta property=\"og:image:height\" content=\"1442\" \/>\n\t<meta property=\"og:image:type\" content=\"image\/jpeg\" \/>\n<meta name=\"author\" content=\"cedric.charrier\" \/>\n<script type=\"application\/ld+json\" class=\"yoast-schema-graph\">{\"@context\":\"https:\\\/\\\/schema.org\",\"@graph\":[{\"@type\":\"Article\",\"@id\":\"https:\\\/\\\/itemm.fr\\\/itemm\\\/pleniere-maestrafone-du-1er-avril-2025\\\/#article\",\"isPartOf\":{\"@id\":\"https:\\\/\\\/itemm.fr\\\/itemm\\\/pleniere-maestrafone-du-1er-avril-2025\\\/\"},\"author\":{\"name\":\"cedric.charrier\",\"@id\":\"https:\\\/\\\/itemm.fr\\\/itemm\\\/#\\\/schema\\\/person\\\/4f12bdd558467246abb96a89a8f4cbb1\"},\"headline\":\"Pl\u00e9ni\u00e8re Maestrafone du 1er avril 2025\",\"datePublished\":\"2025-04-03T14:38:59+00:00\",\"dateModified\":\"2025-04-03T15:17:55+00:00\",\"mainEntityOfPage\":{\"@id\":\"https:\\\/\\\/itemm.fr\\\/itemm\\\/pleniere-maestrafone-du-1er-avril-2025\\\/\"},\"wordCount\":125,\"publisher\":{\"@id\":\"https:\\\/\\\/itemm.fr\\\/itemm\\\/#organization\"},\"image\":{\"@id\":\"https:\\\/\\\/itemm.fr\\\/itemm\\\/pleniere-maestrafone-du-1er-avril-2025\\\/#primaryimage\"},\"thumbnailUrl\":\"https:\\\/\\\/itemm.fr\\\/itemm\\\/wp-content\\\/uploads\\\/2025\\\/04\\\/P1288833-scaled.jpg\",\"keywords\":[\"pole recherche et innovation\",\"Projet\",\"recherche\"],\"articleSection\":[\"Actualit\u00e9s\",\"innovation\"],\"inLanguage\":\"fr-FR\"},{\"@type\":\"WebPage\",\"@id\":\"https:\\\/\\\/itemm.fr\\\/itemm\\\/pleniere-maestrafone-du-1er-avril-2025\\\/\",\"url\":\"https:\\\/\\\/itemm.fr\\\/itemm\\\/pleniere-maestrafone-du-1er-avril-2025\\\/\",\"name\":\"Pl\u00e9ni\u00e8re Maestrafone du 1er avril 2025 | Itemm -\",\"isPartOf\":{\"@id\":\"https:\\\/\\\/itemm.fr\\\/itemm\\\/#website\"},\"primaryImageOfPage\":{\"@id\":\"https:\\\/\\\/itemm.fr\\\/itemm\\\/pleniere-maestrafone-du-1er-avril-2025\\\/#primaryimage\"},\"image\":{\"@id\":\"https:\\\/\\\/itemm.fr\\\/itemm\\\/pleniere-maestrafone-du-1er-avril-2025\\\/#primaryimage\"},\"thumbnailUrl\":\"https:\\\/\\\/itemm.fr\\\/itemm\\\/wp-content\\\/uploads\\\/2025\\\/04\\\/P1288833-scaled.jpg\",\"datePublished\":\"2025-04-03T14:38:59+00:00\",\"dateModified\":\"2025-04-03T15:17:55+00:00\",\"description\":\"Le 1er avril 2025, l\u2019ITEMM a accueilli le projet Maestrafone pour une journ\u00e9e d\u2019\u00e9changes entre chercheurs et luthiers sur les mat\u00e9riaux des tables d\u2019harmonie.\",\"breadcrumb\":{\"@id\":\"https:\\\/\\\/itemm.fr\\\/itemm\\\/pleniere-maestrafone-du-1er-avril-2025\\\/#breadcrumb\"},\"inLanguage\":\"fr-FR\",\"potentialAction\":[{\"@type\":\"ReadAction\",\"target\":[\"https:\\\/\\\/itemm.fr\\\/itemm\\\/pleniere-maestrafone-du-1er-avril-2025\\\/\"]}]},{\"@type\":\"ImageObject\",\"inLanguage\":\"fr-FR\",\"@id\":\"https:\\\/\\\/itemm.fr\\\/itemm\\\/pleniere-maestrafone-du-1er-avril-2025\\\/#primaryimage\",\"url\":\"https:\\\/\\\/itemm.fr\\\/itemm\\\/wp-content\\\/uploads\\\/2025\\\/04\\\/P1288833-scaled.jpg\",\"contentUrl\":\"https:\\\/\\\/itemm.fr\\\/itemm\\\/wp-content\\\/uploads\\\/2025\\\/04\\\/P1288833-scaled.jpg\",\"width\":2560,\"height\":1442,\"caption\":\"L'ITEMM accueille le consortium du projet PRCE ANR\"},{\"@type\":\"BreadcrumbList\",\"@id\":\"https:\\\/\\\/itemm.fr\\\/itemm\\\/pleniere-maestrafone-du-1er-avril-2025\\\/#breadcrumb\",\"itemListElement\":[{\"@type\":\"ListItem\",\"position\":1,\"name\":\"Accueil\",\"item\":\"https:\\\/\\\/itemm.fr\\\/itemm\\\/\"},{\"@type\":\"ListItem\",\"position\":2,\"name\":\"Pl\u00e9ni\u00e8re Maestrafone du 1er avril 2025\"}]},{\"@type\":\"WebSite\",\"@id\":\"https:\\\/\\\/itemm.fr\\\/itemm\\\/#website\",\"url\":\"https:\\\/\\\/itemm.fr\\\/itemm\\\/\",\"name\":\"Itemm\",\"description\":\"Institut technologique europ\u00e9en des m\u00e9tiers de la musique au Mans (72)\",\"publisher\":{\"@id\":\"https:\\\/\\\/itemm.fr\\\/itemm\\\/#organization\"},\"potentialAction\":[{\"@type\":\"SearchAction\",\"target\":{\"@type\":\"EntryPoint\",\"urlTemplate\":\"https:\\\/\\\/itemm.fr\\\/itemm\\\/?s={search_term_string}\"},\"query-input\":{\"@type\":\"PropertyValueSpecification\",\"valueRequired\":true,\"valueName\":\"search_term_string\"}}],\"inLanguage\":\"fr-FR\"},{\"@type\":\"Organization\",\"@id\":\"https:\\\/\\\/itemm.fr\\\/itemm\\\/#organization\",\"name\":\"ITEMM\",\"alternateName\":\"ITEMM\",\"url\":\"https:\\\/\\\/itemm.fr\\\/itemm\\\/\",\"logo\":{\"@type\":\"ImageObject\",\"inLanguage\":\"fr-FR\",\"@id\":\"https:\\\/\\\/itemm.fr\\\/itemm\\\/#\\\/schema\\\/logo\\\/image\\\/\",\"url\":\"https:\\\/\\\/itemm.fr\\\/itemm\\\/wp-content\\\/uploads\\\/2021\\\/12\\\/logo-itemm-piano-on.png\",\"contentUrl\":\"https:\\\/\\\/itemm.fr\\\/itemm\\\/wp-content\\\/uploads\\\/2021\\\/12\\\/logo-itemm-piano-on.png\",\"width\":446,\"height\":294,\"caption\":\"ITEMM\"},\"image\":{\"@id\":\"https:\\\/\\\/itemm.fr\\\/itemm\\\/#\\\/schema\\\/logo\\\/image\\\/\"},\"sameAs\":[\"https:\\\/\\\/www.facebook.com\\\/itemm.lemans\",\"https:\\\/\\\/www.instagram.com\\\/itemmlemans\\\/\",\"https:\\\/\\\/www.linkedin.com\\\/in\\\/itemm\\\/\"]},{\"@type\":\"Person\",\"@id\":\"https:\\\/\\\/itemm.fr\\\/itemm\\\/#\\\/schema\\\/person\\\/4f12bdd558467246abb96a89a8f4cbb1\",\"name\":\"cedric.charrier\",\"image\":{\"@type\":\"ImageObject\",\"inLanguage\":\"fr-FR\",\"@id\":\"https:\\\/\\\/itemm.fr\\\/itemm\\\/wp-content\\\/litespeed\\\/avatar\\\/6b2a3f567f020e8b4afbfd33154a4be6.jpg?ver=1777465861\",\"url\":\"https:\\\/\\\/itemm.fr\\\/itemm\\\/wp-content\\\/litespeed\\\/avatar\\\/6b2a3f567f020e8b4afbfd33154a4be6.jpg?ver=1777465861\",\"contentUrl\":\"https:\\\/\\\/itemm.fr\\\/itemm\\\/wp-content\\\/litespeed\\\/avatar\\\/6b2a3f567f020e8b4afbfd33154a4be6.jpg?ver=1777465861\",\"caption\":\"cedric.charrier\"},\"url\":\"https:\\\/\\\/itemm.fr\\\/itemm\\\/author\\\/cedric\\\/\"}]}<\/script>\n<!-- \/ Yoast SEO plugin. -->","yoast_head_json":{"title":"Pl\u00e9ni\u00e8re Maestrafone du 1er avril 2025 | Itemm -","description":"Le 1er avril 2025, l\u2019ITEMM a accueilli le projet Maestrafone pour une journ\u00e9e d\u2019\u00e9changes entre chercheurs et luthiers sur les mat\u00e9riaux des tables d\u2019harmonie.","robots":{"index":"index","follow":"follow","max-snippet":"max-snippet:-1","max-image-preview":"max-image-preview:large","max-video-preview":"max-video-preview:-1"},"canonical":"https:\/\/itemm.fr\/itemm\/pleniere-maestrafone-du-1er-avril-2025\/","og_locale":"fr_FR","og_type":"article","og_title":"Pl\u00e9ni\u00e8re Maestrafone du 1er avril 2025 | Itemm -","og_description":"Le 1er avril 2025, l\u2019ITEMM a accueilli le projet Maestrafone pour une journ\u00e9e d\u2019\u00e9changes entre chercheurs et luthiers sur les mat\u00e9riaux des tables d\u2019harmonie.","og_url":"https:\/\/itemm.fr\/itemm\/pleniere-maestrafone-du-1er-avril-2025\/","og_site_name":"Itemm -","article_publisher":"https:\/\/www.facebook.com\/itemm.lemans","article_published_time":"2025-04-03T14:38:59+00:00","article_modified_time":"2025-04-03T15:17:55+00:00","og_image":[{"width":2560,"height":1442,"url":"https:\/\/itemm.fr\/itemm\/wp-content\/uploads\/2025\/04\/P1288833-scaled.jpg","type":"image\/jpeg"}],"author":"cedric.charrier","schema":{"@context":"https:\/\/schema.org","@graph":[{"@type":"Article","@id":"https:\/\/itemm.fr\/itemm\/pleniere-maestrafone-du-1er-avril-2025\/#article","isPartOf":{"@id":"https:\/\/itemm.fr\/itemm\/pleniere-maestrafone-du-1er-avril-2025\/"},"author":{"name":"cedric.charrier","@id":"https:\/\/itemm.fr\/itemm\/#\/schema\/person\/4f12bdd558467246abb96a89a8f4cbb1"},"headline":"Pl\u00e9ni\u00e8re Maestrafone du 1er avril 2025","datePublished":"2025-04-03T14:38:59+00:00","dateModified":"2025-04-03T15:17:55+00:00","mainEntityOfPage":{"@id":"https:\/\/itemm.fr\/itemm\/pleniere-maestrafone-du-1er-avril-2025\/"},"wordCount":125,"publisher":{"@id":"https:\/\/itemm.fr\/itemm\/#organization"},"image":{"@id":"https:\/\/itemm.fr\/itemm\/pleniere-maestrafone-du-1er-avril-2025\/#primaryimage"},"thumbnailUrl":"https:\/\/itemm.fr\/itemm\/wp-content\/uploads\/2025\/04\/P1288833-scaled.jpg","keywords":["pole recherche et innovation","Projet","recherche"],"articleSection":["Actualit\u00e9s","innovation"],"inLanguage":"fr-FR"},{"@type":"WebPage","@id":"https:\/\/itemm.fr\/itemm\/pleniere-maestrafone-du-1er-avril-2025\/","url":"https:\/\/itemm.fr\/itemm\/pleniere-maestrafone-du-1er-avril-2025\/","name":"Pl\u00e9ni\u00e8re Maestrafone du 1er avril 2025 | Itemm -","isPartOf":{"@id":"https:\/\/itemm.fr\/itemm\/#website"},"primaryImageOfPage":{"@id":"https:\/\/itemm.fr\/itemm\/pleniere-maestrafone-du-1er-avril-2025\/#primaryimage"},"image":{"@id":"https:\/\/itemm.fr\/itemm\/pleniere-maestrafone-du-1er-avril-2025\/#primaryimage"},"thumbnailUrl":"https:\/\/itemm.fr\/itemm\/wp-content\/uploads\/2025\/04\/P1288833-scaled.jpg","datePublished":"2025-04-03T14:38:59+00:00","dateModified":"2025-04-03T15:17:55+00:00","description":"Le 1er avril 2025, l\u2019ITEMM a accueilli le projet Maestrafone pour une journ\u00e9e d\u2019\u00e9changes entre chercheurs et luthiers sur les mat\u00e9riaux des tables d\u2019harmonie.","breadcrumb":{"@id":"https:\/\/itemm.fr\/itemm\/pleniere-maestrafone-du-1er-avril-2025\/#breadcrumb"},"inLanguage":"fr-FR","potentialAction":[{"@type":"ReadAction","target":["https:\/\/itemm.fr\/itemm\/pleniere-maestrafone-du-1er-avril-2025\/"]}]},{"@type":"ImageObject","inLanguage":"fr-FR","@id":"https:\/\/itemm.fr\/itemm\/pleniere-maestrafone-du-1er-avril-2025\/#primaryimage","url":"https:\/\/itemm.fr\/itemm\/wp-content\/uploads\/2025\/04\/P1288833-scaled.jpg","contentUrl":"https:\/\/itemm.fr\/itemm\/wp-content\/uploads\/2025\/04\/P1288833-scaled.jpg","width":2560,"height":1442,"caption":"L'ITEMM accueille le consortium du projet PRCE ANR"},{"@type":"BreadcrumbList","@id":"https:\/\/itemm.fr\/itemm\/pleniere-maestrafone-du-1er-avril-2025\/#breadcrumb","itemListElement":[{"@type":"ListItem","position":1,"name":"Accueil","item":"https:\/\/itemm.fr\/itemm\/"},{"@type":"ListItem","position":2,"name":"Pl\u00e9ni\u00e8re Maestrafone du 1er avril 2025"}]},{"@type":"WebSite","@id":"https:\/\/itemm.fr\/itemm\/#website","url":"https:\/\/itemm.fr\/itemm\/","name":"Itemm","description":"Institut technologique europ\u00e9en des m\u00e9tiers de la musique au Mans (72)","publisher":{"@id":"https:\/\/itemm.fr\/itemm\/#organization"},"potentialAction":[{"@type":"SearchAction","target":{"@type":"EntryPoint","urlTemplate":"https:\/\/itemm.fr\/itemm\/?s={search_term_string}"},"query-input":{"@type":"PropertyValueSpecification","valueRequired":true,"valueName":"search_term_string"}}],"inLanguage":"fr-FR"},{"@type":"Organization","@id":"https:\/\/itemm.fr\/itemm\/#organization","name":"ITEMM","alternateName":"ITEMM","url":"https:\/\/itemm.fr\/itemm\/","logo":{"@type":"ImageObject","inLanguage":"fr-FR","@id":"https:\/\/itemm.fr\/itemm\/#\/schema\/logo\/image\/","url":"https:\/\/itemm.fr\/itemm\/wp-content\/uploads\/2021\/12\/logo-itemm-piano-on.png","contentUrl":"https:\/\/itemm.fr\/itemm\/wp-content\/uploads\/2021\/12\/logo-itemm-piano-on.png","width":446,"height":294,"caption":"ITEMM"},"image":{"@id":"https:\/\/itemm.fr\/itemm\/#\/schema\/logo\/image\/"},"sameAs":["https:\/\/www.facebook.com\/itemm.lemans","https:\/\/www.instagram.com\/itemmlemans\/","https:\/\/www.linkedin.com\/in\/itemm\/"]},{"@type":"Person","@id":"https:\/\/itemm.fr\/itemm\/#\/schema\/person\/4f12bdd558467246abb96a89a8f4cbb1","name":"cedric.charrier","image":{"@type":"ImageObject","inLanguage":"fr-FR","@id":"https:\/\/itemm.fr\/itemm\/wp-content\/litespeed\/avatar\/6b2a3f567f020e8b4afbfd33154a4be6.jpg?ver=1777465861","url":"https:\/\/itemm.fr\/itemm\/wp-content\/litespeed\/avatar\/6b2a3f567f020e8b4afbfd33154a4be6.jpg?ver=1777465861","contentUrl":"https:\/\/itemm.fr\/itemm\/wp-content\/litespeed\/avatar\/6b2a3f567f020e8b4afbfd33154a4be6.jpg?ver=1777465861","caption":"cedric.charrier"},"url":"https:\/\/itemm.fr\/itemm\/author\/cedric\/"}]}},"_links":{"self":[{"href":"https:\/\/itemm.fr\/itemm\/wp-json\/wp\/v2\/posts\/58405","targetHints":{"allow":["GET"]}}],"collection":[{"href":"https:\/\/itemm.fr\/itemm\/wp-json\/wp\/v2\/posts"}],"about":[{"href":"https:\/\/itemm.fr\/itemm\/wp-json\/wp\/v2\/types\/post"}],"author":[{"embeddable":true,"href":"https:\/\/itemm.fr\/itemm\/wp-json\/wp\/v2\/users\/3004"}],"replies":[{"embeddable":true,"href":"https:\/\/itemm.fr\/itemm\/wp-json\/wp\/v2\/comments?post=58405"}],"version-history":[{"count":0,"href":"https:\/\/itemm.fr\/itemm\/wp-json\/wp\/v2\/posts\/58405\/revisions"}],"wp:featuredmedia":[{"embeddable":true,"href":"https:\/\/itemm.fr\/itemm\/wp-json\/wp\/v2\/media\/58407"}],"wp:attachment":[{"href":"https:\/\/itemm.fr\/itemm\/wp-json\/wp\/v2\/media?parent=58405"}],"wp:term":[{"taxonomy":"category","embeddable":true,"href":"https:\/\/itemm.fr\/itemm\/wp-json\/wp\/v2\/categories?post=58405"},{"taxonomy":"post_tag","embeddable":true,"href":"https:\/\/itemm.fr\/itemm\/wp-json\/wp\/v2\/tags?post=58405"}],"curies":[{"name":"wp","href":"https:\/\/api.w.org\/{rel}","templated":true}]}}