{"id":56926,"date":"2024-12-23T11:47:11","date_gmt":"2024-12-23T10:47:11","guid":{"rendered":"https:\/\/itemm.fr\/itemm\/?p=56926"},"modified":"2025-01-28T14:11:37","modified_gmt":"2025-01-28T13:11:37","slug":"tiphanie-le-gal-un-souffle-nouveau-pour-la-lutherie","status":"publish","type":"post","link":"https:\/\/itemm.fr\/itemm\/tiphanie-le-gal-un-souffle-nouveau-pour-la-lutherie\/","title":{"rendered":"Tiphanie Le Gal, un souffle nouveau pour la lutherie"},"content":{"rendered":"<p>Tiphanie Le Gal, une saxophoniste passionn\u00e9e, a transform\u00e9 son amour de la musique en une carri\u00e8re de r\u00e9paratrice et factrice d&#8217;instruments \u00e0 vent. Apr\u00e8s des \u00e9tudes sp\u00e9cialis\u00e9es \u00e0 l&#8217;ITEMM, elle a ouvert son atelier &#8220;Un vent de Passion&#8221; \u00e0 Limoges il y a douze ans. Son travail, qui allie minutie et force, est reconnu pour sa qualit\u00e9 et son exigence. R\u00e9cemment, elle a re\u00e7u un &#8220;Coup de c\u0153ur&#8221; de la Chambre des m\u00e9tiers et de l&#8217;artisanat de Nouvelle-Aquitaine, r\u00e9compensant ainsi son parcours et son expertise. Ce prix met en lumi\u00e8re un m\u00e9tier m\u00e9connu du grand public, celui de luthier d&#8217;instruments \u00e0 vent, qui requiert des comp\u00e9tences techniques pointues et une grande sensibilit\u00e9 musicale.<\/p>\n<ul>\n<li><a href=\"https:\/\/france3-regions.francetvinfo.fr\/nouvelle-aquitaine\/haute-vienne\/limoges\/on-a-eu-de-magnifiques-saxophones-tres-anciens-tiphanie-est-factrice-d-instruments-de-musique-un-metier-rare-en-france-3072223.html\">france3-regions.francetvinfo.fr<\/a> le 22 d\u00e9cembre 2024<\/li>\n<\/ul>\n","protected":false},"excerpt":{"rendered":"<p>Tiphanie Le Gal, une saxophoniste passionn\u00e9e, a transform\u00e9 son amour de la musique en une carri\u00e8re de r\u00e9paratrice et factrice d&#8217;instruments \u00e0 vent. Apr\u00e8s des \u00e9tudes sp\u00e9cialis\u00e9es \u00e0 l&#8217;ITEMM, elle a ouvert son atelier &#8220;Un vent de Passion&#8221; \u00e0 Limoges il y a douze ans. Son travail, qui allie minutie et force, est reconnu pour&hellip;<\/p>\n","protected":false},"author":3004,"featured_media":53123,"comment_status":"closed","ping_status":"closed","sticky":false,"template":"","format":"standard","meta":{"_acf_changed":false,"footnotes":""},"categories":[101],"tags":[181],"class_list":["post-56926","post","type-post","status-publish","format-standard","has-post-thumbnail","hentry","category-anciens-eleves","tag-prix","category-101","description-off"],"acf":[],"yoast_head":"<!-- This site is optimized with the Yoast SEO plugin v27.5 - https:\/\/yoast.com\/product\/yoast-seo-wordpress\/ -->\n<title>Tiphanie Le Gal, un souffle nouveau pour la lutherie | Itemm -<\/title>\n<meta name=\"robots\" content=\"index, follow, max-snippet:-1, max-image-preview:large, max-video-preview:-1\" \/>\n<link rel=\"canonical\" href=\"https:\/\/itemm.fr\/itemm\/tiphanie-le-gal-un-souffle-nouveau-pour-la-lutherie\/\" \/>\n<meta property=\"og:locale\" content=\"fr_FR\" \/>\n<meta property=\"og:type\" content=\"article\" \/>\n<meta property=\"og:title\" content=\"Tiphanie Le Gal, un souffle nouveau pour la lutherie | Itemm -\" \/>\n<meta property=\"og:description\" content=\"Tiphanie Le Gal, une saxophoniste passionn\u00e9e, a transform\u00e9 son amour de la musique en une carri\u00e8re de r\u00e9paratrice et factrice d&#8217;instruments \u00e0 vent. Apr\u00e8s des \u00e9tudes sp\u00e9cialis\u00e9es \u00e0 l&#8217;ITEMM, elle a ouvert son atelier &#8220;Un vent de Passion&#8221; \u00e0 Limoges il y a douze ans. Son travail, qui allie minutie et force, est reconnu pour&hellip;\" \/>\n<meta property=\"og:url\" content=\"https:\/\/itemm.fr\/itemm\/tiphanie-le-gal-un-souffle-nouveau-pour-la-lutherie\/\" \/>\n<meta property=\"og:site_name\" content=\"Itemm -\" \/>\n<meta property=\"article:publisher\" content=\"https:\/\/www.facebook.com\/itemm.lemans\" \/>\n<meta property=\"article:published_time\" content=\"2024-12-23T10:47:11+00:00\" \/>\n<meta property=\"article:modified_time\" content=\"2025-01-28T13:11:37+00:00\" \/>\n<meta property=\"og:image\" content=\"https:\/\/itemm.fr\/itemm\/wp-content\/uploads\/2020\/06\/que-sont-ils-devenus.png\" \/>\n\t<meta property=\"og:image:width\" content=\"1078\" \/>\n\t<meta property=\"og:image:height\" content=\"798\" \/>\n\t<meta property=\"og:image:type\" content=\"image\/png\" \/>\n<meta name=\"author\" content=\"cedric.charrier\" \/>\n<script type=\"application\/ld+json\" class=\"yoast-schema-graph\">{\"@context\":\"https:\\\/\\\/schema.org\",\"@graph\":[{\"@type\":\"Article\",\"@id\":\"https:\\\/\\\/itemm.fr\\\/itemm\\\/tiphanie-le-gal-un-souffle-nouveau-pour-la-lutherie\\\/#article\",\"isPartOf\":{\"@id\":\"https:\\\/\\\/itemm.fr\\\/itemm\\\/tiphanie-le-gal-un-souffle-nouveau-pour-la-lutherie\\\/\"},\"author\":{\"name\":\"cedric.charrier\",\"@id\":\"https:\\\/\\\/itemm.fr\\\/itemm\\\/#\\\/schema\\\/person\\\/37d1ada7958a6232148f9ef96178ccd3\"},\"headline\":\"Tiphanie Le Gal, un souffle nouveau pour la lutherie\",\"datePublished\":\"2024-12-23T10:47:11+00:00\",\"dateModified\":\"2025-01-28T13:11:37+00:00\",\"mainEntityOfPage\":{\"@id\":\"https:\\\/\\\/itemm.fr\\\/itemm\\\/tiphanie-le-gal-un-souffle-nouveau-pour-la-lutherie\\\/\"},\"wordCount\":144,\"publisher\":{\"@id\":\"https:\\\/\\\/itemm.fr\\\/itemm\\\/#organization\"},\"image\":{\"@id\":\"https:\\\/\\\/itemm.fr\\\/itemm\\\/tiphanie-le-gal-un-souffle-nouveau-pour-la-lutherie\\\/#primaryimage\"},\"thumbnailUrl\":\"https:\\\/\\\/itemm.fr\\\/itemm\\\/wp-content\\\/uploads\\\/2020\\\/06\\\/que-sont-ils-devenus.png\",\"keywords\":[\"prix\"],\"articleSection\":[\"anciens \u00e9l\u00e8ves\"],\"inLanguage\":\"fr-FR\"},{\"@type\":\"WebPage\",\"@id\":\"https:\\\/\\\/itemm.fr\\\/itemm\\\/tiphanie-le-gal-un-souffle-nouveau-pour-la-lutherie\\\/\",\"url\":\"https:\\\/\\\/itemm.fr\\\/itemm\\\/tiphanie-le-gal-un-souffle-nouveau-pour-la-lutherie\\\/\",\"name\":\"Tiphanie Le Gal, un souffle nouveau pour la lutherie | Itemm -\",\"isPartOf\":{\"@id\":\"https:\\\/\\\/itemm.fr\\\/itemm\\\/#website\"},\"primaryImageOfPage\":{\"@id\":\"https:\\\/\\\/itemm.fr\\\/itemm\\\/tiphanie-le-gal-un-souffle-nouveau-pour-la-lutherie\\\/#primaryimage\"},\"image\":{\"@id\":\"https:\\\/\\\/itemm.fr\\\/itemm\\\/tiphanie-le-gal-un-souffle-nouveau-pour-la-lutherie\\\/#primaryimage\"},\"thumbnailUrl\":\"https:\\\/\\\/itemm.fr\\\/itemm\\\/wp-content\\\/uploads\\\/2020\\\/06\\\/que-sont-ils-devenus.png\",\"datePublished\":\"2024-12-23T10:47:11+00:00\",\"dateModified\":\"2025-01-28T13:11:37+00:00\",\"breadcrumb\":{\"@id\":\"https:\\\/\\\/itemm.fr\\\/itemm\\\/tiphanie-le-gal-un-souffle-nouveau-pour-la-lutherie\\\/#breadcrumb\"},\"inLanguage\":\"fr-FR\",\"potentialAction\":[{\"@type\":\"ReadAction\",\"target\":[\"https:\\\/\\\/itemm.fr\\\/itemm\\\/tiphanie-le-gal-un-souffle-nouveau-pour-la-lutherie\\\/\"]}]},{\"@type\":\"ImageObject\",\"inLanguage\":\"fr-FR\",\"@id\":\"https:\\\/\\\/itemm.fr\\\/itemm\\\/tiphanie-le-gal-un-souffle-nouveau-pour-la-lutherie\\\/#primaryimage\",\"url\":\"https:\\\/\\\/itemm.fr\\\/itemm\\\/wp-content\\\/uploads\\\/2020\\\/06\\\/que-sont-ils-devenus.png\",\"contentUrl\":\"https:\\\/\\\/itemm.fr\\\/itemm\\\/wp-content\\\/uploads\\\/2020\\\/06\\\/que-sont-ils-devenus.png\",\"width\":1078,\"height\":798},{\"@type\":\"BreadcrumbList\",\"@id\":\"https:\\\/\\\/itemm.fr\\\/itemm\\\/tiphanie-le-gal-un-souffle-nouveau-pour-la-lutherie\\\/#breadcrumb\",\"itemListElement\":[{\"@type\":\"ListItem\",\"position\":1,\"name\":\"Accueil\",\"item\":\"https:\\\/\\\/itemm.fr\\\/itemm\\\/\"},{\"@type\":\"ListItem\",\"position\":2,\"name\":\"Tiphanie Le Gal, un souffle nouveau pour la lutherie\"}]},{\"@type\":\"WebSite\",\"@id\":\"https:\\\/\\\/itemm.fr\\\/itemm\\\/#website\",\"url\":\"https:\\\/\\\/itemm.fr\\\/itemm\\\/\",\"name\":\"Itemm\",\"description\":\"Institut technologique europ\u00e9en des m\u00e9tiers de la musique au Mans (72)\",\"publisher\":{\"@id\":\"https:\\\/\\\/itemm.fr\\\/itemm\\\/#organization\"},\"potentialAction\":[{\"@type\":\"SearchAction\",\"target\":{\"@type\":\"EntryPoint\",\"urlTemplate\":\"https:\\\/\\\/itemm.fr\\\/itemm\\\/?s={search_term_string}\"},\"query-input\":{\"@type\":\"PropertyValueSpecification\",\"valueRequired\":true,\"valueName\":\"search_term_string\"}}],\"inLanguage\":\"fr-FR\"},{\"@type\":\"Organization\",\"@id\":\"https:\\\/\\\/itemm.fr\\\/itemm\\\/#organization\",\"name\":\"ITEMM\",\"alternateName\":\"ITEMM\",\"url\":\"https:\\\/\\\/itemm.fr\\\/itemm\\\/\",\"logo\":{\"@type\":\"ImageObject\",\"inLanguage\":\"fr-FR\",\"@id\":\"https:\\\/\\\/itemm.fr\\\/itemm\\\/#\\\/schema\\\/logo\\\/image\\\/\",\"url\":\"https:\\\/\\\/itemm.fr\\\/itemm\\\/wp-content\\\/uploads\\\/2021\\\/12\\\/logo-itemm-piano-on.png\",\"contentUrl\":\"https:\\\/\\\/itemm.fr\\\/itemm\\\/wp-content\\\/uploads\\\/2021\\\/12\\\/logo-itemm-piano-on.png\",\"width\":446,\"height\":294,\"caption\":\"ITEMM\"},\"image\":{\"@id\":\"https:\\\/\\\/itemm.fr\\\/itemm\\\/#\\\/schema\\\/logo\\\/image\\\/\"},\"sameAs\":[\"https:\\\/\\\/www.facebook.com\\\/itemm.lemans\",\"https:\\\/\\\/www.instagram.com\\\/itemmlemans\\\/\",\"https:\\\/\\\/www.linkedin.com\\\/in\\\/itemm\\\/\"]},{\"@type\":\"Person\",\"@id\":\"https:\\\/\\\/itemm.fr\\\/itemm\\\/#\\\/schema\\\/person\\\/37d1ada7958a6232148f9ef96178ccd3\",\"name\":\"cedric.charrier\",\"image\":{\"@type\":\"ImageObject\",\"inLanguage\":\"fr-FR\",\"@id\":\"https:\\\/\\\/itemm.fr\\\/itemm\\\/wp-content\\\/litespeed\\\/avatar\\\/6b2a3f567f020e8b4afbfd33154a4be6.jpg?ver=1777465861\",\"url\":\"https:\\\/\\\/itemm.fr\\\/itemm\\\/wp-content\\\/litespeed\\\/avatar\\\/6b2a3f567f020e8b4afbfd33154a4be6.jpg?ver=1777465861\",\"contentUrl\":\"https:\\\/\\\/itemm.fr\\\/itemm\\\/wp-content\\\/litespeed\\\/avatar\\\/6b2a3f567f020e8b4afbfd33154a4be6.jpg?ver=1777465861\",\"caption\":\"cedric.charrier\"},\"url\":\"https:\\\/\\\/itemm.fr\\\/itemm\\\/author\\\/cedric\\\/\"}]}<\/script>\n<!-- \/ Yoast SEO plugin. -->","yoast_head_json":{"title":"Tiphanie Le Gal, un souffle nouveau pour la lutherie | Itemm -","robots":{"index":"index","follow":"follow","max-snippet":"max-snippet:-1","max-image-preview":"max-image-preview:large","max-video-preview":"max-video-preview:-1"},"canonical":"https:\/\/itemm.fr\/itemm\/tiphanie-le-gal-un-souffle-nouveau-pour-la-lutherie\/","og_locale":"fr_FR","og_type":"article","og_title":"Tiphanie Le Gal, un souffle nouveau pour la lutherie | Itemm -","og_description":"Tiphanie Le Gal, une saxophoniste passionn\u00e9e, a transform\u00e9 son amour de la musique en une carri\u00e8re de r\u00e9paratrice et factrice d&#8217;instruments \u00e0 vent. Apr\u00e8s des \u00e9tudes sp\u00e9cialis\u00e9es \u00e0 l&#8217;ITEMM, elle a ouvert son atelier &#8220;Un vent de Passion&#8221; \u00e0 Limoges il y a douze ans. Son travail, qui allie minutie et force, est reconnu pour&hellip;","og_url":"https:\/\/itemm.fr\/itemm\/tiphanie-le-gal-un-souffle-nouveau-pour-la-lutherie\/","og_site_name":"Itemm -","article_publisher":"https:\/\/www.facebook.com\/itemm.lemans","article_published_time":"2024-12-23T10:47:11+00:00","article_modified_time":"2025-01-28T13:11:37+00:00","og_image":[{"width":1078,"height":798,"url":"https:\/\/itemm.fr\/itemm\/wp-content\/uploads\/2020\/06\/que-sont-ils-devenus.png","type":"image\/png"}],"author":"cedric.charrier","schema":{"@context":"https:\/\/schema.org","@graph":[{"@type":"Article","@id":"https:\/\/itemm.fr\/itemm\/tiphanie-le-gal-un-souffle-nouveau-pour-la-lutherie\/#article","isPartOf":{"@id":"https:\/\/itemm.fr\/itemm\/tiphanie-le-gal-un-souffle-nouveau-pour-la-lutherie\/"},"author":{"name":"cedric.charrier","@id":"https:\/\/itemm.fr\/itemm\/#\/schema\/person\/37d1ada7958a6232148f9ef96178ccd3"},"headline":"Tiphanie Le Gal, un souffle nouveau pour la lutherie","datePublished":"2024-12-23T10:47:11+00:00","dateModified":"2025-01-28T13:11:37+00:00","mainEntityOfPage":{"@id":"https:\/\/itemm.fr\/itemm\/tiphanie-le-gal-un-souffle-nouveau-pour-la-lutherie\/"},"wordCount":144,"publisher":{"@id":"https:\/\/itemm.fr\/itemm\/#organization"},"image":{"@id":"https:\/\/itemm.fr\/itemm\/tiphanie-le-gal-un-souffle-nouveau-pour-la-lutherie\/#primaryimage"},"thumbnailUrl":"https:\/\/itemm.fr\/itemm\/wp-content\/uploads\/2020\/06\/que-sont-ils-devenus.png","keywords":["prix"],"articleSection":["anciens \u00e9l\u00e8ves"],"inLanguage":"fr-FR"},{"@type":"WebPage","@id":"https:\/\/itemm.fr\/itemm\/tiphanie-le-gal-un-souffle-nouveau-pour-la-lutherie\/","url":"https:\/\/itemm.fr\/itemm\/tiphanie-le-gal-un-souffle-nouveau-pour-la-lutherie\/","name":"Tiphanie Le Gal, un souffle nouveau pour la lutherie | Itemm -","isPartOf":{"@id":"https:\/\/itemm.fr\/itemm\/#website"},"primaryImageOfPage":{"@id":"https:\/\/itemm.fr\/itemm\/tiphanie-le-gal-un-souffle-nouveau-pour-la-lutherie\/#primaryimage"},"image":{"@id":"https:\/\/itemm.fr\/itemm\/tiphanie-le-gal-un-souffle-nouveau-pour-la-lutherie\/#primaryimage"},"thumbnailUrl":"https:\/\/itemm.fr\/itemm\/wp-content\/uploads\/2020\/06\/que-sont-ils-devenus.png","datePublished":"2024-12-23T10:47:11+00:00","dateModified":"2025-01-28T13:11:37+00:00","breadcrumb":{"@id":"https:\/\/itemm.fr\/itemm\/tiphanie-le-gal-un-souffle-nouveau-pour-la-lutherie\/#breadcrumb"},"inLanguage":"fr-FR","potentialAction":[{"@type":"ReadAction","target":["https:\/\/itemm.fr\/itemm\/tiphanie-le-gal-un-souffle-nouveau-pour-la-lutherie\/"]}]},{"@type":"ImageObject","inLanguage":"fr-FR","@id":"https:\/\/itemm.fr\/itemm\/tiphanie-le-gal-un-souffle-nouveau-pour-la-lutherie\/#primaryimage","url":"https:\/\/itemm.fr\/itemm\/wp-content\/uploads\/2020\/06\/que-sont-ils-devenus.png","contentUrl":"https:\/\/itemm.fr\/itemm\/wp-content\/uploads\/2020\/06\/que-sont-ils-devenus.png","width":1078,"height":798},{"@type":"BreadcrumbList","@id":"https:\/\/itemm.fr\/itemm\/tiphanie-le-gal-un-souffle-nouveau-pour-la-lutherie\/#breadcrumb","itemListElement":[{"@type":"ListItem","position":1,"name":"Accueil","item":"https:\/\/itemm.fr\/itemm\/"},{"@type":"ListItem","position":2,"name":"Tiphanie Le Gal, un souffle nouveau pour la lutherie"}]},{"@type":"WebSite","@id":"https:\/\/itemm.fr\/itemm\/#website","url":"https:\/\/itemm.fr\/itemm\/","name":"Itemm","description":"Institut technologique europ\u00e9en des m\u00e9tiers de la musique au Mans (72)","publisher":{"@id":"https:\/\/itemm.fr\/itemm\/#organization"},"potentialAction":[{"@type":"SearchAction","target":{"@type":"EntryPoint","urlTemplate":"https:\/\/itemm.fr\/itemm\/?s={search_term_string}"},"query-input":{"@type":"PropertyValueSpecification","valueRequired":true,"valueName":"search_term_string"}}],"inLanguage":"fr-FR"},{"@type":"Organization","@id":"https:\/\/itemm.fr\/itemm\/#organization","name":"ITEMM","alternateName":"ITEMM","url":"https:\/\/itemm.fr\/itemm\/","logo":{"@type":"ImageObject","inLanguage":"fr-FR","@id":"https:\/\/itemm.fr\/itemm\/#\/schema\/logo\/image\/","url":"https:\/\/itemm.fr\/itemm\/wp-content\/uploads\/2021\/12\/logo-itemm-piano-on.png","contentUrl":"https:\/\/itemm.fr\/itemm\/wp-content\/uploads\/2021\/12\/logo-itemm-piano-on.png","width":446,"height":294,"caption":"ITEMM"},"image":{"@id":"https:\/\/itemm.fr\/itemm\/#\/schema\/logo\/image\/"},"sameAs":["https:\/\/www.facebook.com\/itemm.lemans","https:\/\/www.instagram.com\/itemmlemans\/","https:\/\/www.linkedin.com\/in\/itemm\/"]},{"@type":"Person","@id":"https:\/\/itemm.fr\/itemm\/#\/schema\/person\/37d1ada7958a6232148f9ef96178ccd3","name":"cedric.charrier","image":{"@type":"ImageObject","inLanguage":"fr-FR","@id":"https:\/\/itemm.fr\/itemm\/wp-content\/litespeed\/avatar\/6b2a3f567f020e8b4afbfd33154a4be6.jpg?ver=1777465861","url":"https:\/\/itemm.fr\/itemm\/wp-content\/litespeed\/avatar\/6b2a3f567f020e8b4afbfd33154a4be6.jpg?ver=1777465861","contentUrl":"https:\/\/itemm.fr\/itemm\/wp-content\/litespeed\/avatar\/6b2a3f567f020e8b4afbfd33154a4be6.jpg?ver=1777465861","caption":"cedric.charrier"},"url":"https:\/\/itemm.fr\/itemm\/author\/cedric\/"}]}},"_links":{"self":[{"href":"https:\/\/itemm.fr\/itemm\/wp-json\/wp\/v2\/posts\/56926","targetHints":{"allow":["GET"]}}],"collection":[{"href":"https:\/\/itemm.fr\/itemm\/wp-json\/wp\/v2\/posts"}],"about":[{"href":"https:\/\/itemm.fr\/itemm\/wp-json\/wp\/v2\/types\/post"}],"author":[{"embeddable":true,"href":"https:\/\/itemm.fr\/itemm\/wp-json\/wp\/v2\/users\/3004"}],"replies":[{"embeddable":true,"href":"https:\/\/itemm.fr\/itemm\/wp-json\/wp\/v2\/comments?post=56926"}],"version-history":[{"count":0,"href":"https:\/\/itemm.fr\/itemm\/wp-json\/wp\/v2\/posts\/56926\/revisions"}],"wp:featuredmedia":[{"embeddable":true,"href":"https:\/\/itemm.fr\/itemm\/wp-json\/wp\/v2\/media\/53123"}],"wp:attachment":[{"href":"https:\/\/itemm.fr\/itemm\/wp-json\/wp\/v2\/media?parent=56926"}],"wp:term":[{"taxonomy":"category","embeddable":true,"href":"https:\/\/itemm.fr\/itemm\/wp-json\/wp\/v2\/categories?post=56926"},{"taxonomy":"post_tag","embeddable":true,"href":"https:\/\/itemm.fr\/itemm\/wp-json\/wp\/v2\/tags?post=56926"}],"curies":[{"name":"wp","href":"https:\/\/api.w.org\/{rel}","templated":true}]}}