{"id":43847,"date":"2023-01-05T17:00:58","date_gmt":"2023-01-05T16:00:58","guid":{"rendered":"https:\/\/itemm.fr\/itemm\/?p=43847"},"modified":"2024-03-20T11:52:20","modified_gmt":"2024-03-20T10:52:20","slug":"projet-bois-locaux-et-instruments-a-vent-bliv-la-stabilisation-du-bois-local-pour-preserver-les-essences-tropicales","status":"publish","type":"post","link":"https:\/\/itemm.fr\/itemm\/projet-bois-locaux-et-instruments-a-vent-bliv-la-stabilisation-du-bois-local-pour-preserver-les-essences-tropicales\/","title":{"rendered":"Projet Bois Locaux et Instruments \u00e0 Vent BLIV , la stabilisation du bois local pour pr\u00e9server les essences tropicales."},"content":{"rendered":"<p><span style=\"font-weight: 400;\">Le projet B-LIV vise \u00e0 proposer des mat\u00e9riaux originaux, esth\u00e9tiques et innovants en faveur de l\u2019ind\u00e9pendance sur les mati\u00e8res premi\u00e8res, la pr\u00e9servation d&#8217;\u00e9cosyst\u00e8mes tropicaux \u00e0 temps de croissance lents et l\u2019adaptation au changement climatique.\u00a0<\/span><\/p>\n<p><span style=\"font-weight: 400;\">L\u2019ITEMM \u00e9tudie une m\u00e9thode de stabilisation de bois destin\u00e9e aux instruments \u00e0 vent, par injection de r\u00e9sine stabilisatrice sous vide dans du bois. Cette m\u00e9thode peut permettre de valoriser n\u2019importe quelle essence de bois local de m\u00e9tropole en la densifiant et en la rendant insensible aux variations d\u2019humidit\u00e9 courantes dans un instrument \u00e0 vent.\u00a0<\/span><\/p>\n<p><span style=\"font-weight: 400;\">Cette approche est connue depuis longtemps pour le bois : <a href=\"https:\/\/link.springer.com\/article\/10.1007\/s40725-015-0017-5\">https:\/\/link.springer.com\/article\/10.1007\/s40725-015-0017-5\u00a0<\/a><\/span><\/p>\n<p><span style=\"font-weight: 400;\">mais n\u2019est pas encore tr\u00e8s r\u00e9pandue pour les instruments \u00e0 l\u2019inverse des domaine de la coutellerie, du tournage, etc.\u00a0<\/span><\/p>\n<p><span style=\"font-weight: 400;\">La principale probl\u00e9matique pour un instrument \u00e0 vent est d\u2019avoir une mati\u00e8re qui soit tr\u00e8s stable par rapport \u00e0 des variations de teneur en eau du bois, mais il faut aussi que cette mati\u00e8re se travaille bien (polissage de la perce par exemple) et puisse \u00eatre suffisamment r\u00e9sistante \u00e0 l\u2019endommagement, lors de l\u2019usinage, puis lors de son utilisation.<\/span><\/p>\n<p>&nbsp;<\/p>\n<div id=\"attachment_43848\" style=\"width: 418px\" class=\"wp-caption alignleft\"><img fetchpriority=\"high\" decoding=\"async\" aria-describedby=\"caption-attachment-43848\" class=\" wp-image-43848\" src=\"https:\/\/itemm.fr\/itemm\/wp-content\/uploads\/2023\/01\/BL_IV_1-300x141.png\" alt=\"\" width=\"408\" height=\"192\" srcset=\"https:\/\/itemm.fr\/itemm\/wp-content\/uploads\/2023\/01\/BL_IV_1-300x141.png 300w, https:\/\/itemm.fr\/itemm\/wp-content\/uploads\/2023\/01\/BL_IV_1-600x282.png 600w, https:\/\/itemm.fr\/itemm\/wp-content\/uploads\/2023\/01\/BL_IV_1-1024x482.png 1024w, https:\/\/itemm.fr\/itemm\/wp-content\/uploads\/2023\/01\/BL_IV_1-768x362.png 768w, https:\/\/itemm.fr\/itemm\/wp-content\/uploads\/2023\/01\/BL_IV_1.png 1334w\" sizes=\"(max-width: 408px) 100vw, 408px\" \/><p id=\"caption-attachment-43848\" class=\"wp-caption-text\">Figure 1 : exemple de bois d\u2019\u00e9rable \u00e9chauff\u00e9 avant et apr\u00e8s stabilisation<\/p><\/div>\n<div id=\"attachment_43849\" style=\"width: 243px\" class=\"wp-caption alignright\"><img decoding=\"async\" aria-describedby=\"caption-attachment-43849\" class=\"size-medium wp-image-43849\" src=\"https:\/\/itemm.fr\/itemm\/wp-content\/uploads\/2023\/01\/BL_IV_II-233x300.png\" alt=\"\" width=\"233\" height=\"300\" srcset=\"https:\/\/itemm.fr\/itemm\/wp-content\/uploads\/2023\/01\/BL_IV_II-233x300.png 233w, https:\/\/itemm.fr\/itemm\/wp-content\/uploads\/2023\/01\/BL_IV_II-600x771.png 600w, https:\/\/itemm.fr\/itemm\/wp-content\/uploads\/2023\/01\/BL_IV_II.png 613w\" sizes=\"(max-width: 233px) 100vw, 233px\" \/><p id=\"caption-attachment-43849\" class=\"wp-caption-text\">Figure 2 : plaque d\u2019\u00e9rable \u00e9chauff\u00e9 stabilis\u00e9<\/p><\/div>\n<p>&nbsp;<\/p>\n<p>&nbsp;<\/p>\n<p>&nbsp;<\/p>\n<p>&nbsp;<\/p>\n<p>&nbsp;<\/p>\n<p>&nbsp;<\/p>\n<p>&nbsp;<\/p>\n<p>&nbsp;<\/p>\n<p>&nbsp;<\/p>\n<p>&nbsp;<\/p>\n<p>&nbsp;<\/p>\n<p>&nbsp;<\/p>\n<p><span style=\"font-weight: 400;\">L\u2019\u00e9tude fera intervenir l\u2019usinage num\u00e9rique, la stabilisation, les analyses dimensionnelles et massiques en enceinte climatiques, la tomodensitom\u00e9trie, et diverses approches m\u00e9caniques pour tester la mati\u00e8re, ses caract\u00e9ristiques sonores, etc.<\/span><\/p>\n<p><span style=\"font-weight: 400;\">Nous avons h\u00e2te de vous faire d\u00e9couvrir les premiers instruments dans ces mati\u00e8res.<\/span><\/p>\n<p><span style=\"font-weight: 400;\">Le projet BLIV se divise en 6 actions.<\/span><\/p>\n<p><b>Action 1 :<\/b><span style=\"font-weight: 400;\"> Etat de l\u2019art, plans d\u2019exp\u00e9rience, \u00e9tude de march\u00e9, outils num\u00e9riques :<\/span><\/p>\n<p><span style=\"font-weight: 400;\">Les r\u00e9sultats attendus seront rassembl\u00e9s dans un rapport d\u2019\u00e9tude pilot\u00e9 par le P\u00f4le Recherche et Innovation pouvant faire intervenir des prestataires sur des phases sp\u00e9cifiques (Analyse de Cycle de Vie -ACV- par exemple).<\/span><\/p>\n<p><b>Action 2 :<\/b><span style=\"font-weight: 400;\"> Acquisition d\u2019\u00e9quipements, fabrication, caract\u00e9risations<\/span><\/p>\n<p><span style=\"font-weight: 400;\">L\u2019ITEMM va \u00e9tudier les param\u00e8tres optimaux de s\u00e9chage acc\u00e9l\u00e9r\u00e9, temps d\u2019impr\u00e9gnation et de polym\u00e9risation de la r\u00e9sine. Pour ce faire, des moyens exp\u00e9rimentaux (\u00e9tuves, pi\u00e8ges \u00e0 vide) et de simulations (du s\u00e9chage et de l&#8217;impr\u00e9gnation par le produit stabilisant) seront donc mobilis\u00e9s. Ces diff\u00e9rents \u00e9l\u00e9ments contribueront \u00e0 la fabrication d\u2019\u00e9chantillons, qui seront par la suite test\u00e9s. Cette phase permettra donc de quantifier l\u2019optimisation de la mati\u00e8re premi\u00e8re, et sa mise en valeur la plus ad\u00e9quate. De plus, l\u2019\u00e9tude des proc\u00e9d\u00e9s permettra une \u00e9conomie des mati\u00e8res et \u00e9quipements associ\u00e9s, ainsi que de r\u00e9duire l\u2019\u00e9nergie d\u00e9pens\u00e9e pour chaque \u00e9tape.<\/span><\/p>\n<p><b>Action 3<\/b><span style=\"font-weight: 400;\"> : Fabrication d&#8217;instruments complets, int\u00e9gration dans la gestion de la ressource au sein de l\u2019ITEMM, \u00e9tude des liens avec la fili\u00e8re bois.<\/span><\/p>\n<p><span style=\"font-weight: 400;\">Cette phase permettra la mise en pratique du protocole dans le cadre de la formation de la promotion Brevet des M\u00e9tiers d\u2019Art &#8211; section instruments \u00e0 vent, en visant la fabrication d&#8217;instruments complets. Les r\u00e9sultats attendus seront des instruments complets test\u00e9s en condition de jeu, fabriqu\u00e9s en petite s\u00e9rie<\/span><\/p>\n<p><b>Action 4 :<\/b><span style=\"font-weight: 400;\"> Publications, communications scientifiques et campagne exp\u00e9rimentale aupr\u00e8s des cibles.<\/span><\/p>\n<p><span style=\"font-weight: 400;\">Les r\u00e9sultats de cette phase seront la valorisation des r\u00e9sultats sous forme d\u2019articles scientifiques, de communications dans des congr\u00e8s scientifiques et de restitution des activit\u00e9s dans des journ\u00e9es facture instrumentale et sciences, organis\u00e9es par l\u2019ITEMM \u00e0 destination des fabricants, chercheurs et musiciens.<\/span><\/p>\n<p><b>Action 5 :<\/b><span style=\"font-weight: 400;\"> Cr\u00e9ation d\u2019une offre de formation pour les apprenant.e.s de l\u2019ITEMM, professionnels des m\u00e9tiers de la musique<\/span><\/p>\n<p><span style=\"font-weight: 400;\">Un outil en ligne sur la plate-forme de l\u2019ITEMM <\/span><i><span style=\"font-weight: 400;\">Open Lab<\/span><\/i><span style=\"font-weight: 400;\"> sera propos\u00e9 pour aider les fabricants \u00e0 optimiser leurs param\u00e8tres de fabrication en fonction de leurs besoins, leurs essences de bois, leurs dimensions et leurs \u00e9quipements. De plus, les outils d\u2019usinage num\u00e9rique de l\u2019ITEMM pourront \u00eatre valoris\u00e9s pour des formations \u00e0 ces techniques de fabrication essentielles pour la p\u00e9rennit\u00e9 du m\u00e9tier et du \u201cfabriqu\u00e9 en France\u201d. Cette phase est indispensable pour un b\u00e9n\u00e9fice de R&amp;D pour toute la facture instrumentale, quelle que soit la taille des entreprises vis\u00e9es dans le secteur des ICC.<\/span><\/p>\n<p><b>Action 6 :<\/b><span style=\"font-weight: 400;\"> D\u00e9veloppement de prestations, vente de bois locaux stabilis\u00e9s, \u00e0 la demande.<\/span><\/p>\n<p><span style=\"font-weight: 400;\">L\u2019ITEMM pourra ainsi fournir des mati\u00e8res premi\u00e8res stabilis\u00e9es sp\u00e9cifiquement pour la fabrication d&#8217;instruments de musique.<\/span> <span style=\"font-weight: 400;\">Dans un souci de transfert, les m\u00e9thodes d\u00e9velopp\u00e9es seront aussi compatibles avec les moyens de production des entreprises de petite taille ou artisans, pour s\u2019adapter au changement climatique et nouvelles r\u00e9glementations associ\u00e9es.<\/span><\/p>\n<p><span style=\"font-weight: 400;\">Vous pouvez en d\u00e9couvrir plus sur les traitements du bois dans <a href=\"https:\/\/acris.aalto.fi\/ws\/portalfiles\/portal\/85850635\/CHEM_Zelinka_et_al_Review_of_Wood_Modification_2022_Forests.pdf\"><strong>cet article de synth\u00e8se.<\/strong><\/a><\/span><\/p>\n","protected":false},"excerpt":{"rendered":"<p>L\u2019ITEMM est laur\u00e9at d\u2019un appel \u00e0 projet dans le cadre de France 2030 pour \u00e9tudier la possibilit\u00e9 de remplacer les bois tropicaux dans certains contextes.<\/p>\n","protected":false},"author":3004,"featured_media":43848,"comment_status":"closed","ping_status":"closed","sticky":false,"template":"","format":"standard","meta":{"_acf_changed":false,"footnotes":""},"categories":[245,2175],"tags":[2195,2990],"class_list":["post-43847","post","type-post","status-publish","format-standard","has-post-thumbnail","hentry","category-innovation","category-recherche-appliquee-materiaux","tag-projet","tag-stabilisation-du-bois","category-245","category-2175","description-off"],"acf":[],"yoast_head":"<!-- This site is optimized with the Yoast SEO plugin v27.5 - https:\/\/yoast.com\/product\/yoast-seo-wordpress\/ -->\n<title>Projet Bois Locaux et Instruments \u00e0 Vent BLIV , la stabilisation du bois local pour pr\u00e9server les essences tropicales. | Itemm -<\/title>\n<meta name=\"robots\" content=\"index, follow, max-snippet:-1, max-image-preview:large, max-video-preview:-1\" \/>\n<link rel=\"canonical\" href=\"https:\/\/itemm.fr\/itemm\/projet-bois-locaux-et-instruments-a-vent-bliv-la-stabilisation-du-bois-local-pour-preserver-les-essences-tropicales\/\" \/>\n<meta property=\"og:locale\" content=\"fr_FR\" \/>\n<meta property=\"og:type\" content=\"article\" \/>\n<meta property=\"og:title\" content=\"Projet Bois Locaux et Instruments \u00e0 Vent BLIV , la stabilisation du bois local pour pr\u00e9server les essences tropicales. | Itemm -\" \/>\n<meta property=\"og:description\" content=\"L\u2019ITEMM est laur\u00e9at d\u2019un appel \u00e0 projet dans le cadre de France 2030 pour \u00e9tudier la possibilit\u00e9 de remplacer les bois tropicaux dans certains contextes.\" \/>\n<meta property=\"og:url\" content=\"https:\/\/itemm.fr\/itemm\/projet-bois-locaux-et-instruments-a-vent-bliv-la-stabilisation-du-bois-local-pour-preserver-les-essences-tropicales\/\" \/>\n<meta property=\"og:site_name\" content=\"Itemm -\" \/>\n<meta property=\"article:publisher\" content=\"https:\/\/www.facebook.com\/itemm.lemans\" \/>\n<meta property=\"article:published_time\" content=\"2023-01-05T16:00:58+00:00\" \/>\n<meta property=\"article:modified_time\" content=\"2024-03-20T10:52:20+00:00\" \/>\n<meta property=\"og:image\" content=\"https:\/\/itemm.fr\/itemm\/wp-content\/uploads\/2023\/01\/BL_IV_1.png\" \/>\n\t<meta property=\"og:image:width\" content=\"1334\" \/>\n\t<meta property=\"og:image:height\" content=\"628\" \/>\n\t<meta property=\"og:image:type\" content=\"image\/png\" \/>\n<meta name=\"author\" content=\"cedric.charrier\" \/>\n<script type=\"application\/ld+json\" class=\"yoast-schema-graph\">{\"@context\":\"https:\\\/\\\/schema.org\",\"@graph\":[{\"@type\":\"Article\",\"@id\":\"https:\\\/\\\/itemm.fr\\\/itemm\\\/projet-bois-locaux-et-instruments-a-vent-bliv-la-stabilisation-du-bois-local-pour-preserver-les-essences-tropicales\\\/#article\",\"isPartOf\":{\"@id\":\"https:\\\/\\\/itemm.fr\\\/itemm\\\/projet-bois-locaux-et-instruments-a-vent-bliv-la-stabilisation-du-bois-local-pour-preserver-les-essences-tropicales\\\/\"},\"author\":{\"name\":\"cedric.charrier\",\"@id\":\"https:\\\/\\\/itemm.fr\\\/itemm\\\/#\\\/schema\\\/person\\\/37d1ada7958a6232148f9ef96178ccd3\"},\"headline\":\"Projet Bois Locaux et Instruments \u00e0 Vent BLIV , la stabilisation du bois local pour pr\u00e9server les essences tropicales.\",\"datePublished\":\"2023-01-05T16:00:58+00:00\",\"dateModified\":\"2024-03-20T10:52:20+00:00\",\"mainEntityOfPage\":{\"@id\":\"https:\\\/\\\/itemm.fr\\\/itemm\\\/projet-bois-locaux-et-instruments-a-vent-bliv-la-stabilisation-du-bois-local-pour-preserver-les-essences-tropicales\\\/\"},\"wordCount\":873,\"publisher\":{\"@id\":\"https:\\\/\\\/itemm.fr\\\/itemm\\\/#organization\"},\"image\":{\"@id\":\"https:\\\/\\\/itemm.fr\\\/itemm\\\/projet-bois-locaux-et-instruments-a-vent-bliv-la-stabilisation-du-bois-local-pour-preserver-les-essences-tropicales\\\/#primaryimage\"},\"thumbnailUrl\":\"https:\\\/\\\/itemm.fr\\\/itemm\\\/wp-content\\\/uploads\\\/2023\\\/01\\\/BL_IV_1.png\",\"keywords\":[\"Projet\",\"stabilisation du bois\"],\"articleSection\":[\"innovation\",\"Recherche appliqu\u00e9e mat\u00e9riaux\"],\"inLanguage\":\"fr-FR\"},{\"@type\":\"WebPage\",\"@id\":\"https:\\\/\\\/itemm.fr\\\/itemm\\\/projet-bois-locaux-et-instruments-a-vent-bliv-la-stabilisation-du-bois-local-pour-preserver-les-essences-tropicales\\\/\",\"url\":\"https:\\\/\\\/itemm.fr\\\/itemm\\\/projet-bois-locaux-et-instruments-a-vent-bliv-la-stabilisation-du-bois-local-pour-preserver-les-essences-tropicales\\\/\",\"name\":\"Projet Bois Locaux et Instruments \u00e0 Vent BLIV , la stabilisation du bois local pour pr\u00e9server les essences tropicales. | Itemm -\",\"isPartOf\":{\"@id\":\"https:\\\/\\\/itemm.fr\\\/itemm\\\/#website\"},\"primaryImageOfPage\":{\"@id\":\"https:\\\/\\\/itemm.fr\\\/itemm\\\/projet-bois-locaux-et-instruments-a-vent-bliv-la-stabilisation-du-bois-local-pour-preserver-les-essences-tropicales\\\/#primaryimage\"},\"image\":{\"@id\":\"https:\\\/\\\/itemm.fr\\\/itemm\\\/projet-bois-locaux-et-instruments-a-vent-bliv-la-stabilisation-du-bois-local-pour-preserver-les-essences-tropicales\\\/#primaryimage\"},\"thumbnailUrl\":\"https:\\\/\\\/itemm.fr\\\/itemm\\\/wp-content\\\/uploads\\\/2023\\\/01\\\/BL_IV_1.png\",\"datePublished\":\"2023-01-05T16:00:58+00:00\",\"dateModified\":\"2024-03-20T10:52:20+00:00\",\"breadcrumb\":{\"@id\":\"https:\\\/\\\/itemm.fr\\\/itemm\\\/projet-bois-locaux-et-instruments-a-vent-bliv-la-stabilisation-du-bois-local-pour-preserver-les-essences-tropicales\\\/#breadcrumb\"},\"inLanguage\":\"fr-FR\",\"potentialAction\":[{\"@type\":\"ReadAction\",\"target\":[\"https:\\\/\\\/itemm.fr\\\/itemm\\\/projet-bois-locaux-et-instruments-a-vent-bliv-la-stabilisation-du-bois-local-pour-preserver-les-essences-tropicales\\\/\"]}]},{\"@type\":\"ImageObject\",\"inLanguage\":\"fr-FR\",\"@id\":\"https:\\\/\\\/itemm.fr\\\/itemm\\\/projet-bois-locaux-et-instruments-a-vent-bliv-la-stabilisation-du-bois-local-pour-preserver-les-essences-tropicales\\\/#primaryimage\",\"url\":\"https:\\\/\\\/itemm.fr\\\/itemm\\\/wp-content\\\/uploads\\\/2023\\\/01\\\/BL_IV_1.png\",\"contentUrl\":\"https:\\\/\\\/itemm.fr\\\/itemm\\\/wp-content\\\/uploads\\\/2023\\\/01\\\/BL_IV_1.png\",\"width\":1334,\"height\":628,\"caption\":\"Figure 1 : exemple de bois d\u2019\u00e9rable \u00e9chauff\u00e9 avant et apr\u00e8s stabilisation\"},{\"@type\":\"BreadcrumbList\",\"@id\":\"https:\\\/\\\/itemm.fr\\\/itemm\\\/projet-bois-locaux-et-instruments-a-vent-bliv-la-stabilisation-du-bois-local-pour-preserver-les-essences-tropicales\\\/#breadcrumb\",\"itemListElement\":[{\"@type\":\"ListItem\",\"position\":1,\"name\":\"Accueil\",\"item\":\"https:\\\/\\\/itemm.fr\\\/itemm\\\/\"},{\"@type\":\"ListItem\",\"position\":2,\"name\":\"Projet Bois Locaux et Instruments \u00e0 Vent BLIV , la stabilisation du bois local pour pr\u00e9server les essences tropicales.\"}]},{\"@type\":\"WebSite\",\"@id\":\"https:\\\/\\\/itemm.fr\\\/itemm\\\/#website\",\"url\":\"https:\\\/\\\/itemm.fr\\\/itemm\\\/\",\"name\":\"Itemm\",\"description\":\"Institut technologique europ\u00e9en des m\u00e9tiers de la musique au Mans (72)\",\"publisher\":{\"@id\":\"https:\\\/\\\/itemm.fr\\\/itemm\\\/#organization\"},\"potentialAction\":[{\"@type\":\"SearchAction\",\"target\":{\"@type\":\"EntryPoint\",\"urlTemplate\":\"https:\\\/\\\/itemm.fr\\\/itemm\\\/?s={search_term_string}\"},\"query-input\":{\"@type\":\"PropertyValueSpecification\",\"valueRequired\":true,\"valueName\":\"search_term_string\"}}],\"inLanguage\":\"fr-FR\"},{\"@type\":\"Organization\",\"@id\":\"https:\\\/\\\/itemm.fr\\\/itemm\\\/#organization\",\"name\":\"ITEMM\",\"alternateName\":\"ITEMM\",\"url\":\"https:\\\/\\\/itemm.fr\\\/itemm\\\/\",\"logo\":{\"@type\":\"ImageObject\",\"inLanguage\":\"fr-FR\",\"@id\":\"https:\\\/\\\/itemm.fr\\\/itemm\\\/#\\\/schema\\\/logo\\\/image\\\/\",\"url\":\"https:\\\/\\\/itemm.fr\\\/itemm\\\/wp-content\\\/uploads\\\/2021\\\/12\\\/logo-itemm-piano-on.png\",\"contentUrl\":\"https:\\\/\\\/itemm.fr\\\/itemm\\\/wp-content\\\/uploads\\\/2021\\\/12\\\/logo-itemm-piano-on.png\",\"width\":446,\"height\":294,\"caption\":\"ITEMM\"},\"image\":{\"@id\":\"https:\\\/\\\/itemm.fr\\\/itemm\\\/#\\\/schema\\\/logo\\\/image\\\/\"},\"sameAs\":[\"https:\\\/\\\/www.facebook.com\\\/itemm.lemans\",\"https:\\\/\\\/www.instagram.com\\\/itemmlemans\\\/\",\"https:\\\/\\\/www.linkedin.com\\\/in\\\/itemm\\\/\"]},{\"@type\":\"Person\",\"@id\":\"https:\\\/\\\/itemm.fr\\\/itemm\\\/#\\\/schema\\\/person\\\/37d1ada7958a6232148f9ef96178ccd3\",\"name\":\"cedric.charrier\",\"image\":{\"@type\":\"ImageObject\",\"inLanguage\":\"fr-FR\",\"@id\":\"https:\\\/\\\/itemm.fr\\\/itemm\\\/wp-content\\\/litespeed\\\/avatar\\\/6b2a3f567f020e8b4afbfd33154a4be6.jpg?ver=1777465861\",\"url\":\"https:\\\/\\\/itemm.fr\\\/itemm\\\/wp-content\\\/litespeed\\\/avatar\\\/6b2a3f567f020e8b4afbfd33154a4be6.jpg?ver=1777465861\",\"contentUrl\":\"https:\\\/\\\/itemm.fr\\\/itemm\\\/wp-content\\\/litespeed\\\/avatar\\\/6b2a3f567f020e8b4afbfd33154a4be6.jpg?ver=1777465861\",\"caption\":\"cedric.charrier\"},\"url\":\"https:\\\/\\\/itemm.fr\\\/itemm\\\/author\\\/cedric\\\/\"}]}<\/script>\n<!-- \/ Yoast SEO plugin. -->","yoast_head_json":{"title":"Projet Bois Locaux et Instruments \u00e0 Vent BLIV , la stabilisation du bois local pour pr\u00e9server les essences tropicales. | Itemm -","robots":{"index":"index","follow":"follow","max-snippet":"max-snippet:-1","max-image-preview":"max-image-preview:large","max-video-preview":"max-video-preview:-1"},"canonical":"https:\/\/itemm.fr\/itemm\/projet-bois-locaux-et-instruments-a-vent-bliv-la-stabilisation-du-bois-local-pour-preserver-les-essences-tropicales\/","og_locale":"fr_FR","og_type":"article","og_title":"Projet Bois Locaux et Instruments \u00e0 Vent BLIV , la stabilisation du bois local pour pr\u00e9server les essences tropicales. | Itemm -","og_description":"L\u2019ITEMM est laur\u00e9at d\u2019un appel \u00e0 projet dans le cadre de France 2030 pour \u00e9tudier la possibilit\u00e9 de remplacer les bois tropicaux dans certains contextes.","og_url":"https:\/\/itemm.fr\/itemm\/projet-bois-locaux-et-instruments-a-vent-bliv-la-stabilisation-du-bois-local-pour-preserver-les-essences-tropicales\/","og_site_name":"Itemm -","article_publisher":"https:\/\/www.facebook.com\/itemm.lemans","article_published_time":"2023-01-05T16:00:58+00:00","article_modified_time":"2024-03-20T10:52:20+00:00","og_image":[{"width":1334,"height":628,"url":"https:\/\/itemm.fr\/itemm\/wp-content\/uploads\/2023\/01\/BL_IV_1.png","type":"image\/png"}],"author":"cedric.charrier","schema":{"@context":"https:\/\/schema.org","@graph":[{"@type":"Article","@id":"https:\/\/itemm.fr\/itemm\/projet-bois-locaux-et-instruments-a-vent-bliv-la-stabilisation-du-bois-local-pour-preserver-les-essences-tropicales\/#article","isPartOf":{"@id":"https:\/\/itemm.fr\/itemm\/projet-bois-locaux-et-instruments-a-vent-bliv-la-stabilisation-du-bois-local-pour-preserver-les-essences-tropicales\/"},"author":{"name":"cedric.charrier","@id":"https:\/\/itemm.fr\/itemm\/#\/schema\/person\/37d1ada7958a6232148f9ef96178ccd3"},"headline":"Projet Bois Locaux et Instruments \u00e0 Vent BLIV , la stabilisation du bois local pour pr\u00e9server les essences tropicales.","datePublished":"2023-01-05T16:00:58+00:00","dateModified":"2024-03-20T10:52:20+00:00","mainEntityOfPage":{"@id":"https:\/\/itemm.fr\/itemm\/projet-bois-locaux-et-instruments-a-vent-bliv-la-stabilisation-du-bois-local-pour-preserver-les-essences-tropicales\/"},"wordCount":873,"publisher":{"@id":"https:\/\/itemm.fr\/itemm\/#organization"},"image":{"@id":"https:\/\/itemm.fr\/itemm\/projet-bois-locaux-et-instruments-a-vent-bliv-la-stabilisation-du-bois-local-pour-preserver-les-essences-tropicales\/#primaryimage"},"thumbnailUrl":"https:\/\/itemm.fr\/itemm\/wp-content\/uploads\/2023\/01\/BL_IV_1.png","keywords":["Projet","stabilisation du bois"],"articleSection":["innovation","Recherche appliqu\u00e9e mat\u00e9riaux"],"inLanguage":"fr-FR"},{"@type":"WebPage","@id":"https:\/\/itemm.fr\/itemm\/projet-bois-locaux-et-instruments-a-vent-bliv-la-stabilisation-du-bois-local-pour-preserver-les-essences-tropicales\/","url":"https:\/\/itemm.fr\/itemm\/projet-bois-locaux-et-instruments-a-vent-bliv-la-stabilisation-du-bois-local-pour-preserver-les-essences-tropicales\/","name":"Projet Bois Locaux et Instruments \u00e0 Vent BLIV , la stabilisation du bois local pour pr\u00e9server les essences tropicales. | Itemm -","isPartOf":{"@id":"https:\/\/itemm.fr\/itemm\/#website"},"primaryImageOfPage":{"@id":"https:\/\/itemm.fr\/itemm\/projet-bois-locaux-et-instruments-a-vent-bliv-la-stabilisation-du-bois-local-pour-preserver-les-essences-tropicales\/#primaryimage"},"image":{"@id":"https:\/\/itemm.fr\/itemm\/projet-bois-locaux-et-instruments-a-vent-bliv-la-stabilisation-du-bois-local-pour-preserver-les-essences-tropicales\/#primaryimage"},"thumbnailUrl":"https:\/\/itemm.fr\/itemm\/wp-content\/uploads\/2023\/01\/BL_IV_1.png","datePublished":"2023-01-05T16:00:58+00:00","dateModified":"2024-03-20T10:52:20+00:00","breadcrumb":{"@id":"https:\/\/itemm.fr\/itemm\/projet-bois-locaux-et-instruments-a-vent-bliv-la-stabilisation-du-bois-local-pour-preserver-les-essences-tropicales\/#breadcrumb"},"inLanguage":"fr-FR","potentialAction":[{"@type":"ReadAction","target":["https:\/\/itemm.fr\/itemm\/projet-bois-locaux-et-instruments-a-vent-bliv-la-stabilisation-du-bois-local-pour-preserver-les-essences-tropicales\/"]}]},{"@type":"ImageObject","inLanguage":"fr-FR","@id":"https:\/\/itemm.fr\/itemm\/projet-bois-locaux-et-instruments-a-vent-bliv-la-stabilisation-du-bois-local-pour-preserver-les-essences-tropicales\/#primaryimage","url":"https:\/\/itemm.fr\/itemm\/wp-content\/uploads\/2023\/01\/BL_IV_1.png","contentUrl":"https:\/\/itemm.fr\/itemm\/wp-content\/uploads\/2023\/01\/BL_IV_1.png","width":1334,"height":628,"caption":"Figure 1 : exemple de bois d\u2019\u00e9rable \u00e9chauff\u00e9 avant et apr\u00e8s stabilisation"},{"@type":"BreadcrumbList","@id":"https:\/\/itemm.fr\/itemm\/projet-bois-locaux-et-instruments-a-vent-bliv-la-stabilisation-du-bois-local-pour-preserver-les-essences-tropicales\/#breadcrumb","itemListElement":[{"@type":"ListItem","position":1,"name":"Accueil","item":"https:\/\/itemm.fr\/itemm\/"},{"@type":"ListItem","position":2,"name":"Projet Bois Locaux et Instruments \u00e0 Vent BLIV , la stabilisation du bois local pour pr\u00e9server les essences tropicales."}]},{"@type":"WebSite","@id":"https:\/\/itemm.fr\/itemm\/#website","url":"https:\/\/itemm.fr\/itemm\/","name":"Itemm","description":"Institut technologique europ\u00e9en des m\u00e9tiers de la musique au Mans (72)","publisher":{"@id":"https:\/\/itemm.fr\/itemm\/#organization"},"potentialAction":[{"@type":"SearchAction","target":{"@type":"EntryPoint","urlTemplate":"https:\/\/itemm.fr\/itemm\/?s={search_term_string}"},"query-input":{"@type":"PropertyValueSpecification","valueRequired":true,"valueName":"search_term_string"}}],"inLanguage":"fr-FR"},{"@type":"Organization","@id":"https:\/\/itemm.fr\/itemm\/#organization","name":"ITEMM","alternateName":"ITEMM","url":"https:\/\/itemm.fr\/itemm\/","logo":{"@type":"ImageObject","inLanguage":"fr-FR","@id":"https:\/\/itemm.fr\/itemm\/#\/schema\/logo\/image\/","url":"https:\/\/itemm.fr\/itemm\/wp-content\/uploads\/2021\/12\/logo-itemm-piano-on.png","contentUrl":"https:\/\/itemm.fr\/itemm\/wp-content\/uploads\/2021\/12\/logo-itemm-piano-on.png","width":446,"height":294,"caption":"ITEMM"},"image":{"@id":"https:\/\/itemm.fr\/itemm\/#\/schema\/logo\/image\/"},"sameAs":["https:\/\/www.facebook.com\/itemm.lemans","https:\/\/www.instagram.com\/itemmlemans\/","https:\/\/www.linkedin.com\/in\/itemm\/"]},{"@type":"Person","@id":"https:\/\/itemm.fr\/itemm\/#\/schema\/person\/37d1ada7958a6232148f9ef96178ccd3","name":"cedric.charrier","image":{"@type":"ImageObject","inLanguage":"fr-FR","@id":"https:\/\/itemm.fr\/itemm\/wp-content\/litespeed\/avatar\/6b2a3f567f020e8b4afbfd33154a4be6.jpg?ver=1777465861","url":"https:\/\/itemm.fr\/itemm\/wp-content\/litespeed\/avatar\/6b2a3f567f020e8b4afbfd33154a4be6.jpg?ver=1777465861","contentUrl":"https:\/\/itemm.fr\/itemm\/wp-content\/litespeed\/avatar\/6b2a3f567f020e8b4afbfd33154a4be6.jpg?ver=1777465861","caption":"cedric.charrier"},"url":"https:\/\/itemm.fr\/itemm\/author\/cedric\/"}]}},"_links":{"self":[{"href":"https:\/\/itemm.fr\/itemm\/wp-json\/wp\/v2\/posts\/43847","targetHints":{"allow":["GET"]}}],"collection":[{"href":"https:\/\/itemm.fr\/itemm\/wp-json\/wp\/v2\/posts"}],"about":[{"href":"https:\/\/itemm.fr\/itemm\/wp-json\/wp\/v2\/types\/post"}],"author":[{"embeddable":true,"href":"https:\/\/itemm.fr\/itemm\/wp-json\/wp\/v2\/users\/3004"}],"replies":[{"embeddable":true,"href":"https:\/\/itemm.fr\/itemm\/wp-json\/wp\/v2\/comments?post=43847"}],"version-history":[{"count":0,"href":"https:\/\/itemm.fr\/itemm\/wp-json\/wp\/v2\/posts\/43847\/revisions"}],"wp:featuredmedia":[{"embeddable":true,"href":"https:\/\/itemm.fr\/itemm\/wp-json\/wp\/v2\/media\/43848"}],"wp:attachment":[{"href":"https:\/\/itemm.fr\/itemm\/wp-json\/wp\/v2\/media?parent=43847"}],"wp:term":[{"taxonomy":"category","embeddable":true,"href":"https:\/\/itemm.fr\/itemm\/wp-json\/wp\/v2\/categories?post=43847"},{"taxonomy":"post_tag","embeddable":true,"href":"https:\/\/itemm.fr\/itemm\/wp-json\/wp\/v2\/tags?post=43847"}],"curies":[{"name":"wp","href":"https:\/\/api.w.org\/{rel}","templated":true}]}}