{"id":39665,"date":"2022-09-07T17:12:19","date_gmt":"2022-09-07T15:12:19","guid":{"rendered":"https:\/\/itemm.fr\/itemm\/?p=39665"},"modified":"2022-09-07T17:13:41","modified_gmt":"2022-09-07T15:13:41","slug":"la-formation-maintenance-et-restauration-des-accordeons-niveau-2-presentee-par-thierry-benetoux","status":"publish","type":"post","link":"https:\/\/itemm.fr\/itemm\/la-formation-maintenance-et-restauration-des-accordeons-niveau-2-presentee-par-thierry-benetoux\/","title":{"rendered":"La formation \u201cMaintenance et restauration des accord\u00e9ons (niveau 2)\u201d pr\u00e9sent\u00e9e par Thierry B\u00e9n\u00e9toux"},"content":{"rendered":"\t\t<div data-elementor-type=\"wp-post\" data-elementor-id=\"39665\" class=\"elementor elementor-39665\" data-elementor-post-type=\"post\">\n\t\t\t\t\t\t<section class=\"elementor-section elementor-top-section elementor-element elementor-element-314ca677 elementor-section-boxed elementor-section-height-default elementor-section-height-default\" data-id=\"314ca677\" data-element_type=\"section\" data-e-type=\"section\" data-settings=\"{&quot;ekit_has_onepagescroll_dot&quot;:&quot;yes&quot;}\">\n\t\t\t\t\t\t<div class=\"elementor-container elementor-column-gap-default\">\n\t\t\t\t\t<div class=\"elementor-column elementor-col-100 elementor-top-column elementor-element elementor-element-3fd1bf53\" data-id=\"3fd1bf53\" data-element_type=\"column\" data-e-type=\"column\">\n\t\t\t<div class=\"elementor-widget-wrap elementor-element-populated\">\n\t\t\t\t\t\t\t<\/div>\n\t\t<\/div>\n\t\t\t\t\t<\/div>\n\t\t<\/section>\n\t\t\t\t<section class=\"elementor-section elementor-top-section elementor-element elementor-element-1a504365 elementor-section-height-min-height elementor-section-boxed elementor-section-height-default elementor-section-items-middle\" data-id=\"1a504365\" data-element_type=\"section\" data-e-type=\"section\" data-settings=\"{&quot;background_background&quot;:&quot;gradient&quot;,&quot;shape_divider_bottom&quot;:&quot;waves&quot;,&quot;ekit_has_onepagescroll_dot&quot;:&quot;yes&quot;}\">\n\t\t\t\t\t\t\t<div class=\"elementor-background-overlay\"><\/div>\n\t\t\t\t\t\t<div class=\"elementor-shape elementor-shape-bottom\" aria-hidden=\"true\" data-negative=\"false\">\n\t\t\t<svg xmlns=\"http:\/\/www.w3.org\/2000\/svg\" viewBox=\"0 0 1000 100\" preserveAspectRatio=\"none\">\n\t<path class=\"elementor-shape-fill\" d=\"M421.9,6.5c22.6-2.5,51.5,0.4,75.5,5.3c23.6,4.9,70.9,23.5,100.5,35.7c75.8,32.2,133.7,44.5,192.6,49.7\n\tc23.6,2.1,48.7,3.5,103.4-2.5c54.7-6,106.2-25.6,106.2-25.6V0H0v30.3c0,0,72,32.6,158.4,30.5c39.2-0.7,92.8-6.7,134-22.4\n\tc21.2-8.1,52.2-18.2,79.7-24.2C399.3,7.9,411.6,7.5,421.9,6.5z\"\/>\n<\/svg>\t\t<\/div>\n\t\t\t\t\t<div class=\"elementor-container elementor-column-gap-default\">\n\t\t\t\t\t<div class=\"elementor-column elementor-col-100 elementor-top-column elementor-element elementor-element-3f913b4e\" data-id=\"3f913b4e\" data-element_type=\"column\" data-e-type=\"column\">\n\t\t\t<div class=\"elementor-widget-wrap elementor-element-populated\">\n\t\t\t\t\t\t<div class=\"elementor-element elementor-element-6de6c9a1 elementor-widget elementor-widget-theme-post-title elementor-page-title elementor-widget-heading\" data-id=\"6de6c9a1\" data-element_type=\"widget\" data-e-type=\"widget\" data-settings=\"{&quot;ekit_we_effect_on&quot;:&quot;none&quot;}\" data-widget_type=\"theme-post-title.default\">\n\t\t\t\t\t<h1 class=\"elementor-heading-title elementor-size-default\">La formation \u201cMaintenance et restauration des accord\u00e9ons (niveau 2)\u201d pr\u00e9sent\u00e9e par Thierry B\u00e9n\u00e9toux<\/h1>\t\t\t\t<\/div>\n\t\t\t\t<div class=\"elementor-element elementor-element-2cb4e803 elementor-align-center elementor-widget elementor-widget-post-info\" data-id=\"2cb4e803\" data-element_type=\"widget\" data-e-type=\"widget\" data-settings=\"{&quot;ekit_we_effect_on&quot;:&quot;none&quot;}\" data-widget_type=\"post-info.default\">\n\t\t\t\t\t\t\t<ul class=\"elementor-inline-items elementor-icon-list-items elementor-post-info\">\n\t\t\t\t\t\t\t\t<li class=\"elementor-icon-list-item elementor-repeater-item-ede85bd elementor-inline-item\" itemprop=\"author\">\n\t\t\t\t\t\t<a href=\"https:\/\/itemm.fr\/itemm\/author\/cedric\/\">\n\t\t\t\t\t\t\t\t\t\t\t\t\t\t<span class=\"elementor-icon-list-text elementor-post-info__item elementor-post-info__item--type-author\">\n\t\t\t\t\t\t\t\t\t\tcedric.charrier\t\t\t\t\t<\/span>\n\t\t\t\t\t\t\t\t\t<\/a>\n\t\t\t\t<\/li>\n\t\t\t\t<li class=\"elementor-icon-list-item elementor-repeater-item-ef11192 elementor-inline-item\" itemprop=\"datePublished\">\n\t\t\t\t\t\t<a href=\"https:\/\/itemm.fr\/itemm\/2022\/09\/07\/\">\n\t\t\t\t\t\t\t\t\t\t\t\t\t\t<span class=\"elementor-icon-list-text elementor-post-info__item elementor-post-info__item--type-date\">\n\t\t\t\t\t\t\t\t\t\t<time>septembre 7, 2022<\/time>\t\t\t\t\t<\/span>\n\t\t\t\t\t\t\t\t\t<\/a>\n\t\t\t\t<\/li>\n\t\t\t\t<li class=\"elementor-icon-list-item elementor-repeater-item-e52f4f7 elementor-inline-item\" itemprop=\"about\">\n\t\t\t\t\t\t\t\t\t\t<span class=\"elementor-icon-list-icon\">\n\t\t\t\t\t\t\t\t<i aria-hidden=\"true\" class=\"fas fa-tags\"><\/i>\t\t\t\t\t\t\t<\/span>\n\t\t\t\t\t\t\t\t\t<span class=\"elementor-icon-list-text elementor-post-info__item elementor-post-info__item--type-terms\">\n\t\t\t\t\t\t\t\t\t\t<span class=\"elementor-post-info__terms-list\">\n\t\t\t\t<a href=\"https:\/\/itemm.fr\/itemm\/category\/actualites\/\" class=\"elementor-post-info__terms-list-item\">Actualit\u00e9s<\/a>, <a href=\"https:\/\/itemm.fr\/itemm\/category\/articles\/\" class=\"elementor-post-info__terms-list-item\">articles<\/a>\t\t\t\t<\/span>\n\t\t\t\t\t<\/span>\n\t\t\t\t\t\t\t\t<\/li>\n\t\t\t\t<\/ul>\n\t\t\t\t\t\t<\/div>\n\t\t\t\t\t<\/div>\n\t\t<\/div>\n\t\t\t\t\t<\/div>\n\t\t<\/section>\n\t\t\t\t<section class=\"elementor-section elementor-top-section elementor-element elementor-element-4789fe6a elementor-section-boxed elementor-section-height-default elementor-section-height-default\" data-id=\"4789fe6a\" data-element_type=\"section\" data-e-type=\"section\" data-settings=\"{&quot;ekit_has_onepagescroll_dot&quot;:&quot;yes&quot;}\">\n\t\t\t\t\t\t<div class=\"elementor-container elementor-column-gap-default\">\n\t\t\t\t\t<div class=\"elementor-column elementor-col-100 elementor-top-column elementor-element elementor-element-5faf93ba\" data-id=\"5faf93ba\" data-element_type=\"column\" data-e-type=\"column\">\n\t\t\t<div class=\"elementor-widget-wrap elementor-element-populated\">\n\t\t\t\t\t\t<div class=\"elementor-element elementor-element-515fa6b6 elementor-widget elementor-widget-theme-post-featured-image elementor-widget-image\" data-id=\"515fa6b6\" data-element_type=\"widget\" data-e-type=\"widget\" data-settings=\"{&quot;ekit_we_effect_on&quot;:&quot;none&quot;}\" data-widget_type=\"theme-post-featured-image.default\">\n\t\t\t\t\t\t\t\t\t\t\t\t\t\t\t<img fetchpriority=\"high\" decoding=\"async\" width=\"1024\" height=\"573\" src=\"https:\/\/itemm.fr\/itemm\/wp-content\/uploads\/2022\/09\/interview-thierry-benetoux-1024x573.jpg\" class=\"attachment-large size-large wp-image-39668\" alt=\"interview-thierry-benetoux\" srcset=\"https:\/\/itemm.fr\/itemm\/wp-content\/uploads\/2022\/09\/interview-thierry-benetoux-1024x573.jpg 1024w, https:\/\/itemm.fr\/itemm\/wp-content\/uploads\/2022\/09\/interview-thierry-benetoux-600x336.jpg 600w, https:\/\/itemm.fr\/itemm\/wp-content\/uploads\/2022\/09\/interview-thierry-benetoux-300x168.jpg 300w, https:\/\/itemm.fr\/itemm\/wp-content\/uploads\/2022\/09\/interview-thierry-benetoux-768x430.jpg 768w, https:\/\/itemm.fr\/itemm\/wp-content\/uploads\/2022\/09\/interview-thierry-benetoux-1536x860.jpg 1536w, https:\/\/itemm.fr\/itemm\/wp-content\/uploads\/2022\/09\/interview-thierry-benetoux-2048x1146.jpg 2048w\" sizes=\"(max-width: 1024px) 100vw, 1024px\" \/>\t\t\t\t\t\t\t\t\t\t\t\t\t\t\t<\/div>\n\t\t\t\t<div class=\"elementor-element elementor-element-6bcb8288 elementor-widget elementor-widget-spacer\" data-id=\"6bcb8288\" data-element_type=\"widget\" data-e-type=\"widget\" data-settings=\"{&quot;ekit_we_effect_on&quot;:&quot;none&quot;}\" data-widget_type=\"spacer.default\">\n\t\t\t\t\t\t\t<div class=\"elementor-spacer\">\n\t\t\t<div class=\"elementor-spacer-inner\"><\/div>\n\t\t<\/div>\n\t\t\t\t\t\t<\/div>\n\t\t\t\t<div class=\"elementor-element elementor-element-3459e7a3 elementor-widget elementor-widget-text-editor\" data-id=\"3459e7a3\" data-element_type=\"widget\" data-e-type=\"widget\" data-settings=\"{&quot;ekit_we_effect_on&quot;:&quot;none&quot;}\" data-widget_type=\"text-editor.default\">\n\t\t\t\t\t\t\t\t\t<p>Comprendre le principe du montage du soufflet ou se lancer dans la r\u00e9paration de son instrument guid\u00e9 par un intervenant exp\u00e9riment\u00e9, tels sont les 2 points forts de la formation <a href=\"https:\/\/itemm.fr\/itemm\/formation-continue\/maintenance-et-restauration-des-accordeons-niveau-2-2\/?occurrence=2023-04-03\" target=\"_blank\">Maintenance et restauration des accord\u00e9ons (niveau 2)<\/a> qui se d\u00e9roulera du 3 au 7 avril 2023 \u00e0 l&#8217;ITEMM.<\/p>\n<p>C\u2019est Thierry B\u00e9n\u00e9toux, pilote de cette formation et grand professionnel de l&#8217;accord\u00e9on, qui le dit dans une interview que nous avons r\u00e9alis\u00e9e au printemps dernier.<\/p>\n<p>Maestro\u2026<\/p>\t\t\t\t\t\t\t\t<\/div>\n\t\t\t\t<div class=\"elementor-element elementor-element-27866ae elementor-widget elementor-widget-video\" data-id=\"27866ae\" data-element_type=\"widget\" data-e-type=\"widget\" data-settings=\"{&quot;video_type&quot;:&quot;hosted&quot;,&quot;controls&quot;:&quot;yes&quot;,&quot;ekit_we_effect_on&quot;:&quot;none&quot;}\" data-widget_type=\"video.default\">\n\t\t\t\t\t\t\t<div class=\"e-hosted-video elementor-wrapper elementor-open-inline\">\n\t\t\t\t\t<video class=\"elementor-video\" src=\"https:\/\/itemm.fr\/itemm\/wp-content\/uploads\/2022\/10\/interview-thierry-benetoux.mp4\" controls=\"\" preload=\"metadata\" controlsList=\"nodownload\" poster=\"https:\/\/itemm.fr\/itemm\/wp-content\/uploads\/2022\/09\/interview-thierry-benetoux.jpg\"><\/video>\n\t\t\t\t<\/div>\n\t\t\t\t\t\t<\/div>\n\t\t\t\t<section class=\"elementor-section elementor-inner-section elementor-element elementor-element-52c0a942 elementor-section-boxed elementor-section-height-default elementor-section-height-default\" data-id=\"52c0a942\" data-element_type=\"section\" data-e-type=\"section\" data-settings=\"{&quot;ekit_has_onepagescroll_dot&quot;:&quot;yes&quot;}\">\n\t\t\t\t\t\t<div class=\"elementor-container elementor-column-gap-default\">\n\t\t\t\t\t<div class=\"elementor-column elementor-col-50 elementor-inner-column elementor-element elementor-element-4c09c408\" data-id=\"4c09c408\" data-element_type=\"column\" data-e-type=\"column\">\n\t\t\t<div class=\"elementor-widget-wrap elementor-element-populated\">\n\t\t\t\t\t\t<div class=\"elementor-element elementor-element-5ca8b319 elementor-widget elementor-widget-heading\" data-id=\"5ca8b319\" data-element_type=\"widget\" data-e-type=\"widget\" data-settings=\"{&quot;ekit_we_effect_on&quot;:&quot;none&quot;}\" data-widget_type=\"heading.default\">\n\t\t\t\t\t<h2 class=\"elementor-heading-title elementor-size-default\">Partager cet article<\/h2>\t\t\t\t<\/div>\n\t\t\t\t\t<\/div>\n\t\t<\/div>\n\t\t\t\t<div class=\"elementor-column elementor-col-50 elementor-inner-column elementor-element elementor-element-49c5475\" data-id=\"49c5475\" data-element_type=\"column\" data-e-type=\"column\">\n\t\t\t<div class=\"elementor-widget-wrap elementor-element-populated\">\n\t\t\t\t\t\t<div class=\"elementor-element elementor-element-75a6d7bc elementor-share-buttons--view-icon elementor-share-buttons--skin-flat elementor-share-buttons--color-custom elementor-share-buttons--shape-square elementor-grid-0 elementor-widget elementor-widget-share-buttons\" data-id=\"75a6d7bc\" data-element_type=\"widget\" data-e-type=\"widget\" data-settings=\"{&quot;ekit_we_effect_on&quot;:&quot;none&quot;}\" data-widget_type=\"share-buttons.default\">\n\t\t\t\t\t\t\t<div class=\"elementor-grid\" role=\"list\">\n\t\t\t\t\t\t\t\t<div class=\"elementor-grid-item\" role=\"listitem\">\n\t\t\t\t\t\t<div class=\"elementor-share-btn elementor-share-btn_facebook\" role=\"button\" tabindex=\"0\" aria-label=\"Partager sur facebook\">\n\t\t\t\t\t\t\t\t\t\t\t\t\t\t\t<span class=\"elementor-share-btn__icon\">\n\t\t\t\t\t\t\t\t<i class=\"fab fa-facebook\" aria-hidden=\"true\"><\/i>\t\t\t\t\t\t\t<\/span>\n\t\t\t\t\t\t\t\t\t\t\t\t\t\t\t\t\t\t\t\t<\/div>\n\t\t\t\t\t<\/div>\n\t\t\t\t\t\t\t\t\t<div class=\"elementor-grid-item\" role=\"listitem\">\n\t\t\t\t\t\t<div class=\"elementor-share-btn elementor-share-btn_linkedin\" role=\"button\" tabindex=\"0\" aria-label=\"Partager sur linkedin\">\n\t\t\t\t\t\t\t\t\t\t\t\t\t\t\t<span class=\"elementor-share-btn__icon\">\n\t\t\t\t\t\t\t\t<i class=\"fab fa-linkedin\" aria-hidden=\"true\"><\/i>\t\t\t\t\t\t\t<\/span>\n\t\t\t\t\t\t\t\t\t\t\t\t\t\t\t\t\t\t\t\t<\/div>\n\t\t\t\t\t<\/div>\n\t\t\t\t\t\t\t\t\t<div class=\"elementor-grid-item\" role=\"listitem\">\n\t\t\t\t\t\t<div class=\"elementor-share-btn elementor-share-btn_twitter\" role=\"button\" tabindex=\"0\" aria-label=\"Partager sur twitter\">\n\t\t\t\t\t\t\t\t\t\t\t\t\t\t\t<span class=\"elementor-share-btn__icon\">\n\t\t\t\t\t\t\t\t<i class=\"fab fa-twitter\" aria-hidden=\"true\"><\/i>\t\t\t\t\t\t\t<\/span>\n\t\t\t\t\t\t\t\t\t\t\t\t\t\t\t\t\t\t\t\t<\/div>\n\t\t\t\t\t<\/div>\n\t\t\t\t\t\t\t\t\t<div class=\"elementor-grid-item\" role=\"listitem\">\n\t\t\t\t\t\t<div class=\"elementor-share-btn elementor-share-btn_email\" role=\"button\" tabindex=\"0\" aria-label=\"Partager sur email\">\n\t\t\t\t\t\t\t\t\t\t\t\t\t\t\t<span class=\"elementor-share-btn__icon\">\n\t\t\t\t\t\t\t\t<i class=\"fas fa-envelope\" aria-hidden=\"true\"><\/i>\t\t\t\t\t\t\t<\/span>\n\t\t\t\t\t\t\t\t\t\t\t\t\t\t\t\t\t\t\t\t<\/div>\n\t\t\t\t\t<\/div>\n\t\t\t\t\t\t<\/div>\n\t\t\t\t\t\t<\/div>\n\t\t\t\t\t<\/div>\n\t\t<\/div>\n\t\t\t\t\t<\/div>\n\t\t<\/section>\n\t\t\t\t<div class=\"elementor-element elementor-element-2cf27784 elementor-widget elementor-widget-spacer\" data-id=\"2cf27784\" data-element_type=\"widget\" data-e-type=\"widget\" data-settings=\"{&quot;ekit_we_effect_on&quot;:&quot;none&quot;}\" data-widget_type=\"spacer.default\">\n\t\t\t\t\t\t\t<div class=\"elementor-spacer\">\n\t\t\t<div class=\"elementor-spacer-inner\"><\/div>\n\t\t<\/div>\n\t\t\t\t\t\t<\/div>\n\t\t\t\t<div class=\"elementor-element elementor-element-2e1808a4 elementor-widget elementor-widget-heading\" data-id=\"2e1808a4\" data-element_type=\"widget\" data-e-type=\"widget\" data-settings=\"{&quot;ekit_we_effect_on&quot;:&quot;none&quot;}\" data-widget_type=\"heading.default\">\n\t\t\t\t\t<h2 class=\"elementor-heading-title elementor-size-default\">Plus \u00e0 d\u00e9couvrir<\/h2>\t\t\t\t<\/div>\n\t\t\t\t<div class=\"elementor-element elementor-element-6092b08e elementor-grid-2 elementor-posts--align-center elementor-grid-tablet-2 elementor-grid-mobile-1 elementor-posts--thumbnail-top elementor-card-shadow-yes elementor-posts__hover-gradient elementor-widget elementor-widget-posts\" data-id=\"6092b08e\" data-element_type=\"widget\" data-e-type=\"widget\" data-settings=\"{&quot;cards_columns&quot;:&quot;2&quot;,&quot;cards_row_gap&quot;:{&quot;unit&quot;:&quot;px&quot;,&quot;size&quot;:&quot;30&quot;,&quot;sizes&quot;:[]},&quot;cards_columns_tablet&quot;:&quot;2&quot;,&quot;cards_columns_mobile&quot;:&quot;1&quot;,&quot;cards_row_gap_tablet&quot;:{&quot;unit&quot;:&quot;px&quot;,&quot;size&quot;:&quot;&quot;,&quot;sizes&quot;:[]},&quot;cards_row_gap_mobile&quot;:{&quot;unit&quot;:&quot;px&quot;,&quot;size&quot;:&quot;&quot;,&quot;sizes&quot;:[]},&quot;ekit_we_effect_on&quot;:&quot;none&quot;}\" data-widget_type=\"posts.cards\">\n\t\t\t\t<div class=\"elementor-widget-container\">\n\t\t\t\t\t\t\t<div class=\"elementor-posts-container elementor-posts elementor-posts--skin-cards elementor-grid\" role=\"list\">\n\t\t\t\t<article class=\"elementor-post elementor-grid-item post-62267 post type-post status-publish format-standard has-post-thumbnail hentry category-anciens-eleves category-101 description-off\" role=\"listitem\">\n\t\t\t<div class=\"elementor-post__card\">\n\t\t\t\t<a class=\"elementor-post__thumbnail__link\" href=\"https:\/\/itemm.fr\/itemm\/francois-xavier-soulard-loreille-dacier-du-concours-international-de-piano-de-mayenne\/\" tabindex=\"-1\" ><div class=\"elementor-post__thumbnail\"><img decoding=\"async\" width=\"300\" height=\"169\" src=\"https:\/\/itemm.fr\/itemm\/wp-content\/uploads\/2025\/09\/article-ancien-eleve-300x169.jpg\" class=\"attachment-medium size-medium wp-image-61517\" alt=\"\" srcset=\"https:\/\/itemm.fr\/itemm\/wp-content\/uploads\/2025\/09\/article-ancien-eleve-300x169.jpg 300w, https:\/\/itemm.fr\/itemm\/wp-content\/uploads\/2025\/09\/article-ancien-eleve-768x432.jpg 768w, https:\/\/itemm.fr\/itemm\/wp-content\/uploads\/2025\/09\/article-ancien-eleve-600x337.jpg 600w, https:\/\/itemm.fr\/itemm\/wp-content\/uploads\/2025\/09\/article-ancien-eleve.jpg 970w\" sizes=\"(max-width: 300px) 100vw, 300px\" \/><\/div><\/a>\n\t\t\t\t<div class=\"elementor-post__badge\">anciens \u00e9l\u00e8ves<\/div>\n\t\t\t\t<div class=\"elementor-post__text\">\n\t\t\t\t<h3 class=\"elementor-post__title\">\n\t\t\t<a href=\"https:\/\/itemm.fr\/itemm\/francois-xavier-soulard-loreille-dacier-du-concours-international-de-piano-de-mayenne\/\" >\n\t\t\t\tFran\u00e7ois-Xavier Soulard : l&#8217;oreille d&#8217;acier du Concours International de Piano de Mayenne\t\t\t<\/a>\n\t\t<\/h3>\n\t\t\t\t<div class=\"elementor-post__excerpt\">\n\t\t\t<p>Alors que les virtuoses s\u2019affrontent sur sc\u00e8ne, un homme \u0153uvre dans l\u2019ombre pour que la magie op\u00e8re. Fran\u00e7ois-Xavier Soulard, l&#8217;accordeur officiel du concours, est le<\/p>\n\t\t<\/div>\n\t\t\t\t<\/div>\n\t\t\t\t<div class=\"elementor-post__meta-data\">\n\t\t\t\t\t<span class=\"elementor-post-date\">\n\t\t\t28 avril 2026\t\t<\/span>\n\t\t\t\t<\/div>\n\t\t\t\t\t<\/div>\n\t\t<\/article>\n\t\t\t\t<article class=\"elementor-post elementor-grid-item post-62264 post type-post status-publish format-standard has-post-thumbnail hentry category-anciens-eleves category-101 description-off\" role=\"listitem\">\n\t\t\t<div class=\"elementor-post__card\">\n\t\t\t\t<a class=\"elementor-post__thumbnail__link\" href=\"https:\/\/itemm.fr\/itemm\/yannick-laridon-le-scientifique-devenu-docteur-des-accordeons-a-riom\/\" tabindex=\"-1\" ><div class=\"elementor-post__thumbnail\"><img decoding=\"async\" width=\"300\" height=\"169\" src=\"https:\/\/itemm.fr\/itemm\/wp-content\/uploads\/2025\/09\/article-ancien-eleve-300x169.jpg\" class=\"attachment-medium size-medium wp-image-61517\" alt=\"\" srcset=\"https:\/\/itemm.fr\/itemm\/wp-content\/uploads\/2025\/09\/article-ancien-eleve-300x169.jpg 300w, https:\/\/itemm.fr\/itemm\/wp-content\/uploads\/2025\/09\/article-ancien-eleve-768x432.jpg 768w, https:\/\/itemm.fr\/itemm\/wp-content\/uploads\/2025\/09\/article-ancien-eleve-600x337.jpg 600w, https:\/\/itemm.fr\/itemm\/wp-content\/uploads\/2025\/09\/article-ancien-eleve.jpg 970w\" sizes=\"(max-width: 300px) 100vw, 300px\" \/><\/div><\/a>\n\t\t\t\t<div class=\"elementor-post__badge\">anciens \u00e9l\u00e8ves<\/div>\n\t\t\t\t<div class=\"elementor-post__text\">\n\t\t\t\t<h3 class=\"elementor-post__title\">\n\t\t\t<a href=\"https:\/\/itemm.fr\/itemm\/yannick-laridon-le-scientifique-devenu-docteur-des-accordeons-a-riom\/\" >\n\t\t\t\tYannick Laridon, le scientifique devenu \u00ab docteur \u00bb des accord\u00e9ons \u00e0 Riom\t\t\t<\/a>\n\t\t<\/h3>\n\t\t\t\t<div class=\"elementor-post__excerpt\">\n\t\t\t<p>\u00c0 Riom, dans le Puy-de-D\u00f4me, Yannick Laridon a op\u00e9r\u00e9 un virage professionnel radical. Ancien chercheur en biologie, il a d\u00e9laiss\u00e9 les \u00e9prouvettes pour se consacrer<\/p>\n\t\t<\/div>\n\t\t\t\t<\/div>\n\t\t\t\t<div class=\"elementor-post__meta-data\">\n\t\t\t\t\t<span class=\"elementor-post-date\">\n\t\t\t28 avril 2026\t\t<\/span>\n\t\t\t\t<\/div>\n\t\t\t\t\t<\/div>\n\t\t<\/article>\n\t\t\t\t<\/div>\n\t\t\n\t\t\t\t\t\t<\/div>\n\t\t\t\t<\/div>\n\t\t\t\t\t<\/div>\n\t\t<\/div>\n\t\t\t\t\t<\/div>\n\t\t<\/section>\n\t\t\t\t<\/div>\n\t\t","protected":false},"excerpt":{"rendered":"<p>Comprendre le principe du montage du soufflet ou se lancer dans la r\u00e9paration de son instrument guid\u00e9 par un intervenant exp\u00e9riment\u00e9, tels sont les 2 points forts de la formation Maintenance et restauration des accord\u00e9ons (niveau 2) qui se d\u00e9roulera du 3 au 7 avril 2023 \u00e0 l&#8217;ITEMM. C\u2019est Thierry B\u00e9n\u00e9toux, pilote de cette formation&hellip;<\/p>\n","protected":false},"author":3004,"featured_media":39668,"comment_status":"closed","ping_status":"closed","sticky":false,"template":"elementor_header_footer","format":"standard","meta":{"_acf_changed":false,"footnotes":""},"categories":[2197,99],"tags":[2944,2943],"class_list":["post-39665","post","type-post","status-publish","format-standard","has-post-thumbnail","hentry","category-actualites","category-articles","tag-restauration-des-accordeons","tag-thierry-benetoux","category-101","description-off"],"acf":[],"yoast_head":"<!-- This site is optimized with the Yoast SEO plugin v27.5 - https:\/\/yoast.com\/product\/yoast-seo-wordpress\/ -->\n<title>La formation \u201cMaintenance et restauration des accord\u00e9ons (niveau 2)\u201d pr\u00e9sent\u00e9e par Thierry B\u00e9n\u00e9toux | Itemm -<\/title>\n<meta name=\"robots\" content=\"index, follow, max-snippet:-1, max-image-preview:large, max-video-preview:-1\" \/>\n<link rel=\"canonical\" href=\"https:\/\/itemm.fr\/itemm\/la-formation-maintenance-et-restauration-des-accordeons-niveau-2-presentee-par-thierry-benetoux\/\" \/>\n<meta property=\"og:locale\" content=\"fr_FR\" \/>\n<meta property=\"og:type\" content=\"article\" \/>\n<meta property=\"og:title\" content=\"La formation \u201cMaintenance et restauration des accord\u00e9ons (niveau 2)\u201d pr\u00e9sent\u00e9e par Thierry B\u00e9n\u00e9toux | Itemm -\" \/>\n<meta property=\"og:description\" content=\"Comprendre le principe du montage du soufflet ou se lancer dans la r\u00e9paration de son instrument guid\u00e9 par un intervenant exp\u00e9riment\u00e9, tels sont les 2 points forts de la formation Maintenance et restauration des accord\u00e9ons (niveau 2) qui se d\u00e9roulera du 3 au 7 avril 2023 \u00e0 l&#8217;ITEMM. C\u2019est Thierry B\u00e9n\u00e9toux, pilote de cette formation&hellip;\" \/>\n<meta property=\"og:url\" content=\"https:\/\/itemm.fr\/itemm\/la-formation-maintenance-et-restauration-des-accordeons-niveau-2-presentee-par-thierry-benetoux\/\" \/>\n<meta property=\"og:site_name\" content=\"Itemm -\" \/>\n<meta property=\"article:publisher\" content=\"https:\/\/www.facebook.com\/itemm.lemans\" \/>\n<meta property=\"article:published_time\" content=\"2022-09-07T15:12:19+00:00\" \/>\n<meta property=\"article:modified_time\" content=\"2022-09-07T15:13:41+00:00\" \/>\n<meta property=\"og:image\" content=\"https:\/\/itemm.fr\/itemm\/wp-content\/uploads\/2022\/09\/interview-thierry-benetoux.jpg\" \/>\n\t<meta property=\"og:image:width\" content=\"2530\" \/>\n\t<meta property=\"og:image:height\" content=\"1416\" \/>\n\t<meta property=\"og:image:type\" content=\"image\/jpeg\" \/>\n<meta name=\"author\" content=\"cedric.charrier\" \/>\n<script type=\"application\/ld+json\" class=\"yoast-schema-graph\">{\"@context\":\"https:\\\/\\\/schema.org\",\"@graph\":[{\"@type\":\"Article\",\"@id\":\"https:\\\/\\\/itemm.fr\\\/itemm\\\/la-formation-maintenance-et-restauration-des-accordeons-niveau-2-presentee-par-thierry-benetoux\\\/#article\",\"isPartOf\":{\"@id\":\"https:\\\/\\\/itemm.fr\\\/itemm\\\/la-formation-maintenance-et-restauration-des-accordeons-niveau-2-presentee-par-thierry-benetoux\\\/\"},\"author\":{\"name\":\"cedric.charrier\",\"@id\":\"https:\\\/\\\/itemm.fr\\\/itemm\\\/#\\\/schema\\\/person\\\/4f12bdd558467246abb96a89a8f4cbb1\"},\"headline\":\"La formation \u201cMaintenance et restauration des accord\u00e9ons (niveau 2)\u201d pr\u00e9sent\u00e9e par Thierry B\u00e9n\u00e9toux\",\"datePublished\":\"2022-09-07T15:12:19+00:00\",\"dateModified\":\"2022-09-07T15:13:41+00:00\",\"mainEntityOfPage\":{\"@id\":\"https:\\\/\\\/itemm.fr\\\/itemm\\\/la-formation-maintenance-et-restauration-des-accordeons-niveau-2-presentee-par-thierry-benetoux\\\/\"},\"wordCount\":111,\"publisher\":{\"@id\":\"https:\\\/\\\/itemm.fr\\\/itemm\\\/#organization\"},\"image\":{\"@id\":\"https:\\\/\\\/itemm.fr\\\/itemm\\\/la-formation-maintenance-et-restauration-des-accordeons-niveau-2-presentee-par-thierry-benetoux\\\/#primaryimage\"},\"thumbnailUrl\":\"https:\\\/\\\/itemm.fr\\\/itemm\\\/wp-content\\\/uploads\\\/2022\\\/09\\\/interview-thierry-benetoux.jpg\",\"keywords\":[\"restauration des accord\u00e9ons\",\"thierry benetoux\"],\"articleSection\":[\"Actualit\u00e9s\",\"articles\"],\"inLanguage\":\"fr-FR\"},{\"@type\":\"WebPage\",\"@id\":\"https:\\\/\\\/itemm.fr\\\/itemm\\\/la-formation-maintenance-et-restauration-des-accordeons-niveau-2-presentee-par-thierry-benetoux\\\/\",\"url\":\"https:\\\/\\\/itemm.fr\\\/itemm\\\/la-formation-maintenance-et-restauration-des-accordeons-niveau-2-presentee-par-thierry-benetoux\\\/\",\"name\":\"La formation \u201cMaintenance et restauration des accord\u00e9ons (niveau 2)\u201d pr\u00e9sent\u00e9e par Thierry B\u00e9n\u00e9toux | Itemm -\",\"isPartOf\":{\"@id\":\"https:\\\/\\\/itemm.fr\\\/itemm\\\/#website\"},\"primaryImageOfPage\":{\"@id\":\"https:\\\/\\\/itemm.fr\\\/itemm\\\/la-formation-maintenance-et-restauration-des-accordeons-niveau-2-presentee-par-thierry-benetoux\\\/#primaryimage\"},\"image\":{\"@id\":\"https:\\\/\\\/itemm.fr\\\/itemm\\\/la-formation-maintenance-et-restauration-des-accordeons-niveau-2-presentee-par-thierry-benetoux\\\/#primaryimage\"},\"thumbnailUrl\":\"https:\\\/\\\/itemm.fr\\\/itemm\\\/wp-content\\\/uploads\\\/2022\\\/09\\\/interview-thierry-benetoux.jpg\",\"datePublished\":\"2022-09-07T15:12:19+00:00\",\"dateModified\":\"2022-09-07T15:13:41+00:00\",\"breadcrumb\":{\"@id\":\"https:\\\/\\\/itemm.fr\\\/itemm\\\/la-formation-maintenance-et-restauration-des-accordeons-niveau-2-presentee-par-thierry-benetoux\\\/#breadcrumb\"},\"inLanguage\":\"fr-FR\",\"potentialAction\":[{\"@type\":\"ReadAction\",\"target\":[\"https:\\\/\\\/itemm.fr\\\/itemm\\\/la-formation-maintenance-et-restauration-des-accordeons-niveau-2-presentee-par-thierry-benetoux\\\/\"]}]},{\"@type\":\"ImageObject\",\"inLanguage\":\"fr-FR\",\"@id\":\"https:\\\/\\\/itemm.fr\\\/itemm\\\/la-formation-maintenance-et-restauration-des-accordeons-niveau-2-presentee-par-thierry-benetoux\\\/#primaryimage\",\"url\":\"https:\\\/\\\/itemm.fr\\\/itemm\\\/wp-content\\\/uploads\\\/2022\\\/09\\\/interview-thierry-benetoux.jpg\",\"contentUrl\":\"https:\\\/\\\/itemm.fr\\\/itemm\\\/wp-content\\\/uploads\\\/2022\\\/09\\\/interview-thierry-benetoux.jpg\",\"width\":2530,\"height\":1416,\"caption\":\"interview-thierry-benetoux\"},{\"@type\":\"BreadcrumbList\",\"@id\":\"https:\\\/\\\/itemm.fr\\\/itemm\\\/la-formation-maintenance-et-restauration-des-accordeons-niveau-2-presentee-par-thierry-benetoux\\\/#breadcrumb\",\"itemListElement\":[{\"@type\":\"ListItem\",\"position\":1,\"name\":\"Accueil\",\"item\":\"https:\\\/\\\/itemm.fr\\\/itemm\\\/\"},{\"@type\":\"ListItem\",\"position\":2,\"name\":\"La formation \u201cMaintenance et restauration des accord\u00e9ons (niveau 2)\u201d pr\u00e9sent\u00e9e par Thierry B\u00e9n\u00e9toux\"}]},{\"@type\":\"WebSite\",\"@id\":\"https:\\\/\\\/itemm.fr\\\/itemm\\\/#website\",\"url\":\"https:\\\/\\\/itemm.fr\\\/itemm\\\/\",\"name\":\"Itemm\",\"description\":\"Institut technologique europ\u00e9en des m\u00e9tiers de la musique au Mans (72)\",\"publisher\":{\"@id\":\"https:\\\/\\\/itemm.fr\\\/itemm\\\/#organization\"},\"potentialAction\":[{\"@type\":\"SearchAction\",\"target\":{\"@type\":\"EntryPoint\",\"urlTemplate\":\"https:\\\/\\\/itemm.fr\\\/itemm\\\/?s={search_term_string}\"},\"query-input\":{\"@type\":\"PropertyValueSpecification\",\"valueRequired\":true,\"valueName\":\"search_term_string\"}}],\"inLanguage\":\"fr-FR\"},{\"@type\":\"Organization\",\"@id\":\"https:\\\/\\\/itemm.fr\\\/itemm\\\/#organization\",\"name\":\"ITEMM\",\"alternateName\":\"ITEMM\",\"url\":\"https:\\\/\\\/itemm.fr\\\/itemm\\\/\",\"logo\":{\"@type\":\"ImageObject\",\"inLanguage\":\"fr-FR\",\"@id\":\"https:\\\/\\\/itemm.fr\\\/itemm\\\/#\\\/schema\\\/logo\\\/image\\\/\",\"url\":\"https:\\\/\\\/itemm.fr\\\/itemm\\\/wp-content\\\/uploads\\\/2021\\\/12\\\/logo-itemm-piano-on.png\",\"contentUrl\":\"https:\\\/\\\/itemm.fr\\\/itemm\\\/wp-content\\\/uploads\\\/2021\\\/12\\\/logo-itemm-piano-on.png\",\"width\":446,\"height\":294,\"caption\":\"ITEMM\"},\"image\":{\"@id\":\"https:\\\/\\\/itemm.fr\\\/itemm\\\/#\\\/schema\\\/logo\\\/image\\\/\"},\"sameAs\":[\"https:\\\/\\\/www.facebook.com\\\/itemm.lemans\",\"https:\\\/\\\/www.instagram.com\\\/itemmlemans\\\/\",\"https:\\\/\\\/www.linkedin.com\\\/in\\\/itemm\\\/\"]},{\"@type\":\"Person\",\"@id\":\"https:\\\/\\\/itemm.fr\\\/itemm\\\/#\\\/schema\\\/person\\\/4f12bdd558467246abb96a89a8f4cbb1\",\"name\":\"cedric.charrier\",\"image\":{\"@type\":\"ImageObject\",\"inLanguage\":\"fr-FR\",\"@id\":\"https:\\\/\\\/itemm.fr\\\/itemm\\\/wp-content\\\/litespeed\\\/avatar\\\/6b2a3f567f020e8b4afbfd33154a4be6.jpg?ver=1777465861\",\"url\":\"https:\\\/\\\/itemm.fr\\\/itemm\\\/wp-content\\\/litespeed\\\/avatar\\\/6b2a3f567f020e8b4afbfd33154a4be6.jpg?ver=1777465861\",\"contentUrl\":\"https:\\\/\\\/itemm.fr\\\/itemm\\\/wp-content\\\/litespeed\\\/avatar\\\/6b2a3f567f020e8b4afbfd33154a4be6.jpg?ver=1777465861\",\"caption\":\"cedric.charrier\"},\"url\":\"https:\\\/\\\/itemm.fr\\\/itemm\\\/author\\\/cedric\\\/\"}]}<\/script>\n<!-- \/ Yoast SEO plugin. -->","yoast_head_json":{"title":"La formation \u201cMaintenance et restauration des accord\u00e9ons (niveau 2)\u201d pr\u00e9sent\u00e9e par Thierry B\u00e9n\u00e9toux | Itemm -","robots":{"index":"index","follow":"follow","max-snippet":"max-snippet:-1","max-image-preview":"max-image-preview:large","max-video-preview":"max-video-preview:-1"},"canonical":"https:\/\/itemm.fr\/itemm\/la-formation-maintenance-et-restauration-des-accordeons-niveau-2-presentee-par-thierry-benetoux\/","og_locale":"fr_FR","og_type":"article","og_title":"La formation \u201cMaintenance et restauration des accord\u00e9ons (niveau 2)\u201d pr\u00e9sent\u00e9e par Thierry B\u00e9n\u00e9toux | Itemm -","og_description":"Comprendre le principe du montage du soufflet ou se lancer dans la r\u00e9paration de son instrument guid\u00e9 par un intervenant exp\u00e9riment\u00e9, tels sont les 2 points forts de la formation Maintenance et restauration des accord\u00e9ons (niveau 2) qui se d\u00e9roulera du 3 au 7 avril 2023 \u00e0 l&#8217;ITEMM. C\u2019est Thierry B\u00e9n\u00e9toux, pilote de cette formation&hellip;","og_url":"https:\/\/itemm.fr\/itemm\/la-formation-maintenance-et-restauration-des-accordeons-niveau-2-presentee-par-thierry-benetoux\/","og_site_name":"Itemm -","article_publisher":"https:\/\/www.facebook.com\/itemm.lemans","article_published_time":"2022-09-07T15:12:19+00:00","article_modified_time":"2022-09-07T15:13:41+00:00","og_image":[{"width":2530,"height":1416,"url":"https:\/\/itemm.fr\/itemm\/wp-content\/uploads\/2022\/09\/interview-thierry-benetoux.jpg","type":"image\/jpeg"}],"author":"cedric.charrier","schema":{"@context":"https:\/\/schema.org","@graph":[{"@type":"Article","@id":"https:\/\/itemm.fr\/itemm\/la-formation-maintenance-et-restauration-des-accordeons-niveau-2-presentee-par-thierry-benetoux\/#article","isPartOf":{"@id":"https:\/\/itemm.fr\/itemm\/la-formation-maintenance-et-restauration-des-accordeons-niveau-2-presentee-par-thierry-benetoux\/"},"author":{"name":"cedric.charrier","@id":"https:\/\/itemm.fr\/itemm\/#\/schema\/person\/4f12bdd558467246abb96a89a8f4cbb1"},"headline":"La formation \u201cMaintenance et restauration des accord\u00e9ons (niveau 2)\u201d pr\u00e9sent\u00e9e par Thierry B\u00e9n\u00e9toux","datePublished":"2022-09-07T15:12:19+00:00","dateModified":"2022-09-07T15:13:41+00:00","mainEntityOfPage":{"@id":"https:\/\/itemm.fr\/itemm\/la-formation-maintenance-et-restauration-des-accordeons-niveau-2-presentee-par-thierry-benetoux\/"},"wordCount":111,"publisher":{"@id":"https:\/\/itemm.fr\/itemm\/#organization"},"image":{"@id":"https:\/\/itemm.fr\/itemm\/la-formation-maintenance-et-restauration-des-accordeons-niveau-2-presentee-par-thierry-benetoux\/#primaryimage"},"thumbnailUrl":"https:\/\/itemm.fr\/itemm\/wp-content\/uploads\/2022\/09\/interview-thierry-benetoux.jpg","keywords":["restauration des accord\u00e9ons","thierry benetoux"],"articleSection":["Actualit\u00e9s","articles"],"inLanguage":"fr-FR"},{"@type":"WebPage","@id":"https:\/\/itemm.fr\/itemm\/la-formation-maintenance-et-restauration-des-accordeons-niveau-2-presentee-par-thierry-benetoux\/","url":"https:\/\/itemm.fr\/itemm\/la-formation-maintenance-et-restauration-des-accordeons-niveau-2-presentee-par-thierry-benetoux\/","name":"La formation \u201cMaintenance et restauration des accord\u00e9ons (niveau 2)\u201d pr\u00e9sent\u00e9e par Thierry B\u00e9n\u00e9toux | Itemm -","isPartOf":{"@id":"https:\/\/itemm.fr\/itemm\/#website"},"primaryImageOfPage":{"@id":"https:\/\/itemm.fr\/itemm\/la-formation-maintenance-et-restauration-des-accordeons-niveau-2-presentee-par-thierry-benetoux\/#primaryimage"},"image":{"@id":"https:\/\/itemm.fr\/itemm\/la-formation-maintenance-et-restauration-des-accordeons-niveau-2-presentee-par-thierry-benetoux\/#primaryimage"},"thumbnailUrl":"https:\/\/itemm.fr\/itemm\/wp-content\/uploads\/2022\/09\/interview-thierry-benetoux.jpg","datePublished":"2022-09-07T15:12:19+00:00","dateModified":"2022-09-07T15:13:41+00:00","breadcrumb":{"@id":"https:\/\/itemm.fr\/itemm\/la-formation-maintenance-et-restauration-des-accordeons-niveau-2-presentee-par-thierry-benetoux\/#breadcrumb"},"inLanguage":"fr-FR","potentialAction":[{"@type":"ReadAction","target":["https:\/\/itemm.fr\/itemm\/la-formation-maintenance-et-restauration-des-accordeons-niveau-2-presentee-par-thierry-benetoux\/"]}]},{"@type":"ImageObject","inLanguage":"fr-FR","@id":"https:\/\/itemm.fr\/itemm\/la-formation-maintenance-et-restauration-des-accordeons-niveau-2-presentee-par-thierry-benetoux\/#primaryimage","url":"https:\/\/itemm.fr\/itemm\/wp-content\/uploads\/2022\/09\/interview-thierry-benetoux.jpg","contentUrl":"https:\/\/itemm.fr\/itemm\/wp-content\/uploads\/2022\/09\/interview-thierry-benetoux.jpg","width":2530,"height":1416,"caption":"interview-thierry-benetoux"},{"@type":"BreadcrumbList","@id":"https:\/\/itemm.fr\/itemm\/la-formation-maintenance-et-restauration-des-accordeons-niveau-2-presentee-par-thierry-benetoux\/#breadcrumb","itemListElement":[{"@type":"ListItem","position":1,"name":"Accueil","item":"https:\/\/itemm.fr\/itemm\/"},{"@type":"ListItem","position":2,"name":"La formation \u201cMaintenance et restauration des accord\u00e9ons (niveau 2)\u201d pr\u00e9sent\u00e9e par Thierry B\u00e9n\u00e9toux"}]},{"@type":"WebSite","@id":"https:\/\/itemm.fr\/itemm\/#website","url":"https:\/\/itemm.fr\/itemm\/","name":"Itemm","description":"Institut technologique europ\u00e9en des m\u00e9tiers de la musique au Mans (72)","publisher":{"@id":"https:\/\/itemm.fr\/itemm\/#organization"},"potentialAction":[{"@type":"SearchAction","target":{"@type":"EntryPoint","urlTemplate":"https:\/\/itemm.fr\/itemm\/?s={search_term_string}"},"query-input":{"@type":"PropertyValueSpecification","valueRequired":true,"valueName":"search_term_string"}}],"inLanguage":"fr-FR"},{"@type":"Organization","@id":"https:\/\/itemm.fr\/itemm\/#organization","name":"ITEMM","alternateName":"ITEMM","url":"https:\/\/itemm.fr\/itemm\/","logo":{"@type":"ImageObject","inLanguage":"fr-FR","@id":"https:\/\/itemm.fr\/itemm\/#\/schema\/logo\/image\/","url":"https:\/\/itemm.fr\/itemm\/wp-content\/uploads\/2021\/12\/logo-itemm-piano-on.png","contentUrl":"https:\/\/itemm.fr\/itemm\/wp-content\/uploads\/2021\/12\/logo-itemm-piano-on.png","width":446,"height":294,"caption":"ITEMM"},"image":{"@id":"https:\/\/itemm.fr\/itemm\/#\/schema\/logo\/image\/"},"sameAs":["https:\/\/www.facebook.com\/itemm.lemans","https:\/\/www.instagram.com\/itemmlemans\/","https:\/\/www.linkedin.com\/in\/itemm\/"]},{"@type":"Person","@id":"https:\/\/itemm.fr\/itemm\/#\/schema\/person\/4f12bdd558467246abb96a89a8f4cbb1","name":"cedric.charrier","image":{"@type":"ImageObject","inLanguage":"fr-FR","@id":"https:\/\/itemm.fr\/itemm\/wp-content\/litespeed\/avatar\/6b2a3f567f020e8b4afbfd33154a4be6.jpg?ver=1777465861","url":"https:\/\/itemm.fr\/itemm\/wp-content\/litespeed\/avatar\/6b2a3f567f020e8b4afbfd33154a4be6.jpg?ver=1777465861","contentUrl":"https:\/\/itemm.fr\/itemm\/wp-content\/litespeed\/avatar\/6b2a3f567f020e8b4afbfd33154a4be6.jpg?ver=1777465861","caption":"cedric.charrier"},"url":"https:\/\/itemm.fr\/itemm\/author\/cedric\/"}]}},"_links":{"self":[{"href":"https:\/\/itemm.fr\/itemm\/wp-json\/wp\/v2\/posts\/39665","targetHints":{"allow":["GET"]}}],"collection":[{"href":"https:\/\/itemm.fr\/itemm\/wp-json\/wp\/v2\/posts"}],"about":[{"href":"https:\/\/itemm.fr\/itemm\/wp-json\/wp\/v2\/types\/post"}],"author":[{"embeddable":true,"href":"https:\/\/itemm.fr\/itemm\/wp-json\/wp\/v2\/users\/3004"}],"replies":[{"embeddable":true,"href":"https:\/\/itemm.fr\/itemm\/wp-json\/wp\/v2\/comments?post=39665"}],"version-history":[{"count":0,"href":"https:\/\/itemm.fr\/itemm\/wp-json\/wp\/v2\/posts\/39665\/revisions"}],"wp:featuredmedia":[{"embeddable":true,"href":"https:\/\/itemm.fr\/itemm\/wp-json\/wp\/v2\/media\/39668"}],"wp:attachment":[{"href":"https:\/\/itemm.fr\/itemm\/wp-json\/wp\/v2\/media?parent=39665"}],"wp:term":[{"taxonomy":"category","embeddable":true,"href":"https:\/\/itemm.fr\/itemm\/wp-json\/wp\/v2\/categories?post=39665"},{"taxonomy":"post_tag","embeddable":true,"href":"https:\/\/itemm.fr\/itemm\/wp-json\/wp\/v2\/tags?post=39665"}],"curies":[{"name":"wp","href":"https:\/\/api.w.org\/{rel}","templated":true}]}}