{"id":3881,"date":"2019-01-24T09:42:20","date_gmt":"2019-01-24T08:42:20","guid":{"rendered":"https:\/\/itemm.fr\/innovation\/?p=3881"},"modified":"2019-01-24T09:42:20","modified_gmt":"2019-01-24T08:42:20","slug":"bilan-de-la-rencontre-lutherie-innovante-du-15-janvier-2019","status":"publish","type":"post","link":"https:\/\/itemm.fr\/itemm\/bilan-de-la-rencontre-lutherie-innovante-du-15-janvier-2019\/","title":{"rendered":"Bilan de la rencontre lutherie innovante du 15 janvier 2019"},"content":{"rendered":"\t\t<div data-elementor-type=\"wp-post\" data-elementor-id=\"3881\" class=\"elementor elementor-3881 elementor-bc-flex-widget\" data-elementor-post-type=\"post\">\n\t\t\t\t\t\t<section class=\"elementor-section elementor-top-section elementor-element elementor-element-2af5ef7 elementor-section-boxed elementor-section-height-default elementor-section-height-default\" data-id=\"2af5ef7\" data-element_type=\"section\" data-e-type=\"section\" data-settings=\"{&quot;ekit_has_onepagescroll_dot&quot;:&quot;yes&quot;}\">\n\t\t\t\t\t\t<div class=\"elementor-container elementor-column-gap-default\">\n\t\t\t\t\t<div class=\"elementor-column elementor-col-100 elementor-top-column elementor-element elementor-element-f6e2650\" data-id=\"f6e2650\" data-element_type=\"column\" data-e-type=\"column\">\n\t\t\t<div class=\"elementor-widget-wrap elementor-element-populated\">\n\t\t\t\t\t\t<div class=\"elementor-element elementor-element-382ce3c elementor-widget elementor-widget-text-editor\" data-id=\"382ce3c\" data-element_type=\"widget\" data-e-type=\"widget\" data-settings=\"{&quot;ekit_we_effect_on&quot;:&quot;none&quot;}\" data-widget_type=\"text-editor.default\">\n\t\t\t\t\t\t\t\t\t<p>Mardi 15 janvier 2019 \u00e0 l\u2019Auditorium du Carr\u00e9 Plantagen\u00eat avait lieu la <strong>5\u00e8me rencontre Lutherie Innovante &amp; Musicien.ne.s<\/strong>. Cette soir\u00e9e musicale sur le th\u00e8me de l\u2019innovation en facture instrumentale du saxophone s\u2019est d\u00e9roul\u00e9e en pr\u00e9sence de <strong>C\u00e9dric Thimon<\/strong>, saxophoniste manceau, et <strong>Pauline Eveno<\/strong>, co-fondatrice de l\u2019entreprise SYOS <em>(Shape Your Own Sound)<\/em>.<\/p><p><strong>SYOS<\/strong> fabrique des becs de saxophone sur mesure, selon les besoins de chaque musicien.ne en termes de son et de caract\u00e9ristiques de jeu, gr\u00e2ce \u00e0 un proc\u00e9d\u00e9 de fabrication innovant. En effet, comme le d\u00e9taille Pauline, \u00ab l\u2019impression en 3 D nous permet de proposer\u00a0des becs personnalis\u00e9s pour chaque saxophoniste, avec des g\u00e9om\u00e9tries parfois tr\u00e8s complexes,\u00a0ce que ne permettent pas toujours les techniques de fabrication traditionnelle \u00bb <em>(<\/em>voir <em><a href=\"http:\/\/www.lemans.fr\/actualites\/details\/news\/instruments-innovants-des-becs-de-saxophones-sur-mesure\/?tx_news_pi1%5Bcontroller%5D=News&amp;tx_news_pi1%5Baction%5D=detail&amp;cHash=7f60e288600c613721036e318ae5cdf5\" target=\"_blank\" rel=\"noopener\">l&#8217;article publi\u00e9 sur le site de la Ville du Mans le 17\/01\/19<\/a>)<\/em><i>.<\/i><\/p><p>Le saxophoniste C\u00e9dric Thimon a ainsi test\u00e9 cinq becs diff\u00e9rents, qui se distinguent par leur son, qu\u2019il avait pr\u00e9s\u00e9lectionn\u00e9s parmi un vaste choix de mod\u00e8les. Le public, compos\u00e9 d\u2019une soixantaine de personnes, musicien.ne.s et amateur.e.s, a pu percevoir les diff\u00e9rences de timbre en fonction du bec utilis\u00e9.<\/p><p>La soir\u00e9e s&#8217;est poursuivie avec une discussion anim\u00e9e par <strong>J\u00e9r\u00e9my Cabaret<\/strong>, formateur acoustique et ing\u00e9nieur d\u2019\u00e9tude au P\u00f4le d\u2019Innovation. Elle a permis \u00e0 C\u00e9dric et Pauline d\u2019\u00e9changer sur la relation entre les types de becs et les sensations de jeu, et de r\u00e9pondre aux questions du public, notamment concernant les sp\u00e9cificit\u00e9s des becs. Ceux-ci sont fabriqu\u00e9s en plastique ABS, d\u00e9clin\u00e9s dans toutes les couleurs et vendus \u00e0 70% \u00e0 l\u2019\u00e9tranger.<\/p><p>Pour conclure la soir\u00e9e, le musicien a offert au public un r\u00e9cital d\u2019une vingtaine de minutes d\u2019un solo compos\u00e9 par ses soins, qu&#8217;il a jou\u00e9 avec l&#8217;un des becs SYOS.<\/p><p>Le <strong>P\u00f4le d\u2019Innovation<\/strong> de <strong>l\u2019ITEMM<\/strong> remercie <strong>C\u00e9dric Thimon<\/strong> et <strong>Pauline Eveno<\/strong> pour leur participation et leur professionnalisme ainsi que les formateurs en <strong>R\u00e9gie Son<\/strong> de l\u2019ITEMM, <strong>Aur\u00e9lien Bouin<\/strong> et <strong>Martin Polak,<\/strong> pour la sonorisation et la mise en lumi\u00e8re de l\u2019\u00e9v\u00e9nement. Le P\u00f4le remercie \u00e9galement ses partenaires <strong>EuropaJazz<\/strong> et le <strong>Carr\u00e9 Plantagen\u00eat<\/strong> pour son accueil et la <strong>Ville du Mans<\/strong> pour le pr\u00eat de l\u2019auditorium.<\/p><p>Pour plus d\u2019informations sur ces rencontres, vous pouvez contacter\u00a0<strong>Aline ANGELI<\/strong>\u00a0: 02 43 39 39 43 \/ aline.angeli@itemm.fr<\/p><p>Retrouvez ci-dessous quelques photos de la soir\u00e9e.<\/p>\t\t\t\t\t\t\t\t<\/div>\n\t\t\t\t\t<\/div>\n\t\t<\/div>\n\t\t\t\t\t<\/div>\n\t\t<\/section>\n\t\t\t\t<section class=\"elementor-section elementor-top-section elementor-element elementor-element-1bdfcc6 elementor-section-boxed elementor-section-height-default elementor-section-height-default\" data-id=\"1bdfcc6\" data-element_type=\"section\" data-e-type=\"section\" data-settings=\"{&quot;ekit_has_onepagescroll_dot&quot;:&quot;yes&quot;}\">\n\t\t\t\t\t\t<div class=\"elementor-container elementor-column-gap-default\">\n\t\t\t\t\t<div class=\"elementor-column elementor-col-100 elementor-top-column elementor-element elementor-element-7988b19\" data-id=\"7988b19\" data-element_type=\"column\" data-e-type=\"column\">\n\t\t\t<div class=\"elementor-widget-wrap elementor-element-populated\">\n\t\t\t\t\t\t<div class=\"elementor-element elementor-element-b5c79fa gallery-spacing-custom elementor-widget elementor-widget-image-gallery\" data-id=\"b5c79fa\" data-element_type=\"widget\" data-e-type=\"widget\" data-settings=\"{&quot;ekit_we_effect_on&quot;:&quot;none&quot;}\" data-widget_type=\"image-gallery.default\">\n\t\t\t\t\t\t\t<div class=\"elementor-image-gallery\">\n\t\t\t\t\t<\/div>\n\t\t\t\t\t\t<\/div>\n\t\t\t\t\t<\/div>\n\t\t<\/div>\n\t\t\t\t\t<\/div>\n\t\t<\/section>\n\t\t\t\t<\/div>\n\t\t","protected":false},"excerpt":{"rendered":"<p>Mardi 15 janvier 2019 \u00e0 l\u2019Auditorium du Carr\u00e9 Plantagen\u00eat avait lieu la 5\u00e8me rencontre Lutherie Innovante &amp; Musicien.ne.s. Cette soir\u00e9e musicale sur le th\u00e8me de l\u2019innovation en facture instrumentale du saxophone s\u2019est d\u00e9roul\u00e9e en pr\u00e9sence de C\u00e9dric Thimon, saxophoniste manceau, et Pauline Eveno, co-fondatrice de l\u2019entreprise SYOS (Shape Your Own Sound). SYOS fabrique des becs&hellip;<\/p>\n","protected":false},"author":3004,"featured_media":3899,"comment_status":"closed","ping_status":"closed","sticky":false,"template":"","format":"standard","meta":{"_acf_changed":false,"footnotes":""},"categories":[2197,2183],"tags":[],"class_list":["post-3881","post","type-post","status-publish","format-standard","has-post-thumbnail","hentry","category-actualites","category-rencontres-lutherie-innovante"],"acf":[],"yoast_head":"<!-- This site is optimized with the Yoast SEO plugin v27.5 - https:\/\/yoast.com\/product\/yoast-seo-wordpress\/ -->\n<title>Bilan de la rencontre lutherie innovante du 15 janvier 2019 | Itemm -<\/title>\n<meta name=\"robots\" content=\"index, follow, max-snippet:-1, max-image-preview:large, max-video-preview:-1\" \/>\n<link rel=\"canonical\" href=\"https:\/\/itemm.fr\/itemm\/bilan-de-la-rencontre-lutherie-innovante-du-15-janvier-2019\/\" \/>\n<meta property=\"og:locale\" content=\"fr_FR\" \/>\n<meta property=\"og:type\" content=\"article\" \/>\n<meta property=\"og:title\" content=\"Bilan de la rencontre lutherie innovante du 15 janvier 2019 | Itemm -\" \/>\n<meta property=\"og:description\" content=\"Mardi 15 janvier 2019 \u00e0 l\u2019Auditorium du Carr\u00e9 Plantagen\u00eat avait lieu la 5\u00e8me rencontre Lutherie Innovante &amp; Musicien.ne.s. Cette soir\u00e9e musicale sur le th\u00e8me de l\u2019innovation en facture instrumentale du saxophone s\u2019est d\u00e9roul\u00e9e en pr\u00e9sence de C\u00e9dric Thimon, saxophoniste manceau, et Pauline Eveno, co-fondatrice de l\u2019entreprise SYOS (Shape Your Own Sound). SYOS fabrique des becs&hellip;\" \/>\n<meta property=\"og:url\" content=\"https:\/\/itemm.fr\/itemm\/bilan-de-la-rencontre-lutherie-innovante-du-15-janvier-2019\/\" \/>\n<meta property=\"og:site_name\" content=\"Itemm -\" \/>\n<meta property=\"article:publisher\" content=\"https:\/\/www.facebook.com\/itemm.lemans\" \/>\n<meta property=\"article:published_time\" content=\"2019-01-24T08:42:20+00:00\" \/>\n<meta property=\"og:image\" content=\"https:\/\/itemm.fr\/itemm\/wp-content\/uploads\/2023\/02\/DRONE-ITEMM-\u00a9-BDVA-9.jpg\" \/>\n\t<meta property=\"og:image:width\" content=\"2048\" \/>\n\t<meta property=\"og:image:height\" content=\"1152\" \/>\n\t<meta property=\"og:image:type\" content=\"image\/jpeg\" \/>\n<meta name=\"author\" content=\"cedric.charrier\" \/>\n<script type=\"application\/ld+json\" class=\"yoast-schema-graph\">{\"@context\":\"https:\\\/\\\/schema.org\",\"@graph\":[{\"@type\":\"Article\",\"@id\":\"https:\\\/\\\/itemm.fr\\\/itemm\\\/bilan-de-la-rencontre-lutherie-innovante-du-15-janvier-2019\\\/#article\",\"isPartOf\":{\"@id\":\"https:\\\/\\\/itemm.fr\\\/itemm\\\/bilan-de-la-rencontre-lutherie-innovante-du-15-janvier-2019\\\/\"},\"author\":{\"name\":\"cedric.charrier\",\"@id\":\"https:\\\/\\\/itemm.fr\\\/itemm\\\/#\\\/schema\\\/person\\\/37d1ada7958a6232148f9ef96178ccd3\"},\"headline\":\"Bilan de la rencontre lutherie innovante du 15 janvier 2019\",\"datePublished\":\"2019-01-24T08:42:20+00:00\",\"mainEntityOfPage\":{\"@id\":\"https:\\\/\\\/itemm.fr\\\/itemm\\\/bilan-de-la-rencontre-lutherie-innovante-du-15-janvier-2019\\\/\"},\"wordCount\":440,\"publisher\":{\"@id\":\"https:\\\/\\\/itemm.fr\\\/itemm\\\/#organization\"},\"image\":{\"@id\":\"https:\\\/\\\/itemm.fr\\\/itemm\\\/bilan-de-la-rencontre-lutherie-innovante-du-15-janvier-2019\\\/#primaryimage\"},\"thumbnailUrl\":\"\",\"articleSection\":[\"Actualit\u00e9s\",\"Rencontres lutherie innovante\"],\"inLanguage\":\"fr-FR\"},{\"@type\":\"WebPage\",\"@id\":\"https:\\\/\\\/itemm.fr\\\/itemm\\\/bilan-de-la-rencontre-lutherie-innovante-du-15-janvier-2019\\\/\",\"url\":\"https:\\\/\\\/itemm.fr\\\/itemm\\\/bilan-de-la-rencontre-lutherie-innovante-du-15-janvier-2019\\\/\",\"name\":\"Bilan de la rencontre lutherie innovante du 15 janvier 2019 | Itemm -\",\"isPartOf\":{\"@id\":\"https:\\\/\\\/itemm.fr\\\/itemm\\\/#website\"},\"primaryImageOfPage\":{\"@id\":\"https:\\\/\\\/itemm.fr\\\/itemm\\\/bilan-de-la-rencontre-lutherie-innovante-du-15-janvier-2019\\\/#primaryimage\"},\"image\":{\"@id\":\"https:\\\/\\\/itemm.fr\\\/itemm\\\/bilan-de-la-rencontre-lutherie-innovante-du-15-janvier-2019\\\/#primaryimage\"},\"thumbnailUrl\":\"\",\"datePublished\":\"2019-01-24T08:42:20+00:00\",\"breadcrumb\":{\"@id\":\"https:\\\/\\\/itemm.fr\\\/itemm\\\/bilan-de-la-rencontre-lutherie-innovante-du-15-janvier-2019\\\/#breadcrumb\"},\"inLanguage\":\"fr-FR\",\"potentialAction\":[{\"@type\":\"ReadAction\",\"target\":[\"https:\\\/\\\/itemm.fr\\\/itemm\\\/bilan-de-la-rencontre-lutherie-innovante-du-15-janvier-2019\\\/\"]}]},{\"@type\":\"ImageObject\",\"inLanguage\":\"fr-FR\",\"@id\":\"https:\\\/\\\/itemm.fr\\\/itemm\\\/bilan-de-la-rencontre-lutherie-innovante-du-15-janvier-2019\\\/#primaryimage\",\"url\":\"\",\"contentUrl\":\"\"},{\"@type\":\"BreadcrumbList\",\"@id\":\"https:\\\/\\\/itemm.fr\\\/itemm\\\/bilan-de-la-rencontre-lutherie-innovante-du-15-janvier-2019\\\/#breadcrumb\",\"itemListElement\":[{\"@type\":\"ListItem\",\"position\":1,\"name\":\"Accueil\",\"item\":\"https:\\\/\\\/itemm.fr\\\/itemm\\\/\"},{\"@type\":\"ListItem\",\"position\":2,\"name\":\"Bilan de la rencontre lutherie innovante du 15 janvier 2019\"}]},{\"@type\":\"WebSite\",\"@id\":\"https:\\\/\\\/itemm.fr\\\/itemm\\\/#website\",\"url\":\"https:\\\/\\\/itemm.fr\\\/itemm\\\/\",\"name\":\"Itemm\",\"description\":\"Institut technologique europ\u00e9en des m\u00e9tiers de la musique au Mans (72)\",\"publisher\":{\"@id\":\"https:\\\/\\\/itemm.fr\\\/itemm\\\/#organization\"},\"potentialAction\":[{\"@type\":\"SearchAction\",\"target\":{\"@type\":\"EntryPoint\",\"urlTemplate\":\"https:\\\/\\\/itemm.fr\\\/itemm\\\/?s={search_term_string}\"},\"query-input\":{\"@type\":\"PropertyValueSpecification\",\"valueRequired\":true,\"valueName\":\"search_term_string\"}}],\"inLanguage\":\"fr-FR\"},{\"@type\":\"Organization\",\"@id\":\"https:\\\/\\\/itemm.fr\\\/itemm\\\/#organization\",\"name\":\"ITEMM\",\"alternateName\":\"ITEMM\",\"url\":\"https:\\\/\\\/itemm.fr\\\/itemm\\\/\",\"logo\":{\"@type\":\"ImageObject\",\"inLanguage\":\"fr-FR\",\"@id\":\"https:\\\/\\\/itemm.fr\\\/itemm\\\/#\\\/schema\\\/logo\\\/image\\\/\",\"url\":\"https:\\\/\\\/itemm.fr\\\/itemm\\\/wp-content\\\/uploads\\\/2021\\\/12\\\/logo-itemm-piano-on.png\",\"contentUrl\":\"https:\\\/\\\/itemm.fr\\\/itemm\\\/wp-content\\\/uploads\\\/2021\\\/12\\\/logo-itemm-piano-on.png\",\"width\":446,\"height\":294,\"caption\":\"ITEMM\"},\"image\":{\"@id\":\"https:\\\/\\\/itemm.fr\\\/itemm\\\/#\\\/schema\\\/logo\\\/image\\\/\"},\"sameAs\":[\"https:\\\/\\\/www.facebook.com\\\/itemm.lemans\",\"https:\\\/\\\/www.instagram.com\\\/itemmlemans\\\/\",\"https:\\\/\\\/www.linkedin.com\\\/in\\\/itemm\\\/\"]},{\"@type\":\"Person\",\"@id\":\"https:\\\/\\\/itemm.fr\\\/itemm\\\/#\\\/schema\\\/person\\\/37d1ada7958a6232148f9ef96178ccd3\",\"name\":\"cedric.charrier\",\"image\":{\"@type\":\"ImageObject\",\"inLanguage\":\"fr-FR\",\"@id\":\"https:\\\/\\\/itemm.fr\\\/itemm\\\/wp-content\\\/litespeed\\\/avatar\\\/6b2a3f567f020e8b4afbfd33154a4be6.jpg?ver=1776860820\",\"url\":\"https:\\\/\\\/itemm.fr\\\/itemm\\\/wp-content\\\/litespeed\\\/avatar\\\/6b2a3f567f020e8b4afbfd33154a4be6.jpg?ver=1776860820\",\"contentUrl\":\"https:\\\/\\\/itemm.fr\\\/itemm\\\/wp-content\\\/litespeed\\\/avatar\\\/6b2a3f567f020e8b4afbfd33154a4be6.jpg?ver=1776860820\",\"caption\":\"cedric.charrier\"},\"url\":\"https:\\\/\\\/itemm.fr\\\/itemm\\\/author\\\/cedric\\\/\"}]}<\/script>\n<!-- \/ Yoast SEO plugin. -->","yoast_head_json":{"title":"Bilan de la rencontre lutherie innovante du 15 janvier 2019 | Itemm -","robots":{"index":"index","follow":"follow","max-snippet":"max-snippet:-1","max-image-preview":"max-image-preview:large","max-video-preview":"max-video-preview:-1"},"canonical":"https:\/\/itemm.fr\/itemm\/bilan-de-la-rencontre-lutherie-innovante-du-15-janvier-2019\/","og_locale":"fr_FR","og_type":"article","og_title":"Bilan de la rencontre lutherie innovante du 15 janvier 2019 | Itemm -","og_description":"Mardi 15 janvier 2019 \u00e0 l\u2019Auditorium du Carr\u00e9 Plantagen\u00eat avait lieu la 5\u00e8me rencontre Lutherie Innovante &amp; Musicien.ne.s. Cette soir\u00e9e musicale sur le th\u00e8me de l\u2019innovation en facture instrumentale du saxophone s\u2019est d\u00e9roul\u00e9e en pr\u00e9sence de C\u00e9dric Thimon, saxophoniste manceau, et Pauline Eveno, co-fondatrice de l\u2019entreprise SYOS (Shape Your Own Sound). SYOS fabrique des becs&hellip;","og_url":"https:\/\/itemm.fr\/itemm\/bilan-de-la-rencontre-lutherie-innovante-du-15-janvier-2019\/","og_site_name":"Itemm -","article_publisher":"https:\/\/www.facebook.com\/itemm.lemans","article_published_time":"2019-01-24T08:42:20+00:00","og_image":[{"width":2048,"height":1152,"url":"https:\/\/itemm.fr\/itemm\/wp-content\/uploads\/2023\/02\/DRONE-ITEMM-\u00a9-BDVA-9.jpg","type":"image\/jpeg"}],"author":"cedric.charrier","schema":{"@context":"https:\/\/schema.org","@graph":[{"@type":"Article","@id":"https:\/\/itemm.fr\/itemm\/bilan-de-la-rencontre-lutherie-innovante-du-15-janvier-2019\/#article","isPartOf":{"@id":"https:\/\/itemm.fr\/itemm\/bilan-de-la-rencontre-lutherie-innovante-du-15-janvier-2019\/"},"author":{"name":"cedric.charrier","@id":"https:\/\/itemm.fr\/itemm\/#\/schema\/person\/37d1ada7958a6232148f9ef96178ccd3"},"headline":"Bilan de la rencontre lutherie innovante du 15 janvier 2019","datePublished":"2019-01-24T08:42:20+00:00","mainEntityOfPage":{"@id":"https:\/\/itemm.fr\/itemm\/bilan-de-la-rencontre-lutherie-innovante-du-15-janvier-2019\/"},"wordCount":440,"publisher":{"@id":"https:\/\/itemm.fr\/itemm\/#organization"},"image":{"@id":"https:\/\/itemm.fr\/itemm\/bilan-de-la-rencontre-lutherie-innovante-du-15-janvier-2019\/#primaryimage"},"thumbnailUrl":"","articleSection":["Actualit\u00e9s","Rencontres lutherie innovante"],"inLanguage":"fr-FR"},{"@type":"WebPage","@id":"https:\/\/itemm.fr\/itemm\/bilan-de-la-rencontre-lutherie-innovante-du-15-janvier-2019\/","url":"https:\/\/itemm.fr\/itemm\/bilan-de-la-rencontre-lutherie-innovante-du-15-janvier-2019\/","name":"Bilan de la rencontre lutherie innovante du 15 janvier 2019 | Itemm -","isPartOf":{"@id":"https:\/\/itemm.fr\/itemm\/#website"},"primaryImageOfPage":{"@id":"https:\/\/itemm.fr\/itemm\/bilan-de-la-rencontre-lutherie-innovante-du-15-janvier-2019\/#primaryimage"},"image":{"@id":"https:\/\/itemm.fr\/itemm\/bilan-de-la-rencontre-lutherie-innovante-du-15-janvier-2019\/#primaryimage"},"thumbnailUrl":"","datePublished":"2019-01-24T08:42:20+00:00","breadcrumb":{"@id":"https:\/\/itemm.fr\/itemm\/bilan-de-la-rencontre-lutherie-innovante-du-15-janvier-2019\/#breadcrumb"},"inLanguage":"fr-FR","potentialAction":[{"@type":"ReadAction","target":["https:\/\/itemm.fr\/itemm\/bilan-de-la-rencontre-lutherie-innovante-du-15-janvier-2019\/"]}]},{"@type":"ImageObject","inLanguage":"fr-FR","@id":"https:\/\/itemm.fr\/itemm\/bilan-de-la-rencontre-lutherie-innovante-du-15-janvier-2019\/#primaryimage","url":"","contentUrl":""},{"@type":"BreadcrumbList","@id":"https:\/\/itemm.fr\/itemm\/bilan-de-la-rencontre-lutherie-innovante-du-15-janvier-2019\/#breadcrumb","itemListElement":[{"@type":"ListItem","position":1,"name":"Accueil","item":"https:\/\/itemm.fr\/itemm\/"},{"@type":"ListItem","position":2,"name":"Bilan de la rencontre lutherie innovante du 15 janvier 2019"}]},{"@type":"WebSite","@id":"https:\/\/itemm.fr\/itemm\/#website","url":"https:\/\/itemm.fr\/itemm\/","name":"Itemm","description":"Institut technologique europ\u00e9en des m\u00e9tiers de la musique au Mans (72)","publisher":{"@id":"https:\/\/itemm.fr\/itemm\/#organization"},"potentialAction":[{"@type":"SearchAction","target":{"@type":"EntryPoint","urlTemplate":"https:\/\/itemm.fr\/itemm\/?s={search_term_string}"},"query-input":{"@type":"PropertyValueSpecification","valueRequired":true,"valueName":"search_term_string"}}],"inLanguage":"fr-FR"},{"@type":"Organization","@id":"https:\/\/itemm.fr\/itemm\/#organization","name":"ITEMM","alternateName":"ITEMM","url":"https:\/\/itemm.fr\/itemm\/","logo":{"@type":"ImageObject","inLanguage":"fr-FR","@id":"https:\/\/itemm.fr\/itemm\/#\/schema\/logo\/image\/","url":"https:\/\/itemm.fr\/itemm\/wp-content\/uploads\/2021\/12\/logo-itemm-piano-on.png","contentUrl":"https:\/\/itemm.fr\/itemm\/wp-content\/uploads\/2021\/12\/logo-itemm-piano-on.png","width":446,"height":294,"caption":"ITEMM"},"image":{"@id":"https:\/\/itemm.fr\/itemm\/#\/schema\/logo\/image\/"},"sameAs":["https:\/\/www.facebook.com\/itemm.lemans","https:\/\/www.instagram.com\/itemmlemans\/","https:\/\/www.linkedin.com\/in\/itemm\/"]},{"@type":"Person","@id":"https:\/\/itemm.fr\/itemm\/#\/schema\/person\/37d1ada7958a6232148f9ef96178ccd3","name":"cedric.charrier","image":{"@type":"ImageObject","inLanguage":"fr-FR","@id":"https:\/\/itemm.fr\/itemm\/wp-content\/litespeed\/avatar\/6b2a3f567f020e8b4afbfd33154a4be6.jpg?ver=1776860820","url":"https:\/\/itemm.fr\/itemm\/wp-content\/litespeed\/avatar\/6b2a3f567f020e8b4afbfd33154a4be6.jpg?ver=1776860820","contentUrl":"https:\/\/itemm.fr\/itemm\/wp-content\/litespeed\/avatar\/6b2a3f567f020e8b4afbfd33154a4be6.jpg?ver=1776860820","caption":"cedric.charrier"},"url":"https:\/\/itemm.fr\/itemm\/author\/cedric\/"}]}},"_links":{"self":[{"href":"https:\/\/itemm.fr\/itemm\/wp-json\/wp\/v2\/posts\/3881","targetHints":{"allow":["GET"]}}],"collection":[{"href":"https:\/\/itemm.fr\/itemm\/wp-json\/wp\/v2\/posts"}],"about":[{"href":"https:\/\/itemm.fr\/itemm\/wp-json\/wp\/v2\/types\/post"}],"author":[{"embeddable":true,"href":"https:\/\/itemm.fr\/itemm\/wp-json\/wp\/v2\/users\/3004"}],"replies":[{"embeddable":true,"href":"https:\/\/itemm.fr\/itemm\/wp-json\/wp\/v2\/comments?post=3881"}],"version-history":[{"count":0,"href":"https:\/\/itemm.fr\/itemm\/wp-json\/wp\/v2\/posts\/3881\/revisions"}],"wp:featuredmedia":[{"embeddable":true,"href":"https:\/\/itemm.fr\/itemm\/wp-json\/"}],"wp:attachment":[{"href":"https:\/\/itemm.fr\/itemm\/wp-json\/wp\/v2\/media?parent=3881"}],"wp:term":[{"taxonomy":"category","embeddable":true,"href":"https:\/\/itemm.fr\/itemm\/wp-json\/wp\/v2\/categories?post=3881"},{"taxonomy":"post_tag","embeddable":true,"href":"https:\/\/itemm.fr\/itemm\/wp-json\/wp\/v2\/tags?post=3881"}],"curies":[{"name":"wp","href":"https:\/\/api.w.org\/{rel}","templated":true}]}}