{"id":35941,"date":"2022-03-31T09:53:07","date_gmt":"2022-03-31T07:53:07","guid":{"rendered":"https:\/\/itemm.fr\/itemm\/?p=35941"},"modified":"2022-03-31T09:53:44","modified_gmt":"2022-03-31T07:53:44","slug":"presentation-du-titre-rncp-manager-dunite-marchande-par-francois-deschamps-responsable-de-la-section-vente","status":"publish","type":"post","link":"https:\/\/itemm.fr\/itemm\/presentation-du-titre-rncp-manager-dunite-marchande-par-francois-deschamps-responsable-de-la-section-vente\/","title":{"rendered":"Pr\u00e9sentation du titre RNCP Manager d\u2019Unit\u00e9 Marchande par Fran\u00e7ois Deschamps"},"content":{"rendered":"\t\t<div data-elementor-type=\"wp-post\" data-elementor-id=\"35941\" class=\"elementor elementor-35941\" data-elementor-post-type=\"post\">\n\t\t\t\t\t\t<section class=\"elementor-section elementor-top-section elementor-element elementor-element-49bad03b elementor-section-boxed elementor-section-height-default elementor-section-height-default\" data-id=\"49bad03b\" data-element_type=\"section\" data-e-type=\"section\" data-settings=\"{&quot;ekit_has_onepagescroll_dot&quot;:&quot;yes&quot;}\">\n\t\t\t\t\t\t<div class=\"elementor-container elementor-column-gap-default\">\n\t\t\t\t\t<div class=\"elementor-column elementor-col-100 elementor-top-column elementor-element elementor-element-186964b2\" data-id=\"186964b2\" data-element_type=\"column\" data-e-type=\"column\">\n\t\t\t<div class=\"elementor-widget-wrap elementor-element-populated\">\n\t\t\t\t\t\t\t<\/div>\n\t\t<\/div>\n\t\t\t\t\t<\/div>\n\t\t<\/section>\n\t\t\t\t<section class=\"elementor-section elementor-top-section elementor-element elementor-element-15a1e623 elementor-section-height-min-height elementor-section-boxed elementor-section-height-default elementor-section-items-middle\" data-id=\"15a1e623\" data-element_type=\"section\" data-e-type=\"section\" data-settings=\"{&quot;background_background&quot;:&quot;gradient&quot;,&quot;shape_divider_bottom&quot;:&quot;waves&quot;,&quot;ekit_has_onepagescroll_dot&quot;:&quot;yes&quot;}\">\n\t\t\t\t\t\t\t<div class=\"elementor-background-overlay\"><\/div>\n\t\t\t\t\t\t<div class=\"elementor-shape elementor-shape-bottom\" aria-hidden=\"true\" data-negative=\"false\">\n\t\t\t<svg xmlns=\"http:\/\/www.w3.org\/2000\/svg\" viewBox=\"0 0 1000 100\" preserveAspectRatio=\"none\">\n\t<path class=\"elementor-shape-fill\" d=\"M421.9,6.5c22.6-2.5,51.5,0.4,75.5,5.3c23.6,4.9,70.9,23.5,100.5,35.7c75.8,32.2,133.7,44.5,192.6,49.7\n\tc23.6,2.1,48.7,3.5,103.4-2.5c54.7-6,106.2-25.6,106.2-25.6V0H0v30.3c0,0,72,32.6,158.4,30.5c39.2-0.7,92.8-6.7,134-22.4\n\tc21.2-8.1,52.2-18.2,79.7-24.2C399.3,7.9,411.6,7.5,421.9,6.5z\"\/>\n<\/svg>\t\t<\/div>\n\t\t\t\t\t<div class=\"elementor-container elementor-column-gap-default\">\n\t\t\t\t\t<div class=\"elementor-column elementor-col-100 elementor-top-column elementor-element elementor-element-5238c9c3\" data-id=\"5238c9c3\" data-element_type=\"column\" data-e-type=\"column\">\n\t\t\t<div class=\"elementor-widget-wrap elementor-element-populated\">\n\t\t\t\t\t\t<div class=\"elementor-element elementor-element-21909fb5 elementor-widget elementor-widget-theme-post-title elementor-page-title elementor-widget-heading\" data-id=\"21909fb5\" data-element_type=\"widget\" data-e-type=\"widget\" data-settings=\"{&quot;ekit_we_effect_on&quot;:&quot;none&quot;}\" data-widget_type=\"theme-post-title.default\">\n\t\t\t\t\t<h1 class=\"elementor-heading-title elementor-size-default\">Pr\u00e9sentation du titre RNCP Manager d\u2019Unit\u00e9 Marchande par Fran\u00e7ois Deschamps<\/h1>\t\t\t\t<\/div>\n\t\t\t\t<div class=\"elementor-element elementor-element-2c31ed2a elementor-align-center elementor-widget elementor-widget-post-info\" data-id=\"2c31ed2a\" data-element_type=\"widget\" data-e-type=\"widget\" data-settings=\"{&quot;ekit_we_effect_on&quot;:&quot;none&quot;}\" data-widget_type=\"post-info.default\">\n\t\t\t\t\t\t\t<ul class=\"elementor-inline-items elementor-icon-list-items elementor-post-info\">\n\t\t\t\t\t\t\t\t<li class=\"elementor-icon-list-item elementor-repeater-item-ede85bd elementor-inline-item\" itemprop=\"author\">\n\t\t\t\t\t\t<a href=\"https:\/\/itemm.fr\/itemm\/author\/cedric\/\">\n\t\t\t\t\t\t\t\t\t\t\t\t\t\t<span class=\"elementor-icon-list-text elementor-post-info__item elementor-post-info__item--type-author\">\n\t\t\t\t\t\t\t\t\t\tcedric.charrier\t\t\t\t\t<\/span>\n\t\t\t\t\t\t\t\t\t<\/a>\n\t\t\t\t<\/li>\n\t\t\t\t<li class=\"elementor-icon-list-item elementor-repeater-item-ef11192 elementor-inline-item\" itemprop=\"datePublished\">\n\t\t\t\t\t\t<a href=\"https:\/\/itemm.fr\/itemm\/2022\/03\/31\/\">\n\t\t\t\t\t\t\t\t\t\t\t\t\t\t<span class=\"elementor-icon-list-text elementor-post-info__item elementor-post-info__item--type-date\">\n\t\t\t\t\t\t\t\t\t\t<time>mars 31, 2022<\/time>\t\t\t\t\t<\/span>\n\t\t\t\t\t\t\t\t\t<\/a>\n\t\t\t\t<\/li>\n\t\t\t\t<li class=\"elementor-icon-list-item elementor-repeater-item-e52f4f7 elementor-inline-item\" itemprop=\"about\">\n\t\t\t\t\t\t\t\t\t\t<span class=\"elementor-icon-list-icon\">\n\t\t\t\t\t\t\t\t<i aria-hidden=\"true\" class=\"fas fa-tags\"><\/i>\t\t\t\t\t\t\t<\/span>\n\t\t\t\t\t\t\t\t\t<span class=\"elementor-icon-list-text elementor-post-info__item elementor-post-info__item--type-terms\">\n\t\t\t\t\t\t\t\t\t\t<span class=\"elementor-post-info__terms-list\">\n\t\t\t\t<a href=\"https:\/\/itemm.fr\/itemm\/category\/actualites\/\" class=\"elementor-post-info__terms-list-item\">Actualit\u00e9s<\/a>, <a href=\"https:\/\/itemm.fr\/itemm\/category\/apprentissage\/\" class=\"elementor-post-info__terms-list-item\">apprentissage<\/a>, <a href=\"https:\/\/itemm.fr\/itemm\/category\/formations\/\" class=\"elementor-post-info__terms-list-item\">formations<\/a>\t\t\t\t<\/span>\n\t\t\t\t\t<\/span>\n\t\t\t\t\t\t\t\t<\/li>\n\t\t\t\t<\/ul>\n\t\t\t\t\t\t<\/div>\n\t\t\t\t\t<\/div>\n\t\t<\/div>\n\t\t\t\t\t<\/div>\n\t\t<\/section>\n\t\t\t\t<section class=\"elementor-section elementor-top-section elementor-element elementor-element-4fcb8e6a elementor-section-boxed elementor-section-height-default elementor-section-height-default\" data-id=\"4fcb8e6a\" data-element_type=\"section\" data-e-type=\"section\" data-settings=\"{&quot;ekit_has_onepagescroll_dot&quot;:&quot;yes&quot;}\">\n\t\t\t\t\t\t<div class=\"elementor-container elementor-column-gap-default\">\n\t\t\t\t\t<div class=\"elementor-column elementor-col-100 elementor-top-column elementor-element elementor-element-410d5aa7\" data-id=\"410d5aa7\" data-element_type=\"column\" data-e-type=\"column\">\n\t\t\t<div class=\"elementor-widget-wrap elementor-element-populated\">\n\t\t\t\t\t\t<div class=\"elementor-element elementor-element-fced7a2 elementor-widget elementor-widget-theme-post-featured-image elementor-widget-image\" data-id=\"fced7a2\" data-element_type=\"widget\" data-e-type=\"widget\" data-settings=\"{&quot;ekit_we_effect_on&quot;:&quot;none&quot;}\" data-widget_type=\"theme-post-featured-image.default\">\n\t\t\t\t\t\t\t\t\t\t\t\t\t\t\t<img fetchpriority=\"high\" decoding=\"async\" width=\"1024\" height=\"568\" src=\"https:\/\/itemm.fr\/itemm\/wp-content\/uploads\/2022\/03\/Pre\u0301sentation-MUM-Francois-Deschamps-1024x568.jpg\" class=\"attachment-large size-large wp-image-35942\" alt=\"Pr\u00e9sentation du titre RNCP Manager d\u2019Unit\u00e9 Marchande par Fran\u00e7ois Deschamps, responsable de la section Vente.\" srcset=\"https:\/\/itemm.fr\/itemm\/wp-content\/uploads\/2022\/03\/Pre\u0301sentation-MUM-Francois-Deschamps-1024x568.jpg 1024w, https:\/\/itemm.fr\/itemm\/wp-content\/uploads\/2022\/03\/Pre\u0301sentation-MUM-Francois-Deschamps-scaled-600x333.jpg 600w, https:\/\/itemm.fr\/itemm\/wp-content\/uploads\/2022\/03\/Pre\u0301sentation-MUM-Francois-Deschamps-300x166.jpg 300w, https:\/\/itemm.fr\/itemm\/wp-content\/uploads\/2022\/03\/Pre\u0301sentation-MUM-Francois-Deschamps-768x426.jpg 768w, https:\/\/itemm.fr\/itemm\/wp-content\/uploads\/2022\/03\/Pre\u0301sentation-MUM-Francois-Deschamps-1536x852.jpg 1536w, https:\/\/itemm.fr\/itemm\/wp-content\/uploads\/2022\/03\/Pre\u0301sentation-MUM-Francois-Deschamps-2048x1137.jpg 2048w\" sizes=\"(max-width: 1024px) 100vw, 1024px\" \/>\t\t\t\t\t\t\t\t\t\t\t\t\t\t\t<\/div>\n\t\t\t\t<div class=\"elementor-element elementor-element-357d9ebf elementor-widget elementor-widget-spacer\" data-id=\"357d9ebf\" data-element_type=\"widget\" data-e-type=\"widget\" data-settings=\"{&quot;ekit_we_effect_on&quot;:&quot;none&quot;}\" data-widget_type=\"spacer.default\">\n\t\t\t\t\t\t\t<div class=\"elementor-spacer\">\n\t\t\t<div class=\"elementor-spacer-inner\"><\/div>\n\t\t<\/div>\n\t\t\t\t\t\t<\/div>\n\t\t\t\t<div class=\"elementor-element elementor-element-12692cbf elementor-widget elementor-widget-text-editor\" data-id=\"12692cbf\" data-element_type=\"widget\" data-e-type=\"widget\" data-settings=\"{&quot;ekit_we_effect_on&quot;:&quot;none&quot;}\" data-widget_type=\"text-editor.default\">\n\t\t\t\t\t\t\t\t\t<div class=\"elementor-element elementor-element-dafe67c elementor-widget elementor-widget-text-editor\" data-id=\"dafe67c\" data-element_type=\"widget\" data-settings=\"{\" data-widget_type=\"text-editor.default\"><div class=\"elementor-widget-container\"><div class=\"elementor-text-editor elementor-clearfix\"><p><a href=\"https:\/\/itemm.fr\/itemm\/\/manager-dunite-marchande-specialite-produits-musicaux\/\">Le Titre professionnel (RNCP) Manager d\u2019Unit\u00e9 Marchande \u2013 Sp\u00e9cialit\u00e9 produits musicaux<\/a> ouvre \u00e0 la rentr\u00e9e 2022.<\/p><p>Propos\u00e9e en alternance -30% du temps \u00e0 l\u2019ITEMM et 70% en entreprise-\u00a0 cette formation, \u00e9quivalente \u00e0 un BAC + 2, a \u00e9t\u00e9 pens\u00e9e par l\u2019\u00e9quipe p\u00e9dagogique de l\u2019ITEMM en concertation\u00a0 avec des professionnels de la vente et de la distribution d&#8217;instruments de musique et de produits musicaux .<\/p><p>Elle offre ainsi l\u2019acquisition de comp\u00e9tences ajust\u00e9es \u00e0 leurs besoins en personnels qualifi\u00e9s ainsi qu\u2019aux sp\u00e9cificit\u00e9s du secteur.<\/p><p>\u00a0<\/p><p>Aux 3 blocs de comp\u00e9tences communs \u00e0 toutes les formations MUM &#8211; animation et dynamiques commerciales, gestion financi\u00e8re et management d&#8217;\u00e9quipe &#8211; s\u2019ajoutent des mati\u00e8res professionnelles, autour des instruments et du son : culture musicale, acoustique, organologie, maintenance et r\u00e9parations de premier niveau encadr\u00e9es par les formateurs en facture instrumentale de l\u2019ITEMM \u2026<\/p><p>\u00a0<\/p><p>Cet environnement privil\u00e9gi\u00e9 compl\u00e9t\u00e9 par un temps en entreprise cons\u00e9quent permettront de pr\u00e9parer efficacement les apprenant.e.s au march\u00e9 du travail.<\/p><p>D\u00e8s la fin du cursus ils.elles pourront exercer en tant que conseiller.\u00e8re de vente, manager chef.fe de secteur, responsable de rayon ou de magasins pour des distributeurs d\u2019instruments de musique, de produits connexes\u00a0 \u2026<\/p><p>\u00a0<\/p><p>Bon visionnage !<\/p><\/div><\/div><\/div>\t\t\t\t\t\t\t\t<\/div>\n\t\t\t\t<div class=\"elementor-element elementor-element-4967179f elementor-widget elementor-widget-video\" data-id=\"4967179f\" data-element_type=\"widget\" data-e-type=\"widget\" data-settings=\"{&quot;youtube_url&quot;:&quot;https:\\\/\\\/www.youtube.com\\\/watch?v=URQwi1QZdPc&quot;,&quot;video_type&quot;:&quot;youtube&quot;,&quot;controls&quot;:&quot;yes&quot;,&quot;ekit_we_effect_on&quot;:&quot;none&quot;}\" data-widget_type=\"video.default\">\n\t\t\t\t\t\t\t<div class=\"elementor-wrapper elementor-open-inline\">\n\t\t\t<div class=\"elementor-video\"><\/div>\t\t<\/div>\n\t\t\t\t\t\t<\/div>\n\t\t\t\t<section class=\"elementor-section elementor-inner-section elementor-element elementor-element-6be4deb4 elementor-section-boxed elementor-section-height-default elementor-section-height-default\" data-id=\"6be4deb4\" data-element_type=\"section\" data-e-type=\"section\" data-settings=\"{&quot;ekit_has_onepagescroll_dot&quot;:&quot;yes&quot;}\">\n\t\t\t\t\t\t<div class=\"elementor-container elementor-column-gap-default\">\n\t\t\t\t\t<div class=\"elementor-column elementor-col-50 elementor-inner-column elementor-element elementor-element-33e692ae\" data-id=\"33e692ae\" data-element_type=\"column\" data-e-type=\"column\">\n\t\t\t<div class=\"elementor-widget-wrap elementor-element-populated\">\n\t\t\t\t\t\t<div class=\"elementor-element elementor-element-7f586e3e elementor-widget elementor-widget-heading\" data-id=\"7f586e3e\" data-element_type=\"widget\" data-e-type=\"widget\" data-settings=\"{&quot;ekit_we_effect_on&quot;:&quot;none&quot;}\" data-widget_type=\"heading.default\">\n\t\t\t\t\t<h2 class=\"elementor-heading-title elementor-size-default\">Partager cet article<\/h2>\t\t\t\t<\/div>\n\t\t\t\t\t<\/div>\n\t\t<\/div>\n\t\t\t\t<div class=\"elementor-column elementor-col-50 elementor-inner-column elementor-element elementor-element-43864962\" data-id=\"43864962\" data-element_type=\"column\" data-e-type=\"column\">\n\t\t\t<div class=\"elementor-widget-wrap elementor-element-populated\">\n\t\t\t\t\t\t<div class=\"elementor-element elementor-element-4f873074 elementor-share-buttons--view-icon elementor-share-buttons--skin-flat elementor-share-buttons--color-custom elementor-share-buttons--shape-square elementor-grid-0 elementor-widget elementor-widget-share-buttons\" data-id=\"4f873074\" data-element_type=\"widget\" data-e-type=\"widget\" data-settings=\"{&quot;ekit_we_effect_on&quot;:&quot;none&quot;}\" data-widget_type=\"share-buttons.default\">\n\t\t\t\t\t\t\t<div class=\"elementor-grid\" role=\"list\">\n\t\t\t\t\t\t\t\t<div class=\"elementor-grid-item\" role=\"listitem\">\n\t\t\t\t\t\t<div class=\"elementor-share-btn elementor-share-btn_facebook\" role=\"button\" tabindex=\"0\" aria-label=\"Partager sur facebook\">\n\t\t\t\t\t\t\t\t\t\t\t\t\t\t\t<span class=\"elementor-share-btn__icon\">\n\t\t\t\t\t\t\t\t<i class=\"fab fa-facebook\" aria-hidden=\"true\"><\/i>\t\t\t\t\t\t\t<\/span>\n\t\t\t\t\t\t\t\t\t\t\t\t\t\t\t\t\t\t\t\t<\/div>\n\t\t\t\t\t<\/div>\n\t\t\t\t\t\t\t\t\t<div class=\"elementor-grid-item\" role=\"listitem\">\n\t\t\t\t\t\t<div class=\"elementor-share-btn elementor-share-btn_linkedin\" role=\"button\" tabindex=\"0\" aria-label=\"Partager sur linkedin\">\n\t\t\t\t\t\t\t\t\t\t\t\t\t\t\t<span class=\"elementor-share-btn__icon\">\n\t\t\t\t\t\t\t\t<i class=\"fab fa-linkedin\" aria-hidden=\"true\"><\/i>\t\t\t\t\t\t\t<\/span>\n\t\t\t\t\t\t\t\t\t\t\t\t\t\t\t\t\t\t\t\t<\/div>\n\t\t\t\t\t<\/div>\n\t\t\t\t\t\t\t\t\t<div class=\"elementor-grid-item\" role=\"listitem\">\n\t\t\t\t\t\t<div class=\"elementor-share-btn elementor-share-btn_twitter\" role=\"button\" tabindex=\"0\" aria-label=\"Partager sur twitter\">\n\t\t\t\t\t\t\t\t\t\t\t\t\t\t\t<span class=\"elementor-share-btn__icon\">\n\t\t\t\t\t\t\t\t<i class=\"fab fa-twitter\" aria-hidden=\"true\"><\/i>\t\t\t\t\t\t\t<\/span>\n\t\t\t\t\t\t\t\t\t\t\t\t\t\t\t\t\t\t\t\t<\/div>\n\t\t\t\t\t<\/div>\n\t\t\t\t\t\t\t\t\t<div class=\"elementor-grid-item\" role=\"listitem\">\n\t\t\t\t\t\t<div class=\"elementor-share-btn elementor-share-btn_email\" role=\"button\" tabindex=\"0\" aria-label=\"Partager sur email\">\n\t\t\t\t\t\t\t\t\t\t\t\t\t\t\t<span class=\"elementor-share-btn__icon\">\n\t\t\t\t\t\t\t\t<i class=\"fas fa-envelope\" aria-hidden=\"true\"><\/i>\t\t\t\t\t\t\t<\/span>\n\t\t\t\t\t\t\t\t\t\t\t\t\t\t\t\t\t\t\t\t<\/div>\n\t\t\t\t\t<\/div>\n\t\t\t\t\t\t<\/div>\n\t\t\t\t\t\t<\/div>\n\t\t\t\t\t<\/div>\n\t\t<\/div>\n\t\t\t\t\t<\/div>\n\t\t<\/section>\n\t\t\t\t<div class=\"elementor-element elementor-element-608c35bc elementor-widget elementor-widget-spacer\" data-id=\"608c35bc\" data-element_type=\"widget\" data-e-type=\"widget\" data-settings=\"{&quot;ekit_we_effect_on&quot;:&quot;none&quot;}\" data-widget_type=\"spacer.default\">\n\t\t\t\t\t\t\t<div class=\"elementor-spacer\">\n\t\t\t<div class=\"elementor-spacer-inner\"><\/div>\n\t\t<\/div>\n\t\t\t\t\t\t<\/div>\n\t\t\t\t<div class=\"elementor-element elementor-element-73939a0b elementor-widget elementor-widget-heading\" data-id=\"73939a0b\" data-element_type=\"widget\" data-e-type=\"widget\" data-settings=\"{&quot;ekit_we_effect_on&quot;:&quot;none&quot;}\" data-widget_type=\"heading.default\">\n\t\t\t\t\t<h2 class=\"elementor-heading-title elementor-size-default\">Plus \u00e0 d\u00e9couvrir<\/h2>\t\t\t\t<\/div>\n\t\t\t\t<div class=\"elementor-element elementor-element-642b8306 elementor-grid-2 elementor-posts--align-center elementor-grid-tablet-2 elementor-grid-mobile-1 elementor-posts--thumbnail-top elementor-card-shadow-yes elementor-posts__hover-gradient elementor-widget elementor-widget-posts\" data-id=\"642b8306\" data-element_type=\"widget\" data-e-type=\"widget\" data-settings=\"{&quot;cards_columns&quot;:&quot;2&quot;,&quot;cards_row_gap&quot;:{&quot;unit&quot;:&quot;px&quot;,&quot;size&quot;:&quot;30&quot;,&quot;sizes&quot;:[]},&quot;cards_columns_tablet&quot;:&quot;2&quot;,&quot;cards_columns_mobile&quot;:&quot;1&quot;,&quot;cards_row_gap_tablet&quot;:{&quot;unit&quot;:&quot;px&quot;,&quot;size&quot;:&quot;&quot;,&quot;sizes&quot;:[]},&quot;cards_row_gap_mobile&quot;:{&quot;unit&quot;:&quot;px&quot;,&quot;size&quot;:&quot;&quot;,&quot;sizes&quot;:[]},&quot;ekit_we_effect_on&quot;:&quot;none&quot;}\" data-widget_type=\"posts.cards\">\n\t\t\t\t<div class=\"elementor-widget-container\">\n\t\t\t\t\t\t\t<div class=\"elementor-posts-container elementor-posts elementor-posts--skin-cards elementor-grid\" role=\"list\">\n\t\t\t\t<article class=\"elementor-post elementor-grid-item post-62171 post type-post status-publish format-standard has-post-thumbnail hentry category-actualites tag-anges-musiciens category-2197 description-off\" role=\"listitem\">\n\t\t\t<div class=\"elementor-post__card\">\n\t\t\t\t<a class=\"elementor-post__thumbnail__link\" href=\"https:\/\/itemm.fr\/itemm\/olivier-feraud-larcheo-luthier-de-pernes-qui-fait-resonner-lhistoire\/\" tabindex=\"-1\" ><div class=\"elementor-post__thumbnail\"><img decoding=\"async\" width=\"300\" height=\"169\" src=\"https:\/\/itemm.fr\/itemm\/wp-content\/uploads\/2026\/04\/IMG_20260123_202741-300x169.jpg\" class=\"attachment-medium size-medium wp-image-62172\" alt=\"itemm olivier feraud arch\u00e9o lutherie\" srcset=\"https:\/\/itemm.fr\/itemm\/wp-content\/uploads\/2026\/04\/IMG_20260123_202741-300x169.jpg 300w, https:\/\/itemm.fr\/itemm\/wp-content\/uploads\/2026\/04\/IMG_20260123_202741-1024x576.jpg 1024w, https:\/\/itemm.fr\/itemm\/wp-content\/uploads\/2026\/04\/IMG_20260123_202741-768x432.jpg 768w, https:\/\/itemm.fr\/itemm\/wp-content\/uploads\/2026\/04\/IMG_20260123_202741-1536x864.jpg 1536w, https:\/\/itemm.fr\/itemm\/wp-content\/uploads\/2026\/04\/IMG_20260123_202741-2048x1152.jpg 2048w, https:\/\/itemm.fr\/itemm\/wp-content\/uploads\/2026\/04\/IMG_20260123_202741-600x338.jpg 600w, https:\/\/itemm.fr\/itemm\/wp-content\/uploads\/2026\/04\/IMG_20260123_202741-scaled.jpg 2000w\" sizes=\"(max-width: 300px) 100vw, 300px\" \/><\/div><\/a>\n\t\t\t\t<div class=\"elementor-post__badge\">Actualit\u00e9s<\/div>\n\t\t\t\t<div class=\"elementor-post__text\">\n\t\t\t\t<h3 class=\"elementor-post__title\">\n\t\t\t<a href=\"https:\/\/itemm.fr\/itemm\/olivier-feraud-larcheo-luthier-de-pernes-qui-fait-resonner-lhistoire\/\" >\n\t\t\t\tOlivier F\u00e9raud : l\u2019arch\u00e9o-luthier de Pernes qui fait r\u00e9sonner l\u2019histoire\t\t\t<\/a>\n\t\t<\/h3>\n\t\t\t\t<div class=\"elementor-post__excerpt\">\n\t\t\t<p>Install\u00e9 au c\u0153ur de Pernes-les-Fontaines, Olivier F\u00e9raud ne se contente pas de fabriquer des instruments : il les ressuscite. Entre artisanat d\u2019art et rigueur scientifique,<\/p>\n\t\t<\/div>\n\t\t\t\t<\/div>\n\t\t\t\t<div class=\"elementor-post__meta-data\">\n\t\t\t\t\t<span class=\"elementor-post-date\">\n\t\t\t14 avril 2026\t\t<\/span>\n\t\t\t\t<\/div>\n\t\t\t\t\t<\/div>\n\t\t<\/article>\n\t\t\t\t<article class=\"elementor-post elementor-grid-item post-61986 post type-post status-publish format-standard has-post-thumbnail hentry category-anciens-eleves tag-ancien-eleve category-101 description-off\" role=\"listitem\">\n\t\t\t<div class=\"elementor-post__card\">\n\t\t\t\t<a class=\"elementor-post__thumbnail__link\" href=\"https:\/\/itemm.fr\/itemm\/lenie-carpentras-loreille-la-main-et-la-volonte\/\" tabindex=\"-1\" ><div class=\"elementor-post__thumbnail\"><img decoding=\"async\" width=\"300\" height=\"169\" src=\"https:\/\/itemm.fr\/itemm\/wp-content\/uploads\/2025\/09\/article-ancien-eleve-300x169.jpg\" class=\"attachment-medium size-medium wp-image-61517\" alt=\"\" srcset=\"https:\/\/itemm.fr\/itemm\/wp-content\/uploads\/2025\/09\/article-ancien-eleve-300x169.jpg 300w, https:\/\/itemm.fr\/itemm\/wp-content\/uploads\/2025\/09\/article-ancien-eleve-768x432.jpg 768w, https:\/\/itemm.fr\/itemm\/wp-content\/uploads\/2025\/09\/article-ancien-eleve-600x337.jpg 600w, https:\/\/itemm.fr\/itemm\/wp-content\/uploads\/2025\/09\/article-ancien-eleve.jpg 970w\" sizes=\"(max-width: 300px) 100vw, 300px\" \/><\/div><\/a>\n\t\t\t\t<div class=\"elementor-post__badge\">anciens \u00e9l\u00e8ves<\/div>\n\t\t\t\t<div class=\"elementor-post__text\">\n\t\t\t\t<h3 class=\"elementor-post__title\">\n\t\t\t<a href=\"https:\/\/itemm.fr\/itemm\/lenie-carpentras-loreille-la-main-et-la-volonte\/\" >\n\t\t\t\tL\u00e9nie Carpentras, l&#8217;excellence technique au f\u00e9minin\t\t\t<\/a>\n\t\t<\/h3>\n\t\t\t\t<div class=\"elementor-post__excerpt\">\n\t\t\t<p>Dipl\u00f4m\u00e9e de l\u2019ITEMM, L\u00e9nie Carpentras s\u2019est impos\u00e9e dans le monde masculin de la facture de piano. Install\u00e9e \u00e0 Pernes-les-Fontaines, elle redonne de la voix aux<\/p>\n\t\t<\/div>\n\t\t\t\t<\/div>\n\t\t\t\t<div class=\"elementor-post__meta-data\">\n\t\t\t\t\t<span class=\"elementor-post-date\">\n\t\t\t10 avril 2026\t\t<\/span>\n\t\t\t\t<\/div>\n\t\t\t\t\t<\/div>\n\t\t<\/article>\n\t\t\t\t<\/div>\n\t\t\n\t\t\t\t\t\t<\/div>\n\t\t\t\t<\/div>\n\t\t\t\t\t<\/div>\n\t\t<\/div>\n\t\t\t\t\t<\/div>\n\t\t<\/section>\n\t\t\t\t<\/div>\n\t\t","protected":false},"excerpt":{"rendered":"<p>Le Titre professionnel (RNCP) Manager d\u2019Unit\u00e9 Marchande \u2013 Sp\u00e9cialit\u00e9 produits musicaux ouvre \u00e0 la rentr\u00e9e 2022. Propos\u00e9e en alternance -30% du temps \u00e0 l\u2019ITEMM et 70% en entreprise-\u00a0 cette formation, \u00e9quivalente \u00e0 un BAC + 2, a \u00e9t\u00e9 pens\u00e9e par l\u2019\u00e9quipe p\u00e9dagogique de l\u2019ITEMM en concertation\u00a0 avec des professionnels de la vente et de la&hellip;<\/p>\n","protected":false},"author":3004,"featured_media":35942,"comment_status":"closed","ping_status":"closed","sticky":false,"template":"elementor_header_footer","format":"standard","meta":{"_acf_changed":false,"footnotes":""},"categories":[2197,2111,1964],"tags":[2796,313],"class_list":["post-35941","post","type-post","status-publish","format-standard","has-post-thumbnail","hentry","category-actualites","category-apprentissage","category-formations","tag-titre-rncp","tag-vente","category-101","description-off"],"acf":[],"yoast_head":"<!-- This site is optimized with the Yoast SEO plugin v27.4 - https:\/\/yoast.com\/product\/yoast-seo-wordpress\/ -->\n<title>Pr\u00e9sentation du titre RNCP Manager d\u2019Unit\u00e9 Marchande par Fran\u00e7ois Deschamps | Itemm -<\/title>\n<meta name=\"robots\" content=\"index, follow, max-snippet:-1, max-image-preview:large, max-video-preview:-1\" \/>\n<link rel=\"canonical\" href=\"https:\/\/itemm.fr\/itemm\/presentation-du-titre-rncp-manager-dunite-marchande-par-francois-deschamps-responsable-de-la-section-vente\/\" \/>\n<meta property=\"og:locale\" content=\"fr_FR\" \/>\n<meta property=\"og:type\" content=\"article\" \/>\n<meta property=\"og:title\" content=\"Pr\u00e9sentation du titre RNCP Manager d\u2019Unit\u00e9 Marchande par Fran\u00e7ois Deschamps | Itemm -\" \/>\n<meta property=\"og:description\" content=\"Le Titre professionnel (RNCP) Manager d\u2019Unit\u00e9 Marchande \u2013 Sp\u00e9cialit\u00e9 produits musicaux ouvre \u00e0 la rentr\u00e9e 2022. Propos\u00e9e en alternance -30% du temps \u00e0 l\u2019ITEMM et 70% en entreprise-\u00a0 cette formation, \u00e9quivalente \u00e0 un BAC + 2, a \u00e9t\u00e9 pens\u00e9e par l\u2019\u00e9quipe p\u00e9dagogique de l\u2019ITEMM en concertation\u00a0 avec des professionnels de la vente et de la&hellip;\" \/>\n<meta property=\"og:url\" content=\"https:\/\/itemm.fr\/itemm\/presentation-du-titre-rncp-manager-dunite-marchande-par-francois-deschamps-responsable-de-la-section-vente\/\" \/>\n<meta property=\"og:site_name\" content=\"Itemm -\" \/>\n<meta property=\"article:publisher\" content=\"https:\/\/www.facebook.com\/itemm.lemans\" \/>\n<meta property=\"article:published_time\" content=\"2022-03-31T07:53:07+00:00\" \/>\n<meta property=\"article:modified_time\" content=\"2022-03-31T07:53:44+00:00\" \/>\n<meta property=\"og:image\" content=\"https:\/\/itemm.fr\/itemm\/wp-content\/uploads\/2022\/03\/Pre\u0301sentation-MUM-Francois-Deschamps-scaled.jpg\" \/>\n\t<meta property=\"og:image:width\" content=\"2560\" \/>\n\t<meta property=\"og:image:height\" content=\"1421\" \/>\n\t<meta property=\"og:image:type\" content=\"image\/jpeg\" \/>\n<meta name=\"author\" content=\"cedric.charrier\" \/>\n<script type=\"application\/ld+json\" class=\"yoast-schema-graph\">{\"@context\":\"https:\\\/\\\/schema.org\",\"@graph\":[{\"@type\":\"Article\",\"@id\":\"https:\\\/\\\/itemm.fr\\\/itemm\\\/presentation-du-titre-rncp-manager-dunite-marchande-par-francois-deschamps-responsable-de-la-section-vente\\\/#article\",\"isPartOf\":{\"@id\":\"https:\\\/\\\/itemm.fr\\\/itemm\\\/presentation-du-titre-rncp-manager-dunite-marchande-par-francois-deschamps-responsable-de-la-section-vente\\\/\"},\"author\":{\"name\":\"cedric.charrier\",\"@id\":\"https:\\\/\\\/itemm.fr\\\/itemm\\\/#\\\/schema\\\/person\\\/37d1ada7958a6232148f9ef96178ccd3\"},\"headline\":\"Pr\u00e9sentation du titre RNCP Manager d\u2019Unit\u00e9 Marchande par Fran\u00e7ois Deschamps\",\"datePublished\":\"2022-03-31T07:53:07+00:00\",\"dateModified\":\"2022-03-31T07:53:44+00:00\",\"mainEntityOfPage\":{\"@id\":\"https:\\\/\\\/itemm.fr\\\/itemm\\\/presentation-du-titre-rncp-manager-dunite-marchande-par-francois-deschamps-responsable-de-la-section-vente\\\/\"},\"wordCount\":251,\"publisher\":{\"@id\":\"https:\\\/\\\/itemm.fr\\\/itemm\\\/#organization\"},\"image\":{\"@id\":\"https:\\\/\\\/itemm.fr\\\/itemm\\\/presentation-du-titre-rncp-manager-dunite-marchande-par-francois-deschamps-responsable-de-la-section-vente\\\/#primaryimage\"},\"thumbnailUrl\":\"https:\\\/\\\/itemm.fr\\\/itemm\\\/wp-content\\\/uploads\\\/2022\\\/03\\\/Pre\u0301sentation-MUM-Francois-Deschamps-scaled.jpg\",\"keywords\":[\"titre rncp\",\"vente\"],\"articleSection\":[\"Actualit\u00e9s\",\"apprentissage\",\"formations\"],\"inLanguage\":\"fr-FR\"},{\"@type\":\"WebPage\",\"@id\":\"https:\\\/\\\/itemm.fr\\\/itemm\\\/presentation-du-titre-rncp-manager-dunite-marchande-par-francois-deschamps-responsable-de-la-section-vente\\\/\",\"url\":\"https:\\\/\\\/itemm.fr\\\/itemm\\\/presentation-du-titre-rncp-manager-dunite-marchande-par-francois-deschamps-responsable-de-la-section-vente\\\/\",\"name\":\"Pr\u00e9sentation du titre RNCP Manager d\u2019Unit\u00e9 Marchande par Fran\u00e7ois Deschamps | Itemm -\",\"isPartOf\":{\"@id\":\"https:\\\/\\\/itemm.fr\\\/itemm\\\/#website\"},\"primaryImageOfPage\":{\"@id\":\"https:\\\/\\\/itemm.fr\\\/itemm\\\/presentation-du-titre-rncp-manager-dunite-marchande-par-francois-deschamps-responsable-de-la-section-vente\\\/#primaryimage\"},\"image\":{\"@id\":\"https:\\\/\\\/itemm.fr\\\/itemm\\\/presentation-du-titre-rncp-manager-dunite-marchande-par-francois-deschamps-responsable-de-la-section-vente\\\/#primaryimage\"},\"thumbnailUrl\":\"https:\\\/\\\/itemm.fr\\\/itemm\\\/wp-content\\\/uploads\\\/2022\\\/03\\\/Pre\u0301sentation-MUM-Francois-Deschamps-scaled.jpg\",\"datePublished\":\"2022-03-31T07:53:07+00:00\",\"dateModified\":\"2022-03-31T07:53:44+00:00\",\"breadcrumb\":{\"@id\":\"https:\\\/\\\/itemm.fr\\\/itemm\\\/presentation-du-titre-rncp-manager-dunite-marchande-par-francois-deschamps-responsable-de-la-section-vente\\\/#breadcrumb\"},\"inLanguage\":\"fr-FR\",\"potentialAction\":[{\"@type\":\"ReadAction\",\"target\":[\"https:\\\/\\\/itemm.fr\\\/itemm\\\/presentation-du-titre-rncp-manager-dunite-marchande-par-francois-deschamps-responsable-de-la-section-vente\\\/\"]}]},{\"@type\":\"ImageObject\",\"inLanguage\":\"fr-FR\",\"@id\":\"https:\\\/\\\/itemm.fr\\\/itemm\\\/presentation-du-titre-rncp-manager-dunite-marchande-par-francois-deschamps-responsable-de-la-section-vente\\\/#primaryimage\",\"url\":\"https:\\\/\\\/itemm.fr\\\/itemm\\\/wp-content\\\/uploads\\\/2022\\\/03\\\/Pre\u0301sentation-MUM-Francois-Deschamps-scaled.jpg\",\"contentUrl\":\"https:\\\/\\\/itemm.fr\\\/itemm\\\/wp-content\\\/uploads\\\/2022\\\/03\\\/Pre\u0301sentation-MUM-Francois-Deschamps-scaled.jpg\",\"width\":2560,\"height\":1421,\"caption\":\"Pr\u00e9sentation du titre RNCP Manager d\u2019Unit\u00e9 Marchande par Fran\u00e7ois Deschamps, responsable de la section Vente.\"},{\"@type\":\"BreadcrumbList\",\"@id\":\"https:\\\/\\\/itemm.fr\\\/itemm\\\/presentation-du-titre-rncp-manager-dunite-marchande-par-francois-deschamps-responsable-de-la-section-vente\\\/#breadcrumb\",\"itemListElement\":[{\"@type\":\"ListItem\",\"position\":1,\"name\":\"Accueil\",\"item\":\"https:\\\/\\\/itemm.fr\\\/itemm\\\/\"},{\"@type\":\"ListItem\",\"position\":2,\"name\":\"Pr\u00e9sentation du titre RNCP Manager d\u2019Unit\u00e9 Marchande par Fran\u00e7ois Deschamps\"}]},{\"@type\":\"WebSite\",\"@id\":\"https:\\\/\\\/itemm.fr\\\/itemm\\\/#website\",\"url\":\"https:\\\/\\\/itemm.fr\\\/itemm\\\/\",\"name\":\"Itemm\",\"description\":\"Institut technologique europ\u00e9en des m\u00e9tiers de la musique au Mans (72)\",\"publisher\":{\"@id\":\"https:\\\/\\\/itemm.fr\\\/itemm\\\/#organization\"},\"potentialAction\":[{\"@type\":\"SearchAction\",\"target\":{\"@type\":\"EntryPoint\",\"urlTemplate\":\"https:\\\/\\\/itemm.fr\\\/itemm\\\/?s={search_term_string}\"},\"query-input\":{\"@type\":\"PropertyValueSpecification\",\"valueRequired\":true,\"valueName\":\"search_term_string\"}}],\"inLanguage\":\"fr-FR\"},{\"@type\":\"Organization\",\"@id\":\"https:\\\/\\\/itemm.fr\\\/itemm\\\/#organization\",\"name\":\"ITEMM\",\"alternateName\":\"ITEMM\",\"url\":\"https:\\\/\\\/itemm.fr\\\/itemm\\\/\",\"logo\":{\"@type\":\"ImageObject\",\"inLanguage\":\"fr-FR\",\"@id\":\"https:\\\/\\\/itemm.fr\\\/itemm\\\/#\\\/schema\\\/logo\\\/image\\\/\",\"url\":\"https:\\\/\\\/itemm.fr\\\/itemm\\\/wp-content\\\/uploads\\\/2021\\\/12\\\/logo-itemm-piano-on.png\",\"contentUrl\":\"https:\\\/\\\/itemm.fr\\\/itemm\\\/wp-content\\\/uploads\\\/2021\\\/12\\\/logo-itemm-piano-on.png\",\"width\":446,\"height\":294,\"caption\":\"ITEMM\"},\"image\":{\"@id\":\"https:\\\/\\\/itemm.fr\\\/itemm\\\/#\\\/schema\\\/logo\\\/image\\\/\"},\"sameAs\":[\"https:\\\/\\\/www.facebook.com\\\/itemm.lemans\",\"https:\\\/\\\/www.instagram.com\\\/itemmlemans\\\/\",\"https:\\\/\\\/www.linkedin.com\\\/in\\\/itemm\\\/\"]},{\"@type\":\"Person\",\"@id\":\"https:\\\/\\\/itemm.fr\\\/itemm\\\/#\\\/schema\\\/person\\\/37d1ada7958a6232148f9ef96178ccd3\",\"name\":\"cedric.charrier\",\"image\":{\"@type\":\"ImageObject\",\"inLanguage\":\"fr-FR\",\"@id\":\"https:\\\/\\\/itemm.fr\\\/itemm\\\/wp-content\\\/litespeed\\\/avatar\\\/6b2a3f567f020e8b4afbfd33154a4be6.jpg?ver=1776860820\",\"url\":\"https:\\\/\\\/itemm.fr\\\/itemm\\\/wp-content\\\/litespeed\\\/avatar\\\/6b2a3f567f020e8b4afbfd33154a4be6.jpg?ver=1776860820\",\"contentUrl\":\"https:\\\/\\\/itemm.fr\\\/itemm\\\/wp-content\\\/litespeed\\\/avatar\\\/6b2a3f567f020e8b4afbfd33154a4be6.jpg?ver=1776860820\",\"caption\":\"cedric.charrier\"},\"url\":\"https:\\\/\\\/itemm.fr\\\/itemm\\\/author\\\/cedric\\\/\"}]}<\/script>\n<!-- \/ Yoast SEO plugin. -->","yoast_head_json":{"title":"Pr\u00e9sentation du titre RNCP Manager d\u2019Unit\u00e9 Marchande par Fran\u00e7ois Deschamps | Itemm -","robots":{"index":"index","follow":"follow","max-snippet":"max-snippet:-1","max-image-preview":"max-image-preview:large","max-video-preview":"max-video-preview:-1"},"canonical":"https:\/\/itemm.fr\/itemm\/presentation-du-titre-rncp-manager-dunite-marchande-par-francois-deschamps-responsable-de-la-section-vente\/","og_locale":"fr_FR","og_type":"article","og_title":"Pr\u00e9sentation du titre RNCP Manager d\u2019Unit\u00e9 Marchande par Fran\u00e7ois Deschamps | Itemm -","og_description":"Le Titre professionnel (RNCP) Manager d\u2019Unit\u00e9 Marchande \u2013 Sp\u00e9cialit\u00e9 produits musicaux ouvre \u00e0 la rentr\u00e9e 2022. Propos\u00e9e en alternance -30% du temps \u00e0 l\u2019ITEMM et 70% en entreprise-\u00a0 cette formation, \u00e9quivalente \u00e0 un BAC + 2, a \u00e9t\u00e9 pens\u00e9e par l\u2019\u00e9quipe p\u00e9dagogique de l\u2019ITEMM en concertation\u00a0 avec des professionnels de la vente et de la&hellip;","og_url":"https:\/\/itemm.fr\/itemm\/presentation-du-titre-rncp-manager-dunite-marchande-par-francois-deschamps-responsable-de-la-section-vente\/","og_site_name":"Itemm -","article_publisher":"https:\/\/www.facebook.com\/itemm.lemans","article_published_time":"2022-03-31T07:53:07+00:00","article_modified_time":"2022-03-31T07:53:44+00:00","og_image":[{"width":2560,"height":1421,"url":"https:\/\/itemm.fr\/itemm\/wp-content\/uploads\/2022\/03\/Pre\u0301sentation-MUM-Francois-Deschamps-scaled.jpg","type":"image\/jpeg"}],"author":"cedric.charrier","schema":{"@context":"https:\/\/schema.org","@graph":[{"@type":"Article","@id":"https:\/\/itemm.fr\/itemm\/presentation-du-titre-rncp-manager-dunite-marchande-par-francois-deschamps-responsable-de-la-section-vente\/#article","isPartOf":{"@id":"https:\/\/itemm.fr\/itemm\/presentation-du-titre-rncp-manager-dunite-marchande-par-francois-deschamps-responsable-de-la-section-vente\/"},"author":{"name":"cedric.charrier","@id":"https:\/\/itemm.fr\/itemm\/#\/schema\/person\/37d1ada7958a6232148f9ef96178ccd3"},"headline":"Pr\u00e9sentation du titre RNCP Manager d\u2019Unit\u00e9 Marchande par Fran\u00e7ois Deschamps","datePublished":"2022-03-31T07:53:07+00:00","dateModified":"2022-03-31T07:53:44+00:00","mainEntityOfPage":{"@id":"https:\/\/itemm.fr\/itemm\/presentation-du-titre-rncp-manager-dunite-marchande-par-francois-deschamps-responsable-de-la-section-vente\/"},"wordCount":251,"publisher":{"@id":"https:\/\/itemm.fr\/itemm\/#organization"},"image":{"@id":"https:\/\/itemm.fr\/itemm\/presentation-du-titre-rncp-manager-dunite-marchande-par-francois-deschamps-responsable-de-la-section-vente\/#primaryimage"},"thumbnailUrl":"https:\/\/itemm.fr\/itemm\/wp-content\/uploads\/2022\/03\/Pre\u0301sentation-MUM-Francois-Deschamps-scaled.jpg","keywords":["titre rncp","vente"],"articleSection":["Actualit\u00e9s","apprentissage","formations"],"inLanguage":"fr-FR"},{"@type":"WebPage","@id":"https:\/\/itemm.fr\/itemm\/presentation-du-titre-rncp-manager-dunite-marchande-par-francois-deschamps-responsable-de-la-section-vente\/","url":"https:\/\/itemm.fr\/itemm\/presentation-du-titre-rncp-manager-dunite-marchande-par-francois-deschamps-responsable-de-la-section-vente\/","name":"Pr\u00e9sentation du titre RNCP Manager d\u2019Unit\u00e9 Marchande par Fran\u00e7ois Deschamps | Itemm -","isPartOf":{"@id":"https:\/\/itemm.fr\/itemm\/#website"},"primaryImageOfPage":{"@id":"https:\/\/itemm.fr\/itemm\/presentation-du-titre-rncp-manager-dunite-marchande-par-francois-deschamps-responsable-de-la-section-vente\/#primaryimage"},"image":{"@id":"https:\/\/itemm.fr\/itemm\/presentation-du-titre-rncp-manager-dunite-marchande-par-francois-deschamps-responsable-de-la-section-vente\/#primaryimage"},"thumbnailUrl":"https:\/\/itemm.fr\/itemm\/wp-content\/uploads\/2022\/03\/Pre\u0301sentation-MUM-Francois-Deschamps-scaled.jpg","datePublished":"2022-03-31T07:53:07+00:00","dateModified":"2022-03-31T07:53:44+00:00","breadcrumb":{"@id":"https:\/\/itemm.fr\/itemm\/presentation-du-titre-rncp-manager-dunite-marchande-par-francois-deschamps-responsable-de-la-section-vente\/#breadcrumb"},"inLanguage":"fr-FR","potentialAction":[{"@type":"ReadAction","target":["https:\/\/itemm.fr\/itemm\/presentation-du-titre-rncp-manager-dunite-marchande-par-francois-deschamps-responsable-de-la-section-vente\/"]}]},{"@type":"ImageObject","inLanguage":"fr-FR","@id":"https:\/\/itemm.fr\/itemm\/presentation-du-titre-rncp-manager-dunite-marchande-par-francois-deschamps-responsable-de-la-section-vente\/#primaryimage","url":"https:\/\/itemm.fr\/itemm\/wp-content\/uploads\/2022\/03\/Pre\u0301sentation-MUM-Francois-Deschamps-scaled.jpg","contentUrl":"https:\/\/itemm.fr\/itemm\/wp-content\/uploads\/2022\/03\/Pre\u0301sentation-MUM-Francois-Deschamps-scaled.jpg","width":2560,"height":1421,"caption":"Pr\u00e9sentation du titre RNCP Manager d\u2019Unit\u00e9 Marchande par Fran\u00e7ois Deschamps, responsable de la section Vente."},{"@type":"BreadcrumbList","@id":"https:\/\/itemm.fr\/itemm\/presentation-du-titre-rncp-manager-dunite-marchande-par-francois-deschamps-responsable-de-la-section-vente\/#breadcrumb","itemListElement":[{"@type":"ListItem","position":1,"name":"Accueil","item":"https:\/\/itemm.fr\/itemm\/"},{"@type":"ListItem","position":2,"name":"Pr\u00e9sentation du titre RNCP Manager d\u2019Unit\u00e9 Marchande par Fran\u00e7ois Deschamps"}]},{"@type":"WebSite","@id":"https:\/\/itemm.fr\/itemm\/#website","url":"https:\/\/itemm.fr\/itemm\/","name":"Itemm","description":"Institut technologique europ\u00e9en des m\u00e9tiers de la musique au Mans (72)","publisher":{"@id":"https:\/\/itemm.fr\/itemm\/#organization"},"potentialAction":[{"@type":"SearchAction","target":{"@type":"EntryPoint","urlTemplate":"https:\/\/itemm.fr\/itemm\/?s={search_term_string}"},"query-input":{"@type":"PropertyValueSpecification","valueRequired":true,"valueName":"search_term_string"}}],"inLanguage":"fr-FR"},{"@type":"Organization","@id":"https:\/\/itemm.fr\/itemm\/#organization","name":"ITEMM","alternateName":"ITEMM","url":"https:\/\/itemm.fr\/itemm\/","logo":{"@type":"ImageObject","inLanguage":"fr-FR","@id":"https:\/\/itemm.fr\/itemm\/#\/schema\/logo\/image\/","url":"https:\/\/itemm.fr\/itemm\/wp-content\/uploads\/2021\/12\/logo-itemm-piano-on.png","contentUrl":"https:\/\/itemm.fr\/itemm\/wp-content\/uploads\/2021\/12\/logo-itemm-piano-on.png","width":446,"height":294,"caption":"ITEMM"},"image":{"@id":"https:\/\/itemm.fr\/itemm\/#\/schema\/logo\/image\/"},"sameAs":["https:\/\/www.facebook.com\/itemm.lemans","https:\/\/www.instagram.com\/itemmlemans\/","https:\/\/www.linkedin.com\/in\/itemm\/"]},{"@type":"Person","@id":"https:\/\/itemm.fr\/itemm\/#\/schema\/person\/37d1ada7958a6232148f9ef96178ccd3","name":"cedric.charrier","image":{"@type":"ImageObject","inLanguage":"fr-FR","@id":"https:\/\/itemm.fr\/itemm\/wp-content\/litespeed\/avatar\/6b2a3f567f020e8b4afbfd33154a4be6.jpg?ver=1776860820","url":"https:\/\/itemm.fr\/itemm\/wp-content\/litespeed\/avatar\/6b2a3f567f020e8b4afbfd33154a4be6.jpg?ver=1776860820","contentUrl":"https:\/\/itemm.fr\/itemm\/wp-content\/litespeed\/avatar\/6b2a3f567f020e8b4afbfd33154a4be6.jpg?ver=1776860820","caption":"cedric.charrier"},"url":"https:\/\/itemm.fr\/itemm\/author\/cedric\/"}]}},"_links":{"self":[{"href":"https:\/\/itemm.fr\/itemm\/wp-json\/wp\/v2\/posts\/35941","targetHints":{"allow":["GET"]}}],"collection":[{"href":"https:\/\/itemm.fr\/itemm\/wp-json\/wp\/v2\/posts"}],"about":[{"href":"https:\/\/itemm.fr\/itemm\/wp-json\/wp\/v2\/types\/post"}],"author":[{"embeddable":true,"href":"https:\/\/itemm.fr\/itemm\/wp-json\/wp\/v2\/users\/3004"}],"replies":[{"embeddable":true,"href":"https:\/\/itemm.fr\/itemm\/wp-json\/wp\/v2\/comments?post=35941"}],"version-history":[{"count":0,"href":"https:\/\/itemm.fr\/itemm\/wp-json\/wp\/v2\/posts\/35941\/revisions"}],"wp:featuredmedia":[{"embeddable":true,"href":"https:\/\/itemm.fr\/itemm\/wp-json\/wp\/v2\/media\/35942"}],"wp:attachment":[{"href":"https:\/\/itemm.fr\/itemm\/wp-json\/wp\/v2\/media?parent=35941"}],"wp:term":[{"taxonomy":"category","embeddable":true,"href":"https:\/\/itemm.fr\/itemm\/wp-json\/wp\/v2\/categories?post=35941"},{"taxonomy":"post_tag","embeddable":true,"href":"https:\/\/itemm.fr\/itemm\/wp-json\/wp\/v2\/tags?post=35941"}],"curies":[{"name":"wp","href":"https:\/\/api.w.org\/{rel}","templated":true}]}}