{"id":35042,"date":"2022-02-11T19:51:30","date_gmt":"2022-02-11T18:51:30","guid":{"rendered":"https:\/\/itemm.fr\/itemm\/?p=35042"},"modified":"2024-03-19T15:31:54","modified_gmt":"2024-03-19T14:31:54","slug":"yassinekheloufi","status":"publish","type":"post","link":"https:\/\/itemm.fr\/itemm\/yassinekheloufi\/","title":{"rendered":"Yassine Kh\u00e9loufi, ancien apprenant de l\u2019ITEMM, ouvre son atelier"},"content":{"rendered":"<p>Depuis sa plus tendre enfance, Yassine a une passion pour la musique. En secret, il pratique la guitare de son p\u00e8re pendant qu&#8217;il est au travail. Par la suite, il d\u00e9veloppe cette passion d\u00e8s l&#8217;\u00e2ge de 10 ans, lorsque sa premi\u00e8re guitare personnelle lui est offerte.<\/p>\n<p>Apr\u00e8s avoir travaill\u00e9 pendant 20 ans dans le domaine de l&#8217;automobile, Yassine a d\u00e9cid\u00e9 de concr\u00e9tiser son r\u00eave et de se lancer dans le domaine de la musique. Il apprend de l&#8217;ITEMM lors d&#8217;un reportage. Il choisit donc de prendre part aux portes ouvertes qui seront cruciales pour son avenir&#8230;<\/p>\n<p style=\"text-align: justify;\">Yass Guitars<br \/>\n2, route des Montils<br \/>\nCand\u00e9<br \/>\n06.60.90.85.28 \/ yassguitars@gmail.com<\/p>\n<ul>\n<li>date : 29\/01\/2022<\/li>\n<li>source : <a href=\"https:\/\/www.lanouvellerepublique.fr\/loir-et-cher\/commune\/cande-sur-beuvron\/il-a-saute-le-pas-pour-devenir-luthier\">La nouvelle republique<\/a><\/li>\n<\/ul>\n","protected":false},"excerpt":{"rendered":"<p>Yassine Kh\u00e9loufi, dipl\u00f4m\u00e9e d&#8217;un CAP r\u00e9parateur guitare obtenu en un an \u00e0 l&#8217;ITEMM, a \u00e9t\u00e9 install\u00e9e aujourd&#8217;hui dans son atelier \u00e0 Cand\u00e9 sur Beuvron.<\/p>\n","protected":false},"author":3004,"featured_media":53123,"comment_status":"closed","ping_status":"closed","sticky":false,"template":"elementor_header_footer","format":"standard","meta":{"_acf_changed":false,"footnotes":""},"categories":[2197,101],"tags":[],"class_list":["post-35042","post","type-post","status-publish","format-standard","has-post-thumbnail","hentry","category-actualites","category-anciens-eleves","category-2197","category-101","description-off"],"acf":[],"yoast_head":"<!-- This site is optimized with the Yoast SEO plugin v27.4 - https:\/\/yoast.com\/product\/yoast-seo-wordpress\/ -->\n<title>Yassine Kh\u00e9loufi, ancien apprenant de l\u2019ITEMM, ouvre son atelier | Itemm -<\/title>\n<meta name=\"robots\" content=\"index, follow, max-snippet:-1, max-image-preview:large, max-video-preview:-1\" \/>\n<link rel=\"canonical\" href=\"https:\/\/itemm.fr\/itemm\/yassinekheloufi\/\" \/>\n<meta property=\"og:locale\" content=\"fr_FR\" \/>\n<meta property=\"og:type\" content=\"article\" \/>\n<meta property=\"og:title\" content=\"Yassine Kh\u00e9loufi, ancien apprenant de l\u2019ITEMM, ouvre son atelier | Itemm -\" \/>\n<meta property=\"og:description\" content=\"Yassine Kh\u00e9loufi, dipl\u00f4m\u00e9e d&#039;un CAP r\u00e9parateur guitare obtenu en un an \u00e0 l&#039;ITEMM, a \u00e9t\u00e9 install\u00e9e aujourd&#039;hui dans son atelier \u00e0 Cand\u00e9 sur Beuvron.\" \/>\n<meta property=\"og:url\" content=\"https:\/\/itemm.fr\/itemm\/yassinekheloufi\/\" \/>\n<meta property=\"og:site_name\" content=\"Itemm -\" \/>\n<meta property=\"article:publisher\" content=\"https:\/\/www.facebook.com\/itemm.lemans\" \/>\n<meta property=\"article:published_time\" content=\"2022-02-11T18:51:30+00:00\" \/>\n<meta property=\"article:modified_time\" content=\"2024-03-19T14:31:54+00:00\" \/>\n<meta property=\"og:image\" content=\"https:\/\/itemm.fr\/itemm\/wp-content\/uploads\/2020\/06\/que-sont-ils-devenus.png\" \/>\n\t<meta property=\"og:image:width\" content=\"1078\" \/>\n\t<meta property=\"og:image:height\" content=\"798\" \/>\n\t<meta property=\"og:image:type\" content=\"image\/png\" \/>\n<meta name=\"author\" content=\"cedric.charrier\" \/>\n<script type=\"application\/ld+json\" class=\"yoast-schema-graph\">{\"@context\":\"https:\\\/\\\/schema.org\",\"@graph\":[{\"@type\":\"Article\",\"@id\":\"https:\\\/\\\/itemm.fr\\\/itemm\\\/yassinekheloufi\\\/#article\",\"isPartOf\":{\"@id\":\"https:\\\/\\\/itemm.fr\\\/itemm\\\/yassinekheloufi\\\/\"},\"author\":{\"name\":\"cedric.charrier\",\"@id\":\"https:\\\/\\\/itemm.fr\\\/itemm\\\/#\\\/schema\\\/person\\\/37d1ada7958a6232148f9ef96178ccd3\"},\"headline\":\"Yassine Kh\u00e9loufi, ancien apprenant de l\u2019ITEMM, ouvre son atelier\",\"datePublished\":\"2022-02-11T18:51:30+00:00\",\"dateModified\":\"2024-03-19T14:31:54+00:00\",\"mainEntityOfPage\":{\"@id\":\"https:\\\/\\\/itemm.fr\\\/itemm\\\/yassinekheloufi\\\/\"},\"wordCount\":132,\"publisher\":{\"@id\":\"https:\\\/\\\/itemm.fr\\\/itemm\\\/#organization\"},\"image\":{\"@id\":\"https:\\\/\\\/itemm.fr\\\/itemm\\\/yassinekheloufi\\\/#primaryimage\"},\"thumbnailUrl\":\"https:\\\/\\\/itemm.fr\\\/itemm\\\/wp-content\\\/uploads\\\/2020\\\/06\\\/que-sont-ils-devenus.png\",\"articleSection\":[\"Actualit\u00e9s\",\"anciens \u00e9l\u00e8ves\"],\"inLanguage\":\"fr-FR\"},{\"@type\":\"WebPage\",\"@id\":\"https:\\\/\\\/itemm.fr\\\/itemm\\\/yassinekheloufi\\\/\",\"url\":\"https:\\\/\\\/itemm.fr\\\/itemm\\\/yassinekheloufi\\\/\",\"name\":\"Yassine Kh\u00e9loufi, ancien apprenant de l\u2019ITEMM, ouvre son atelier | Itemm -\",\"isPartOf\":{\"@id\":\"https:\\\/\\\/itemm.fr\\\/itemm\\\/#website\"},\"primaryImageOfPage\":{\"@id\":\"https:\\\/\\\/itemm.fr\\\/itemm\\\/yassinekheloufi\\\/#primaryimage\"},\"image\":{\"@id\":\"https:\\\/\\\/itemm.fr\\\/itemm\\\/yassinekheloufi\\\/#primaryimage\"},\"thumbnailUrl\":\"https:\\\/\\\/itemm.fr\\\/itemm\\\/wp-content\\\/uploads\\\/2020\\\/06\\\/que-sont-ils-devenus.png\",\"datePublished\":\"2022-02-11T18:51:30+00:00\",\"dateModified\":\"2024-03-19T14:31:54+00:00\",\"breadcrumb\":{\"@id\":\"https:\\\/\\\/itemm.fr\\\/itemm\\\/yassinekheloufi\\\/#breadcrumb\"},\"inLanguage\":\"fr-FR\",\"potentialAction\":[{\"@type\":\"ReadAction\",\"target\":[\"https:\\\/\\\/itemm.fr\\\/itemm\\\/yassinekheloufi\\\/\"]}]},{\"@type\":\"ImageObject\",\"inLanguage\":\"fr-FR\",\"@id\":\"https:\\\/\\\/itemm.fr\\\/itemm\\\/yassinekheloufi\\\/#primaryimage\",\"url\":\"https:\\\/\\\/itemm.fr\\\/itemm\\\/wp-content\\\/uploads\\\/2020\\\/06\\\/que-sont-ils-devenus.png\",\"contentUrl\":\"https:\\\/\\\/itemm.fr\\\/itemm\\\/wp-content\\\/uploads\\\/2020\\\/06\\\/que-sont-ils-devenus.png\",\"width\":1078,\"height\":798},{\"@type\":\"BreadcrumbList\",\"@id\":\"https:\\\/\\\/itemm.fr\\\/itemm\\\/yassinekheloufi\\\/#breadcrumb\",\"itemListElement\":[{\"@type\":\"ListItem\",\"position\":1,\"name\":\"Accueil\",\"item\":\"https:\\\/\\\/itemm.fr\\\/itemm\\\/\"},{\"@type\":\"ListItem\",\"position\":2,\"name\":\"Yassine Kh\u00e9loufi, ancien apprenant de l\u2019ITEMM, ouvre son atelier\"}]},{\"@type\":\"WebSite\",\"@id\":\"https:\\\/\\\/itemm.fr\\\/itemm\\\/#website\",\"url\":\"https:\\\/\\\/itemm.fr\\\/itemm\\\/\",\"name\":\"Itemm\",\"description\":\"Institut technologique europ\u00e9en des m\u00e9tiers de la musique au Mans (72)\",\"publisher\":{\"@id\":\"https:\\\/\\\/itemm.fr\\\/itemm\\\/#organization\"},\"potentialAction\":[{\"@type\":\"SearchAction\",\"target\":{\"@type\":\"EntryPoint\",\"urlTemplate\":\"https:\\\/\\\/itemm.fr\\\/itemm\\\/?s={search_term_string}\"},\"query-input\":{\"@type\":\"PropertyValueSpecification\",\"valueRequired\":true,\"valueName\":\"search_term_string\"}}],\"inLanguage\":\"fr-FR\"},{\"@type\":\"Organization\",\"@id\":\"https:\\\/\\\/itemm.fr\\\/itemm\\\/#organization\",\"name\":\"ITEMM\",\"alternateName\":\"ITEMM\",\"url\":\"https:\\\/\\\/itemm.fr\\\/itemm\\\/\",\"logo\":{\"@type\":\"ImageObject\",\"inLanguage\":\"fr-FR\",\"@id\":\"https:\\\/\\\/itemm.fr\\\/itemm\\\/#\\\/schema\\\/logo\\\/image\\\/\",\"url\":\"https:\\\/\\\/itemm.fr\\\/itemm\\\/wp-content\\\/uploads\\\/2021\\\/12\\\/logo-itemm-piano-on.png\",\"contentUrl\":\"https:\\\/\\\/itemm.fr\\\/itemm\\\/wp-content\\\/uploads\\\/2021\\\/12\\\/logo-itemm-piano-on.png\",\"width\":446,\"height\":294,\"caption\":\"ITEMM\"},\"image\":{\"@id\":\"https:\\\/\\\/itemm.fr\\\/itemm\\\/#\\\/schema\\\/logo\\\/image\\\/\"},\"sameAs\":[\"https:\\\/\\\/www.facebook.com\\\/itemm.lemans\",\"https:\\\/\\\/www.instagram.com\\\/itemmlemans\\\/\",\"https:\\\/\\\/www.linkedin.com\\\/in\\\/itemm\\\/\"]},{\"@type\":\"Person\",\"@id\":\"https:\\\/\\\/itemm.fr\\\/itemm\\\/#\\\/schema\\\/person\\\/37d1ada7958a6232148f9ef96178ccd3\",\"name\":\"cedric.charrier\",\"image\":{\"@type\":\"ImageObject\",\"inLanguage\":\"fr-FR\",\"@id\":\"https:\\\/\\\/itemm.fr\\\/itemm\\\/wp-content\\\/litespeed\\\/avatar\\\/6b2a3f567f020e8b4afbfd33154a4be6.jpg?ver=1776860820\",\"url\":\"https:\\\/\\\/itemm.fr\\\/itemm\\\/wp-content\\\/litespeed\\\/avatar\\\/6b2a3f567f020e8b4afbfd33154a4be6.jpg?ver=1776860820\",\"contentUrl\":\"https:\\\/\\\/itemm.fr\\\/itemm\\\/wp-content\\\/litespeed\\\/avatar\\\/6b2a3f567f020e8b4afbfd33154a4be6.jpg?ver=1776860820\",\"caption\":\"cedric.charrier\"},\"url\":\"https:\\\/\\\/itemm.fr\\\/itemm\\\/author\\\/cedric\\\/\"}]}<\/script>\n<!-- \/ Yoast SEO plugin. -->","yoast_head_json":{"title":"Yassine Kh\u00e9loufi, ancien apprenant de l\u2019ITEMM, ouvre son atelier | Itemm -","robots":{"index":"index","follow":"follow","max-snippet":"max-snippet:-1","max-image-preview":"max-image-preview:large","max-video-preview":"max-video-preview:-1"},"canonical":"https:\/\/itemm.fr\/itemm\/yassinekheloufi\/","og_locale":"fr_FR","og_type":"article","og_title":"Yassine Kh\u00e9loufi, ancien apprenant de l\u2019ITEMM, ouvre son atelier | Itemm -","og_description":"Yassine Kh\u00e9loufi, dipl\u00f4m\u00e9e d'un CAP r\u00e9parateur guitare obtenu en un an \u00e0 l'ITEMM, a \u00e9t\u00e9 install\u00e9e aujourd'hui dans son atelier \u00e0 Cand\u00e9 sur Beuvron.","og_url":"https:\/\/itemm.fr\/itemm\/yassinekheloufi\/","og_site_name":"Itemm -","article_publisher":"https:\/\/www.facebook.com\/itemm.lemans","article_published_time":"2022-02-11T18:51:30+00:00","article_modified_time":"2024-03-19T14:31:54+00:00","og_image":[{"width":1078,"height":798,"url":"https:\/\/itemm.fr\/itemm\/wp-content\/uploads\/2020\/06\/que-sont-ils-devenus.png","type":"image\/png"}],"author":"cedric.charrier","schema":{"@context":"https:\/\/schema.org","@graph":[{"@type":"Article","@id":"https:\/\/itemm.fr\/itemm\/yassinekheloufi\/#article","isPartOf":{"@id":"https:\/\/itemm.fr\/itemm\/yassinekheloufi\/"},"author":{"name":"cedric.charrier","@id":"https:\/\/itemm.fr\/itemm\/#\/schema\/person\/37d1ada7958a6232148f9ef96178ccd3"},"headline":"Yassine Kh\u00e9loufi, ancien apprenant de l\u2019ITEMM, ouvre son atelier","datePublished":"2022-02-11T18:51:30+00:00","dateModified":"2024-03-19T14:31:54+00:00","mainEntityOfPage":{"@id":"https:\/\/itemm.fr\/itemm\/yassinekheloufi\/"},"wordCount":132,"publisher":{"@id":"https:\/\/itemm.fr\/itemm\/#organization"},"image":{"@id":"https:\/\/itemm.fr\/itemm\/yassinekheloufi\/#primaryimage"},"thumbnailUrl":"https:\/\/itemm.fr\/itemm\/wp-content\/uploads\/2020\/06\/que-sont-ils-devenus.png","articleSection":["Actualit\u00e9s","anciens \u00e9l\u00e8ves"],"inLanguage":"fr-FR"},{"@type":"WebPage","@id":"https:\/\/itemm.fr\/itemm\/yassinekheloufi\/","url":"https:\/\/itemm.fr\/itemm\/yassinekheloufi\/","name":"Yassine Kh\u00e9loufi, ancien apprenant de l\u2019ITEMM, ouvre son atelier | Itemm -","isPartOf":{"@id":"https:\/\/itemm.fr\/itemm\/#website"},"primaryImageOfPage":{"@id":"https:\/\/itemm.fr\/itemm\/yassinekheloufi\/#primaryimage"},"image":{"@id":"https:\/\/itemm.fr\/itemm\/yassinekheloufi\/#primaryimage"},"thumbnailUrl":"https:\/\/itemm.fr\/itemm\/wp-content\/uploads\/2020\/06\/que-sont-ils-devenus.png","datePublished":"2022-02-11T18:51:30+00:00","dateModified":"2024-03-19T14:31:54+00:00","breadcrumb":{"@id":"https:\/\/itemm.fr\/itemm\/yassinekheloufi\/#breadcrumb"},"inLanguage":"fr-FR","potentialAction":[{"@type":"ReadAction","target":["https:\/\/itemm.fr\/itemm\/yassinekheloufi\/"]}]},{"@type":"ImageObject","inLanguage":"fr-FR","@id":"https:\/\/itemm.fr\/itemm\/yassinekheloufi\/#primaryimage","url":"https:\/\/itemm.fr\/itemm\/wp-content\/uploads\/2020\/06\/que-sont-ils-devenus.png","contentUrl":"https:\/\/itemm.fr\/itemm\/wp-content\/uploads\/2020\/06\/que-sont-ils-devenus.png","width":1078,"height":798},{"@type":"BreadcrumbList","@id":"https:\/\/itemm.fr\/itemm\/yassinekheloufi\/#breadcrumb","itemListElement":[{"@type":"ListItem","position":1,"name":"Accueil","item":"https:\/\/itemm.fr\/itemm\/"},{"@type":"ListItem","position":2,"name":"Yassine Kh\u00e9loufi, ancien apprenant de l\u2019ITEMM, ouvre son atelier"}]},{"@type":"WebSite","@id":"https:\/\/itemm.fr\/itemm\/#website","url":"https:\/\/itemm.fr\/itemm\/","name":"Itemm","description":"Institut technologique europ\u00e9en des m\u00e9tiers de la musique au Mans (72)","publisher":{"@id":"https:\/\/itemm.fr\/itemm\/#organization"},"potentialAction":[{"@type":"SearchAction","target":{"@type":"EntryPoint","urlTemplate":"https:\/\/itemm.fr\/itemm\/?s={search_term_string}"},"query-input":{"@type":"PropertyValueSpecification","valueRequired":true,"valueName":"search_term_string"}}],"inLanguage":"fr-FR"},{"@type":"Organization","@id":"https:\/\/itemm.fr\/itemm\/#organization","name":"ITEMM","alternateName":"ITEMM","url":"https:\/\/itemm.fr\/itemm\/","logo":{"@type":"ImageObject","inLanguage":"fr-FR","@id":"https:\/\/itemm.fr\/itemm\/#\/schema\/logo\/image\/","url":"https:\/\/itemm.fr\/itemm\/wp-content\/uploads\/2021\/12\/logo-itemm-piano-on.png","contentUrl":"https:\/\/itemm.fr\/itemm\/wp-content\/uploads\/2021\/12\/logo-itemm-piano-on.png","width":446,"height":294,"caption":"ITEMM"},"image":{"@id":"https:\/\/itemm.fr\/itemm\/#\/schema\/logo\/image\/"},"sameAs":["https:\/\/www.facebook.com\/itemm.lemans","https:\/\/www.instagram.com\/itemmlemans\/","https:\/\/www.linkedin.com\/in\/itemm\/"]},{"@type":"Person","@id":"https:\/\/itemm.fr\/itemm\/#\/schema\/person\/37d1ada7958a6232148f9ef96178ccd3","name":"cedric.charrier","image":{"@type":"ImageObject","inLanguage":"fr-FR","@id":"https:\/\/itemm.fr\/itemm\/wp-content\/litespeed\/avatar\/6b2a3f567f020e8b4afbfd33154a4be6.jpg?ver=1776860820","url":"https:\/\/itemm.fr\/itemm\/wp-content\/litespeed\/avatar\/6b2a3f567f020e8b4afbfd33154a4be6.jpg?ver=1776860820","contentUrl":"https:\/\/itemm.fr\/itemm\/wp-content\/litespeed\/avatar\/6b2a3f567f020e8b4afbfd33154a4be6.jpg?ver=1776860820","caption":"cedric.charrier"},"url":"https:\/\/itemm.fr\/itemm\/author\/cedric\/"}]}},"_links":{"self":[{"href":"https:\/\/itemm.fr\/itemm\/wp-json\/wp\/v2\/posts\/35042","targetHints":{"allow":["GET"]}}],"collection":[{"href":"https:\/\/itemm.fr\/itemm\/wp-json\/wp\/v2\/posts"}],"about":[{"href":"https:\/\/itemm.fr\/itemm\/wp-json\/wp\/v2\/types\/post"}],"author":[{"embeddable":true,"href":"https:\/\/itemm.fr\/itemm\/wp-json\/wp\/v2\/users\/3004"}],"replies":[{"embeddable":true,"href":"https:\/\/itemm.fr\/itemm\/wp-json\/wp\/v2\/comments?post=35042"}],"version-history":[{"count":0,"href":"https:\/\/itemm.fr\/itemm\/wp-json\/wp\/v2\/posts\/35042\/revisions"}],"wp:featuredmedia":[{"embeddable":true,"href":"https:\/\/itemm.fr\/itemm\/wp-json\/wp\/v2\/media\/53123"}],"wp:attachment":[{"href":"https:\/\/itemm.fr\/itemm\/wp-json\/wp\/v2\/media?parent=35042"}],"wp:term":[{"taxonomy":"category","embeddable":true,"href":"https:\/\/itemm.fr\/itemm\/wp-json\/wp\/v2\/categories?post=35042"},{"taxonomy":"post_tag","embeddable":true,"href":"https:\/\/itemm.fr\/itemm\/wp-json\/wp\/v2\/tags?post=35042"}],"curies":[{"name":"wp","href":"https:\/\/api.w.org\/{rel}","templated":true}]}}