{"id":28872,"date":"2021-08-26T16:13:46","date_gmt":"2021-08-26T14:13:46","guid":{"rendered":"https:\/\/itemm.fr\/itemm\/?p=28872"},"modified":"2021-09-07T14:49:51","modified_gmt":"2021-09-07T12:49:51","slug":"dossiers-bma-vent-focus-sur-le-travail-de-lucie-dejean","status":"publish","type":"post","link":"https:\/\/itemm.fr\/itemm\/dossiers-bma-vent-focus-sur-le-travail-de-lucie-dejean\/","title":{"rendered":"Dossiers BMA Vent : focus sur le travail de Lucie Dejean"},"content":{"rendered":"\t\t<div data-elementor-type=\"wp-post\" data-elementor-id=\"28872\" class=\"elementor elementor-28872\" data-elementor-post-type=\"post\">\n\t\t\t\t\t\t<section class=\"elementor-section elementor-top-section elementor-element elementor-element-42a69f2a elementor-section-height-min-height elementor-section-boxed elementor-section-height-default elementor-section-items-middle\" data-id=\"42a69f2a\" data-element_type=\"section\" data-e-type=\"section\" data-settings=\"{&quot;background_background&quot;:&quot;gradient&quot;,&quot;shape_divider_bottom&quot;:&quot;waves&quot;,&quot;ekit_has_onepagescroll_dot&quot;:&quot;yes&quot;}\">\n\t\t\t\t\t\t\t<div class=\"elementor-background-overlay\"><\/div>\n\t\t\t\t\t\t<div class=\"elementor-shape elementor-shape-bottom\" aria-hidden=\"true\" data-negative=\"false\">\n\t\t\t<svg xmlns=\"http:\/\/www.w3.org\/2000\/svg\" viewBox=\"0 0 1000 100\" preserveAspectRatio=\"none\">\n\t<path class=\"elementor-shape-fill\" d=\"M421.9,6.5c22.6-2.5,51.5,0.4,75.5,5.3c23.6,4.9,70.9,23.5,100.5,35.7c75.8,32.2,133.7,44.5,192.6,49.7\n\tc23.6,2.1,48.7,3.5,103.4-2.5c54.7-6,106.2-25.6,106.2-25.6V0H0v30.3c0,0,72,32.6,158.4,30.5c39.2-0.7,92.8-6.7,134-22.4\n\tc21.2-8.1,52.2-18.2,79.7-24.2C399.3,7.9,411.6,7.5,421.9,6.5z\"\/>\n<\/svg>\t\t<\/div>\n\t\t\t\t\t<div class=\"elementor-container elementor-column-gap-default\">\n\t\t\t\t\t<div class=\"elementor-column elementor-col-100 elementor-top-column elementor-element elementor-element-5cf162d1\" data-id=\"5cf162d1\" data-element_type=\"column\" data-e-type=\"column\">\n\t\t\t<div class=\"elementor-widget-wrap elementor-element-populated\">\n\t\t\t\t\t\t<div class=\"elementor-element elementor-element-7b09bd15 elementor-widget elementor-widget-theme-post-title elementor-page-title elementor-widget-heading\" data-id=\"7b09bd15\" data-element_type=\"widget\" data-e-type=\"widget\" data-settings=\"{&quot;ekit_we_effect_on&quot;:&quot;none&quot;}\" data-widget_type=\"theme-post-title.default\">\n\t\t\t\t\t<h1 class=\"elementor-heading-title elementor-size-default\">Dossiers BMA Vent : focus sur le travail de Lucie Dejean<\/h1>\t\t\t\t<\/div>\n\t\t\t\t<div class=\"elementor-element elementor-element-1d16a16a elementor-align-center elementor-widget elementor-widget-post-info\" data-id=\"1d16a16a\" data-element_type=\"widget\" data-e-type=\"widget\" data-settings=\"{&quot;ekit_we_effect_on&quot;:&quot;none&quot;}\" data-widget_type=\"post-info.default\">\n\t\t\t\t\t\t\t<ul class=\"elementor-inline-items elementor-icon-list-items elementor-post-info\">\n\t\t\t\t\t\t\t\t<li class=\"elementor-icon-list-item elementor-repeater-item-ede85bd elementor-inline-item\" itemprop=\"author\">\n\t\t\t\t\t\t<a href=\"https:\/\/itemm.fr\/itemm\/author\/cedric\/\">\n\t\t\t\t\t\t\t\t\t\t\t\t\t\t<span class=\"elementor-icon-list-text elementor-post-info__item elementor-post-info__item--type-author\">\n\t\t\t\t\t\t\t\t\t\tcedric.charrier\t\t\t\t\t<\/span>\n\t\t\t\t\t\t\t\t\t<\/a>\n\t\t\t\t<\/li>\n\t\t\t\t<li class=\"elementor-icon-list-item elementor-repeater-item-ef11192 elementor-inline-item\" itemprop=\"datePublished\">\n\t\t\t\t\t\t<a href=\"https:\/\/itemm.fr\/itemm\/2021\/08\/26\/\">\n\t\t\t\t\t\t\t\t\t\t\t\t\t\t<span class=\"elementor-icon-list-text elementor-post-info__item elementor-post-info__item--type-date\">\n\t\t\t\t\t\t\t\t\t\t<time>ao\u00fbt 26, 2021<\/time>\t\t\t\t\t<\/span>\n\t\t\t\t\t\t\t\t\t<\/a>\n\t\t\t\t<\/li>\n\t\t\t\t<li class=\"elementor-icon-list-item elementor-repeater-item-e52f4f7 elementor-inline-item\" itemprop=\"about\">\n\t\t\t\t\t\t\t\t\t\t<span class=\"elementor-icon-list-icon\">\n\t\t\t\t\t\t\t\t<i aria-hidden=\"true\" class=\"fas fa-tags\"><\/i>\t\t\t\t\t\t\t<\/span>\n\t\t\t\t\t\t\t\t\t<span class=\"elementor-icon-list-text elementor-post-info__item elementor-post-info__item--type-terms\">\n\t\t\t\t\t\t\t\t\t\t<span class=\"elementor-post-info__terms-list\">\n\t\t\t\t<a href=\"https:\/\/itemm.fr\/itemm\/category\/actualites\/\" class=\"elementor-post-info__terms-list-item\">Actualit\u00e9s<\/a>, <a href=\"https:\/\/itemm.fr\/itemm\/category\/dossier-bma\/\" class=\"elementor-post-info__terms-list-item\">Dossier BMA<\/a>\t\t\t\t<\/span>\n\t\t\t\t\t<\/span>\n\t\t\t\t\t\t\t\t<\/li>\n\t\t\t\t<\/ul>\n\t\t\t\t\t\t<\/div>\n\t\t\t\t\t<\/div>\n\t\t<\/div>\n\t\t\t\t\t<\/div>\n\t\t<\/section>\n\t\t\t\t<section class=\"elementor-section elementor-top-section elementor-element elementor-element-4193f8c8 elementor-section-boxed elementor-section-height-default elementor-section-height-default\" data-id=\"4193f8c8\" data-element_type=\"section\" data-e-type=\"section\" data-settings=\"{&quot;ekit_has_onepagescroll_dot&quot;:&quot;yes&quot;}\">\n\t\t\t\t\t\t<div class=\"elementor-container elementor-column-gap-default\">\n\t\t\t\t\t<div class=\"elementor-column elementor-col-100 elementor-top-column elementor-element elementor-element-7faabb9a\" data-id=\"7faabb9a\" data-element_type=\"column\" data-e-type=\"column\">\n\t\t\t<div class=\"elementor-widget-wrap elementor-element-populated\">\n\t\t\t\t\t\t<div class=\"elementor-element elementor-element-291ceddd elementor-widget elementor-widget-theme-post-featured-image elementor-widget-image\" data-id=\"291ceddd\" data-element_type=\"widget\" data-e-type=\"widget\" data-settings=\"{&quot;ekit_we_effect_on&quot;:&quot;none&quot;}\" data-widget_type=\"theme-post-featured-image.default\">\n\t\t\t\t\t\t\t\t\t\t\t\t\t\t\t<img fetchpriority=\"high\" decoding=\"async\" width=\"902\" height=\"672\" src=\"https:\/\/itemm.fr\/itemm\/wp-content\/uploads\/2021\/08\/Capture-de\u0301cran-2021-08-19-a\u0300-09.40.55.png\" class=\"attachment-large size-large wp-image-28907\" alt=\"\" srcset=\"https:\/\/itemm.fr\/itemm\/wp-content\/uploads\/2021\/08\/Capture-de\u0301cran-2021-08-19-a\u0300-09.40.55.png 902w, https:\/\/itemm.fr\/itemm\/wp-content\/uploads\/2021\/08\/Capture-de\u0301cran-2021-08-19-a\u0300-09.40.55-600x447.png 600w, https:\/\/itemm.fr\/itemm\/wp-content\/uploads\/2021\/08\/Capture-de\u0301cran-2021-08-19-a\u0300-09.40.55-300x224.png 300w, https:\/\/itemm.fr\/itemm\/wp-content\/uploads\/2021\/08\/Capture-de\u0301cran-2021-08-19-a\u0300-09.40.55-768x572.png 768w\" sizes=\"(max-width: 902px) 100vw, 902px\" \/>\t\t\t\t\t\t\t\t\t\t\t\t\t\t\t<\/div>\n\t\t\t\t<div class=\"elementor-element elementor-element-34c02416 elementor-widget elementor-widget-spacer\" data-id=\"34c02416\" data-element_type=\"widget\" data-e-type=\"widget\" data-settings=\"{&quot;ekit_we_effect_on&quot;:&quot;none&quot;}\" data-widget_type=\"spacer.default\">\n\t\t\t\t\t\t\t<div class=\"elementor-spacer\">\n\t\t\t<div class=\"elementor-spacer-inner\"><\/div>\n\t\t<\/div>\n\t\t\t\t\t\t<\/div>\n\t\t\t\t<div class=\"elementor-element elementor-element-25896dee elementor-widget elementor-widget-theme-post-excerpt\" data-id=\"25896dee\" data-element_type=\"widget\" data-e-type=\"widget\" data-settings=\"{&quot;ekit_we_effect_on&quot;:&quot;none&quot;}\" data-widget_type=\"theme-post-excerpt.default\">\n\t\t\t\t\tNos apprenant.e.s en Brevet des Me\u0301tiers d\u2019Art (BMA) re\u0301alisent au cours de leur formation un dossier de fin d\u2019e\u0301tudes. Nous vous pre\u0301sentons ici le travail de Lucie Dejean, apprenante de la section instruments a\u0300 Vent.\t\t\t\t<\/div>\n\t\t\t\t<div class=\"elementor-element elementor-element-d0aba7f elementor-widget elementor-widget-spacer\" data-id=\"d0aba7f\" data-element_type=\"widget\" data-e-type=\"widget\" data-settings=\"{&quot;ekit_we_effect_on&quot;:&quot;none&quot;}\" data-widget_type=\"spacer.default\">\n\t\t\t\t\t\t\t<div class=\"elementor-spacer\">\n\t\t\t<div class=\"elementor-spacer-inner\"><\/div>\n\t\t<\/div>\n\t\t\t\t\t\t<\/div>\n\t\t\t\t<div class=\"elementor-element elementor-element-4a9dd373 elementor-widget elementor-widget-text-editor\" data-id=\"4a9dd373\" data-element_type=\"widget\" data-e-type=\"widget\" data-settings=\"{&quot;ekit_we_effect_on&quot;:&quot;none&quot;}\" data-widget_type=\"text-editor.default\">\n\t\t\t\t\t\t\t\t\t<div class=\"page\" title=\"Page 1\"><div class=\"section\"><div class=\"layoutArea\"><div class=\"column\"><p style=\"text-align: justify;\"><span style=\"word-spacing: normal;\">Lucie a choisi de travailler a\u0300 la conception et au cle\u0301tage* d\u2019un hautbois traditionnel pyre\u0301ne\u0301en, le clari**.<\/span><\/p><p>\u00a0<\/p><p style=\"text-align: justify;\"><span style=\"word-spacing: normal;\">Hautboi\u0308ste, elle a construit son projet autours de trois axes :<\/span><\/p><p>\u00a0<\/p><p style=\"text-align: justify;\"><strong>\u2022 La transposition de l\u2019instrument traditionnel :<\/strong><\/p><p style=\"text-align: justify;\">La vise\u0301e de son travail est de fabriquer un clari traditionnel en sol, et de le rendre chromatique***. Ceci est re\u0301alisable gra\u0302ce a\u0300 l\u2019ajout de clefs permettant d\u2019atteindre le mi. Le cle\u0301tage doit e\u0302tre discret et minimaliste afin de ne pas alte\u0301rer le jeu d\u2019un hautboi\u0308ste traditionnel, et de lui laisser le choix de la technique.<\/p><p>\u00a0<\/p><p style=\"text-align: justify;\"><strong>\u2022 La possibilite\u0301 de le commercialiser pour rendre le clari abordable a\u0300 un musicien amateur :<\/strong><\/p><p style=\"text-align: justify;\">Le prototype construit par Lucie repre\u0301sente un investissement financier du\u0302 notamment aux matie\u0300res premie\u0300res utilise\u0301es, aux outils, ainsi qu\u2019au temps de fabrication alloue\u0301. Afin de re\u0301duire le cou\u0302t de production et proposer a\u0300 la cliente\u0300le un instrument a\u0300 un prix accessible, Lucie a par exemple imagine\u0301 la commande en gros de calottes**** ou une re\u0301e\u0301valuation du temps de fabrication. L\u2019optimisation de ces e\u0301tapes de la fabrication rendra le clari cle\u0301te\u0301 accessible a\u0300 tous.<\/p><p>\u00a0<\/p><p style=\"text-align: justify;\"><strong>\u2022 L\u2019esthe\u0301tique et la solidite\u0301 de cette nouvelle version du clari, entre tradition et modernite\u0301 :<\/strong><\/p><p style=\"text-align: justify;\">Le cle\u0301tage rend l\u2019instrument fragile et sujet aux dommages. Il a donc fallu imaginer un moyen de le prote\u0301ger lors de transports, tout en le rendant solide et robuste malgre\u0301 sa taille. Tout en pour- suivant cette recherche technique, Lucie Dejean travaille a\u0300 une cohe\u0301rence esthe\u0301tique entre le corps du hautbois clari et le syste\u0300me de clefs. Son instrument se voulant fide\u0300le a\u0300 son passe\u0301 historique tout en gardant une esthe\u0301tique moderne et audacieuse.<\/p><p>\u00a0<\/p><p style=\"text-align: justify;\">Son travail, pre\u0301cis, chiffre\u0301 et soigne\u0301, a enthousiasme\u0301 ses formateurs, et l\u2019ITEMM lui adresse ses plus since\u0300res fe\u0301licitations. Nous remercions e\u0301galement Pierre Rouch, facteur de clari pyre\u0301ne\u0301ens, Pierre Helou, de l\u2019entreprise Parmenon, et le mai\u0302tre d&#8217;apprentissage de Lucie, Jonathan Ollivier, qui l\u2019ont aide\u0301e et soutenue dans ce projet. Nous lui souhaitons une excellente continuation et de la re\u0301ussite dans ses projets futurs.<\/p><\/div><div class=\"column\"><p>\u00a0<\/p><p style=\"text-align: justify;\"><strong>Glossaire :<\/strong><\/p><p>\u00a0<\/p><p style=\"text-align: justify;\">* Cle\u0301tage : ajout de clefs a\u0300 un instrument a\u0300 vent<br \/>** Clari : hautbois traditionnel originaire des Pyre\u0301ne\u0301es, issu de la pe\u0301riode me\u0301die\u0301vale<br \/>*** Chromatique : alte\u0301ration d\u2019un demi ton de la gamme initiale<br \/>**** Calottes : parties creuses d&#8217;une clef recevant le tampon***** sur un instrument a\u0300 vent<br \/>***** Tampon : Pie\u0300ce, faite de feutre et de carton recouverts de cuir ou simplement en lie\u0300ge, colle\u0301e dans une calotte et servant a\u0300 boucher un trou.<\/p><\/div><\/div><\/div><\/div>\t\t\t\t\t\t\t\t<\/div>\n\t\t\t\t<section class=\"elementor-section elementor-inner-section elementor-element elementor-element-32a508a9 elementor-section-boxed elementor-section-height-default elementor-section-height-default\" data-id=\"32a508a9\" data-element_type=\"section\" data-e-type=\"section\" data-settings=\"{&quot;ekit_has_onepagescroll_dot&quot;:&quot;yes&quot;}\">\n\t\t\t\t\t\t<div class=\"elementor-container elementor-column-gap-default\">\n\t\t\t\t\t<div class=\"elementor-column elementor-col-50 elementor-inner-column elementor-element elementor-element-66a727ee\" data-id=\"66a727ee\" data-element_type=\"column\" data-e-type=\"column\">\n\t\t\t<div class=\"elementor-widget-wrap elementor-element-populated\">\n\t\t\t\t\t\t<div class=\"elementor-element elementor-element-2ca95c9b elementor-widget elementor-widget-heading\" data-id=\"2ca95c9b\" data-element_type=\"widget\" data-e-type=\"widget\" data-settings=\"{&quot;ekit_we_effect_on&quot;:&quot;none&quot;}\" data-widget_type=\"heading.default\">\n\t\t\t\t\t<h2 class=\"elementor-heading-title elementor-size-default\">Partager cet article<\/h2>\t\t\t\t<\/div>\n\t\t\t\t\t<\/div>\n\t\t<\/div>\n\t\t\t\t<div class=\"elementor-column elementor-col-50 elementor-inner-column elementor-element elementor-element-1e074d2b\" data-id=\"1e074d2b\" data-element_type=\"column\" data-e-type=\"column\">\n\t\t\t<div class=\"elementor-widget-wrap elementor-element-populated\">\n\t\t\t\t\t\t<div class=\"elementor-element elementor-element-6928820b elementor-share-buttons--view-icon elementor-share-buttons--skin-flat elementor-share-buttons--color-custom elementor-share-buttons--shape-square elementor-grid-0 elementor-widget elementor-widget-share-buttons\" data-id=\"6928820b\" data-element_type=\"widget\" data-e-type=\"widget\" data-settings=\"{&quot;ekit_we_effect_on&quot;:&quot;none&quot;}\" data-widget_type=\"share-buttons.default\">\n\t\t\t\t\t\t\t<div class=\"elementor-grid\" role=\"list\">\n\t\t\t\t\t\t\t\t<div class=\"elementor-grid-item\" role=\"listitem\">\n\t\t\t\t\t\t<div class=\"elementor-share-btn elementor-share-btn_facebook\" role=\"button\" tabindex=\"0\" aria-label=\"Partager sur facebook\">\n\t\t\t\t\t\t\t\t\t\t\t\t\t\t\t<span class=\"elementor-share-btn__icon\">\n\t\t\t\t\t\t\t\t<i class=\"fab fa-facebook\" aria-hidden=\"true\"><\/i>\t\t\t\t\t\t\t<\/span>\n\t\t\t\t\t\t\t\t\t\t\t\t\t\t\t\t\t\t\t\t<\/div>\n\t\t\t\t\t<\/div>\n\t\t\t\t\t\t\t\t\t<div class=\"elementor-grid-item\" role=\"listitem\">\n\t\t\t\t\t\t<div class=\"elementor-share-btn elementor-share-btn_linkedin\" role=\"button\" tabindex=\"0\" aria-label=\"Partager sur linkedin\">\n\t\t\t\t\t\t\t\t\t\t\t\t\t\t\t<span class=\"elementor-share-btn__icon\">\n\t\t\t\t\t\t\t\t<i class=\"fab fa-linkedin\" aria-hidden=\"true\"><\/i>\t\t\t\t\t\t\t<\/span>\n\t\t\t\t\t\t\t\t\t\t\t\t\t\t\t\t\t\t\t\t<\/div>\n\t\t\t\t\t<\/div>\n\t\t\t\t\t\t\t\t\t<div class=\"elementor-grid-item\" role=\"listitem\">\n\t\t\t\t\t\t<div class=\"elementor-share-btn elementor-share-btn_twitter\" role=\"button\" tabindex=\"0\" aria-label=\"Partager sur twitter\">\n\t\t\t\t\t\t\t\t\t\t\t\t\t\t\t<span class=\"elementor-share-btn__icon\">\n\t\t\t\t\t\t\t\t<i class=\"fab fa-twitter\" aria-hidden=\"true\"><\/i>\t\t\t\t\t\t\t<\/span>\n\t\t\t\t\t\t\t\t\t\t\t\t\t\t\t\t\t\t\t\t<\/div>\n\t\t\t\t\t<\/div>\n\t\t\t\t\t\t\t\t\t<div class=\"elementor-grid-item\" role=\"listitem\">\n\t\t\t\t\t\t<div class=\"elementor-share-btn elementor-share-btn_email\" role=\"button\" tabindex=\"0\" aria-label=\"Partager sur email\">\n\t\t\t\t\t\t\t\t\t\t\t\t\t\t\t<span class=\"elementor-share-btn__icon\">\n\t\t\t\t\t\t\t\t<i class=\"fas fa-envelope\" aria-hidden=\"true\"><\/i>\t\t\t\t\t\t\t<\/span>\n\t\t\t\t\t\t\t\t\t\t\t\t\t\t\t\t\t\t\t\t<\/div>\n\t\t\t\t\t<\/div>\n\t\t\t\t\t\t<\/div>\n\t\t\t\t\t\t<\/div>\n\t\t\t\t\t<\/div>\n\t\t<\/div>\n\t\t\t\t\t<\/div>\n\t\t<\/section>\n\t\t\t\t<div class=\"elementor-element elementor-element-5742985a elementor-widget elementor-widget-spacer\" data-id=\"5742985a\" data-element_type=\"widget\" data-e-type=\"widget\" data-settings=\"{&quot;ekit_we_effect_on&quot;:&quot;none&quot;}\" data-widget_type=\"spacer.default\">\n\t\t\t\t\t\t\t<div class=\"elementor-spacer\">\n\t\t\t<div class=\"elementor-spacer-inner\"><\/div>\n\t\t<\/div>\n\t\t\t\t\t\t<\/div>\n\t\t\t\t<div class=\"elementor-element elementor-element-653425a6 elementor-widget elementor-widget-heading\" data-id=\"653425a6\" data-element_type=\"widget\" data-e-type=\"widget\" data-settings=\"{&quot;ekit_we_effect_on&quot;:&quot;none&quot;}\" data-widget_type=\"heading.default\">\n\t\t\t\t\t<h2 class=\"elementor-heading-title elementor-size-default\">Plus \u00e0 d\u00e9couvrir<\/h2>\t\t\t\t<\/div>\n\t\t\t\t<div class=\"elementor-element elementor-element-6d429e7f elementor-grid-2 elementor-posts--align-center elementor-grid-tablet-2 elementor-grid-mobile-1 elementor-posts--thumbnail-top elementor-card-shadow-yes elementor-posts__hover-gradient elementor-widget elementor-widget-posts\" data-id=\"6d429e7f\" data-element_type=\"widget\" data-e-type=\"widget\" data-settings=\"{&quot;cards_columns&quot;:&quot;2&quot;,&quot;cards_row_gap&quot;:{&quot;unit&quot;:&quot;px&quot;,&quot;size&quot;:&quot;30&quot;,&quot;sizes&quot;:[]},&quot;cards_columns_tablet&quot;:&quot;2&quot;,&quot;cards_columns_mobile&quot;:&quot;1&quot;,&quot;cards_row_gap_tablet&quot;:{&quot;unit&quot;:&quot;px&quot;,&quot;size&quot;:&quot;&quot;,&quot;sizes&quot;:[]},&quot;cards_row_gap_mobile&quot;:{&quot;unit&quot;:&quot;px&quot;,&quot;size&quot;:&quot;&quot;,&quot;sizes&quot;:[]},&quot;ekit_we_effect_on&quot;:&quot;none&quot;}\" data-widget_type=\"posts.cards\">\n\t\t\t\t<div class=\"elementor-widget-container\">\n\t\t\t\t\t\t\t<div class=\"elementor-posts-container elementor-posts elementor-posts--skin-cards elementor-grid\" role=\"list\">\n\t\t\t\t<article class=\"elementor-post elementor-grid-item post-62267 post type-post status-publish format-standard has-post-thumbnail hentry category-anciens-eleves category-101 description-off\" role=\"listitem\">\n\t\t\t<div class=\"elementor-post__card\">\n\t\t\t\t<a class=\"elementor-post__thumbnail__link\" href=\"https:\/\/itemm.fr\/itemm\/francois-xavier-soulard-loreille-dacier-du-concours-international-de-piano-de-mayenne\/\" tabindex=\"-1\" ><div class=\"elementor-post__thumbnail\"><img decoding=\"async\" width=\"300\" height=\"169\" src=\"https:\/\/itemm.fr\/itemm\/wp-content\/uploads\/2025\/09\/article-ancien-eleve-300x169.jpg\" class=\"attachment-medium size-medium wp-image-61517\" alt=\"\" srcset=\"https:\/\/itemm.fr\/itemm\/wp-content\/uploads\/2025\/09\/article-ancien-eleve-300x169.jpg 300w, https:\/\/itemm.fr\/itemm\/wp-content\/uploads\/2025\/09\/article-ancien-eleve-768x432.jpg 768w, https:\/\/itemm.fr\/itemm\/wp-content\/uploads\/2025\/09\/article-ancien-eleve-600x337.jpg 600w, https:\/\/itemm.fr\/itemm\/wp-content\/uploads\/2025\/09\/article-ancien-eleve.jpg 970w\" sizes=\"(max-width: 300px) 100vw, 300px\" \/><\/div><\/a>\n\t\t\t\t<div class=\"elementor-post__badge\">anciens \u00e9l\u00e8ves<\/div>\n\t\t\t\t<div class=\"elementor-post__text\">\n\t\t\t\t<h3 class=\"elementor-post__title\">\n\t\t\t<a href=\"https:\/\/itemm.fr\/itemm\/francois-xavier-soulard-loreille-dacier-du-concours-international-de-piano-de-mayenne\/\" >\n\t\t\t\tFran\u00e7ois-Xavier Soulard : l&#8217;oreille d&#8217;acier du Concours International de Piano de Mayenne\t\t\t<\/a>\n\t\t<\/h3>\n\t\t\t\t<div class=\"elementor-post__excerpt\">\n\t\t\t<p>Alors que les virtuoses s\u2019affrontent sur sc\u00e8ne, un homme \u0153uvre dans l\u2019ombre pour que la magie op\u00e8re. Fran\u00e7ois-Xavier Soulard, l&#8217;accordeur officiel du concours, est le<\/p>\n\t\t<\/div>\n\t\t\t\t<\/div>\n\t\t\t\t<div class=\"elementor-post__meta-data\">\n\t\t\t\t\t<span class=\"elementor-post-date\">\n\t\t\t28 avril 2026\t\t<\/span>\n\t\t\t\t<\/div>\n\t\t\t\t\t<\/div>\n\t\t<\/article>\n\t\t\t\t<article class=\"elementor-post elementor-grid-item post-62264 post type-post status-publish format-standard has-post-thumbnail hentry category-anciens-eleves category-101 description-off\" role=\"listitem\">\n\t\t\t<div class=\"elementor-post__card\">\n\t\t\t\t<a class=\"elementor-post__thumbnail__link\" href=\"https:\/\/itemm.fr\/itemm\/yannick-laridon-le-scientifique-devenu-docteur-des-accordeons-a-riom\/\" tabindex=\"-1\" ><div class=\"elementor-post__thumbnail\"><img decoding=\"async\" width=\"300\" height=\"169\" src=\"https:\/\/itemm.fr\/itemm\/wp-content\/uploads\/2025\/09\/article-ancien-eleve-300x169.jpg\" class=\"attachment-medium size-medium wp-image-61517\" alt=\"\" srcset=\"https:\/\/itemm.fr\/itemm\/wp-content\/uploads\/2025\/09\/article-ancien-eleve-300x169.jpg 300w, https:\/\/itemm.fr\/itemm\/wp-content\/uploads\/2025\/09\/article-ancien-eleve-768x432.jpg 768w, https:\/\/itemm.fr\/itemm\/wp-content\/uploads\/2025\/09\/article-ancien-eleve-600x337.jpg 600w, https:\/\/itemm.fr\/itemm\/wp-content\/uploads\/2025\/09\/article-ancien-eleve.jpg 970w\" sizes=\"(max-width: 300px) 100vw, 300px\" \/><\/div><\/a>\n\t\t\t\t<div class=\"elementor-post__badge\">anciens \u00e9l\u00e8ves<\/div>\n\t\t\t\t<div class=\"elementor-post__text\">\n\t\t\t\t<h3 class=\"elementor-post__title\">\n\t\t\t<a href=\"https:\/\/itemm.fr\/itemm\/yannick-laridon-le-scientifique-devenu-docteur-des-accordeons-a-riom\/\" >\n\t\t\t\tYannick Laridon, le scientifique devenu \u00ab docteur \u00bb des accord\u00e9ons \u00e0 Riom\t\t\t<\/a>\n\t\t<\/h3>\n\t\t\t\t<div class=\"elementor-post__excerpt\">\n\t\t\t<p>\u00c0 Riom, dans le Puy-de-D\u00f4me, Yannick Laridon a op\u00e9r\u00e9 un virage professionnel radical. Ancien chercheur en biologie, il a d\u00e9laiss\u00e9 les \u00e9prouvettes pour se consacrer<\/p>\n\t\t<\/div>\n\t\t\t\t<\/div>\n\t\t\t\t<div class=\"elementor-post__meta-data\">\n\t\t\t\t\t<span class=\"elementor-post-date\">\n\t\t\t28 avril 2026\t\t<\/span>\n\t\t\t\t<\/div>\n\t\t\t\t\t<\/div>\n\t\t<\/article>\n\t\t\t\t<\/div>\n\t\t\n\t\t\t\t\t\t<\/div>\n\t\t\t\t<\/div>\n\t\t\t\t\t<\/div>\n\t\t<\/div>\n\t\t\t\t\t<\/div>\n\t\t<\/section>\n\t\t\t\t<\/div>\n\t\t","protected":false},"excerpt":{"rendered":"<p>Nos apprenant.e.s en Brevet des Me\u0301tiers d\u2019Art (BMA) re\u0301alisent au cours de leur formation un dossier de fin d\u2019e\u0301tudes. Nous vous pre\u0301sentons ici le travail de Lucie Dejean, apprenante de la section instruments a\u0300 Vent.<\/p>\n","protected":false},"author":3004,"featured_media":28907,"comment_status":"closed","ping_status":"closed","sticky":false,"template":"elementor_header_footer","format":"standard","meta":{"_acf_changed":false,"footnotes":""},"categories":[2197,2526],"tags":[],"class_list":["post-28872","post","type-post","status-publish","format-standard","has-post-thumbnail","hentry","category-actualites","category-dossier-bma","category-101","description-off"],"acf":[],"yoast_head":"<!-- This site is optimized with the Yoast SEO plugin v27.5 - https:\/\/yoast.com\/product\/yoast-seo-wordpress\/ -->\n<title>Dossiers BMA Vent : focus sur le travail de Lucie Dejean | Itemm -<\/title>\n<meta name=\"robots\" content=\"index, follow, max-snippet:-1, max-image-preview:large, max-video-preview:-1\" \/>\n<link rel=\"canonical\" href=\"https:\/\/itemm.fr\/itemm\/dossiers-bma-vent-focus-sur-le-travail-de-lucie-dejean\/\" \/>\n<meta property=\"og:locale\" content=\"fr_FR\" \/>\n<meta property=\"og:type\" content=\"article\" \/>\n<meta property=\"og:title\" content=\"Dossiers BMA Vent : focus sur le travail de Lucie Dejean | Itemm -\" \/>\n<meta property=\"og:description\" content=\"Nos apprenant.e.s en Brevet des Me\u0301tiers d\u2019Art (BMA) re\u0301alisent au cours de leur formation un dossier de fin d\u2019e\u0301tudes. Nous vous pre\u0301sentons ici le travail de Lucie Dejean, apprenante de la section instruments a\u0300 Vent.\" \/>\n<meta property=\"og:url\" content=\"https:\/\/itemm.fr\/itemm\/dossiers-bma-vent-focus-sur-le-travail-de-lucie-dejean\/\" \/>\n<meta property=\"og:site_name\" content=\"Itemm -\" \/>\n<meta property=\"article:publisher\" content=\"https:\/\/www.facebook.com\/itemm.lemans\" \/>\n<meta property=\"article:published_time\" content=\"2021-08-26T14:13:46+00:00\" \/>\n<meta property=\"article:modified_time\" content=\"2021-09-07T12:49:51+00:00\" \/>\n<meta property=\"og:image\" content=\"https:\/\/itemm.fr\/itemm\/wp-content\/uploads\/2021\/08\/Capture-de\u0301cran-2021-08-19-a\u0300-09.40.55.png\" \/>\n\t<meta property=\"og:image:width\" content=\"902\" \/>\n\t<meta property=\"og:image:height\" content=\"672\" \/>\n\t<meta property=\"og:image:type\" content=\"image\/png\" \/>\n<meta name=\"author\" content=\"cedric.charrier\" \/>\n<script type=\"application\/ld+json\" class=\"yoast-schema-graph\">{\"@context\":\"https:\\\/\\\/schema.org\",\"@graph\":[{\"@type\":\"Article\",\"@id\":\"https:\\\/\\\/itemm.fr\\\/itemm\\\/dossiers-bma-vent-focus-sur-le-travail-de-lucie-dejean\\\/#article\",\"isPartOf\":{\"@id\":\"https:\\\/\\\/itemm.fr\\\/itemm\\\/dossiers-bma-vent-focus-sur-le-travail-de-lucie-dejean\\\/\"},\"author\":{\"name\":\"cedric.charrier\",\"@id\":\"https:\\\/\\\/itemm.fr\\\/itemm\\\/#\\\/schema\\\/person\\\/4f12bdd558467246abb96a89a8f4cbb1\"},\"headline\":\"Dossiers BMA Vent : focus sur le travail de Lucie Dejean\",\"datePublished\":\"2021-08-26T14:13:46+00:00\",\"dateModified\":\"2021-09-07T12:49:51+00:00\",\"mainEntityOfPage\":{\"@id\":\"https:\\\/\\\/itemm.fr\\\/itemm\\\/dossiers-bma-vent-focus-sur-le-travail-de-lucie-dejean\\\/\"},\"wordCount\":485,\"publisher\":{\"@id\":\"https:\\\/\\\/itemm.fr\\\/itemm\\\/#organization\"},\"image\":{\"@id\":\"https:\\\/\\\/itemm.fr\\\/itemm\\\/dossiers-bma-vent-focus-sur-le-travail-de-lucie-dejean\\\/#primaryimage\"},\"thumbnailUrl\":\"https:\\\/\\\/itemm.fr\\\/itemm\\\/wp-content\\\/uploads\\\/2021\\\/08\\\/Capture-de\u0301cran-2021-08-19-a\u0300-09.40.55.png\",\"articleSection\":[\"Actualit\u00e9s\",\"Dossier BMA\"],\"inLanguage\":\"fr-FR\"},{\"@type\":\"WebPage\",\"@id\":\"https:\\\/\\\/itemm.fr\\\/itemm\\\/dossiers-bma-vent-focus-sur-le-travail-de-lucie-dejean\\\/\",\"url\":\"https:\\\/\\\/itemm.fr\\\/itemm\\\/dossiers-bma-vent-focus-sur-le-travail-de-lucie-dejean\\\/\",\"name\":\"Dossiers BMA Vent : focus sur le travail de Lucie Dejean | Itemm -\",\"isPartOf\":{\"@id\":\"https:\\\/\\\/itemm.fr\\\/itemm\\\/#website\"},\"primaryImageOfPage\":{\"@id\":\"https:\\\/\\\/itemm.fr\\\/itemm\\\/dossiers-bma-vent-focus-sur-le-travail-de-lucie-dejean\\\/#primaryimage\"},\"image\":{\"@id\":\"https:\\\/\\\/itemm.fr\\\/itemm\\\/dossiers-bma-vent-focus-sur-le-travail-de-lucie-dejean\\\/#primaryimage\"},\"thumbnailUrl\":\"https:\\\/\\\/itemm.fr\\\/itemm\\\/wp-content\\\/uploads\\\/2021\\\/08\\\/Capture-de\u0301cran-2021-08-19-a\u0300-09.40.55.png\",\"datePublished\":\"2021-08-26T14:13:46+00:00\",\"dateModified\":\"2021-09-07T12:49:51+00:00\",\"breadcrumb\":{\"@id\":\"https:\\\/\\\/itemm.fr\\\/itemm\\\/dossiers-bma-vent-focus-sur-le-travail-de-lucie-dejean\\\/#breadcrumb\"},\"inLanguage\":\"fr-FR\",\"potentialAction\":[{\"@type\":\"ReadAction\",\"target\":[\"https:\\\/\\\/itemm.fr\\\/itemm\\\/dossiers-bma-vent-focus-sur-le-travail-de-lucie-dejean\\\/\"]}]},{\"@type\":\"ImageObject\",\"inLanguage\":\"fr-FR\",\"@id\":\"https:\\\/\\\/itemm.fr\\\/itemm\\\/dossiers-bma-vent-focus-sur-le-travail-de-lucie-dejean\\\/#primaryimage\",\"url\":\"https:\\\/\\\/itemm.fr\\\/itemm\\\/wp-content\\\/uploads\\\/2021\\\/08\\\/Capture-de\u0301cran-2021-08-19-a\u0300-09.40.55.png\",\"contentUrl\":\"https:\\\/\\\/itemm.fr\\\/itemm\\\/wp-content\\\/uploads\\\/2021\\\/08\\\/Capture-de\u0301cran-2021-08-19-a\u0300-09.40.55.png\",\"width\":902,\"height\":672},{\"@type\":\"BreadcrumbList\",\"@id\":\"https:\\\/\\\/itemm.fr\\\/itemm\\\/dossiers-bma-vent-focus-sur-le-travail-de-lucie-dejean\\\/#breadcrumb\",\"itemListElement\":[{\"@type\":\"ListItem\",\"position\":1,\"name\":\"Accueil\",\"item\":\"https:\\\/\\\/itemm.fr\\\/itemm\\\/\"},{\"@type\":\"ListItem\",\"position\":2,\"name\":\"Dossiers BMA Vent : focus sur le travail de Lucie Dejean\"}]},{\"@type\":\"WebSite\",\"@id\":\"https:\\\/\\\/itemm.fr\\\/itemm\\\/#website\",\"url\":\"https:\\\/\\\/itemm.fr\\\/itemm\\\/\",\"name\":\"Itemm\",\"description\":\"Institut technologique europ\u00e9en des m\u00e9tiers de la musique au Mans (72)\",\"publisher\":{\"@id\":\"https:\\\/\\\/itemm.fr\\\/itemm\\\/#organization\"},\"potentialAction\":[{\"@type\":\"SearchAction\",\"target\":{\"@type\":\"EntryPoint\",\"urlTemplate\":\"https:\\\/\\\/itemm.fr\\\/itemm\\\/?s={search_term_string}\"},\"query-input\":{\"@type\":\"PropertyValueSpecification\",\"valueRequired\":true,\"valueName\":\"search_term_string\"}}],\"inLanguage\":\"fr-FR\"},{\"@type\":\"Organization\",\"@id\":\"https:\\\/\\\/itemm.fr\\\/itemm\\\/#organization\",\"name\":\"ITEMM\",\"alternateName\":\"ITEMM\",\"url\":\"https:\\\/\\\/itemm.fr\\\/itemm\\\/\",\"logo\":{\"@type\":\"ImageObject\",\"inLanguage\":\"fr-FR\",\"@id\":\"https:\\\/\\\/itemm.fr\\\/itemm\\\/#\\\/schema\\\/logo\\\/image\\\/\",\"url\":\"https:\\\/\\\/itemm.fr\\\/itemm\\\/wp-content\\\/uploads\\\/2021\\\/12\\\/logo-itemm-piano-on.png\",\"contentUrl\":\"https:\\\/\\\/itemm.fr\\\/itemm\\\/wp-content\\\/uploads\\\/2021\\\/12\\\/logo-itemm-piano-on.png\",\"width\":446,\"height\":294,\"caption\":\"ITEMM\"},\"image\":{\"@id\":\"https:\\\/\\\/itemm.fr\\\/itemm\\\/#\\\/schema\\\/logo\\\/image\\\/\"},\"sameAs\":[\"https:\\\/\\\/www.facebook.com\\\/itemm.lemans\",\"https:\\\/\\\/www.instagram.com\\\/itemmlemans\\\/\",\"https:\\\/\\\/www.linkedin.com\\\/in\\\/itemm\\\/\"]},{\"@type\":\"Person\",\"@id\":\"https:\\\/\\\/itemm.fr\\\/itemm\\\/#\\\/schema\\\/person\\\/4f12bdd558467246abb96a89a8f4cbb1\",\"name\":\"cedric.charrier\",\"image\":{\"@type\":\"ImageObject\",\"inLanguage\":\"fr-FR\",\"@id\":\"https:\\\/\\\/itemm.fr\\\/itemm\\\/wp-content\\\/litespeed\\\/avatar\\\/6b2a3f567f020e8b4afbfd33154a4be6.jpg?ver=1777465861\",\"url\":\"https:\\\/\\\/itemm.fr\\\/itemm\\\/wp-content\\\/litespeed\\\/avatar\\\/6b2a3f567f020e8b4afbfd33154a4be6.jpg?ver=1777465861\",\"contentUrl\":\"https:\\\/\\\/itemm.fr\\\/itemm\\\/wp-content\\\/litespeed\\\/avatar\\\/6b2a3f567f020e8b4afbfd33154a4be6.jpg?ver=1777465861\",\"caption\":\"cedric.charrier\"},\"url\":\"https:\\\/\\\/itemm.fr\\\/itemm\\\/author\\\/cedric\\\/\"}]}<\/script>\n<!-- \/ Yoast SEO plugin. -->","yoast_head_json":{"title":"Dossiers BMA Vent : focus sur le travail de Lucie Dejean | Itemm -","robots":{"index":"index","follow":"follow","max-snippet":"max-snippet:-1","max-image-preview":"max-image-preview:large","max-video-preview":"max-video-preview:-1"},"canonical":"https:\/\/itemm.fr\/itemm\/dossiers-bma-vent-focus-sur-le-travail-de-lucie-dejean\/","og_locale":"fr_FR","og_type":"article","og_title":"Dossiers BMA Vent : focus sur le travail de Lucie Dejean | Itemm -","og_description":"Nos apprenant.e.s en Brevet des Me\u0301tiers d\u2019Art (BMA) re\u0301alisent au cours de leur formation un dossier de fin d\u2019e\u0301tudes. Nous vous pre\u0301sentons ici le travail de Lucie Dejean, apprenante de la section instruments a\u0300 Vent.","og_url":"https:\/\/itemm.fr\/itemm\/dossiers-bma-vent-focus-sur-le-travail-de-lucie-dejean\/","og_site_name":"Itemm -","article_publisher":"https:\/\/www.facebook.com\/itemm.lemans","article_published_time":"2021-08-26T14:13:46+00:00","article_modified_time":"2021-09-07T12:49:51+00:00","og_image":[{"width":902,"height":672,"url":"https:\/\/itemm.fr\/itemm\/wp-content\/uploads\/2021\/08\/Capture-de\u0301cran-2021-08-19-a\u0300-09.40.55.png","type":"image\/png"}],"author":"cedric.charrier","schema":{"@context":"https:\/\/schema.org","@graph":[{"@type":"Article","@id":"https:\/\/itemm.fr\/itemm\/dossiers-bma-vent-focus-sur-le-travail-de-lucie-dejean\/#article","isPartOf":{"@id":"https:\/\/itemm.fr\/itemm\/dossiers-bma-vent-focus-sur-le-travail-de-lucie-dejean\/"},"author":{"name":"cedric.charrier","@id":"https:\/\/itemm.fr\/itemm\/#\/schema\/person\/4f12bdd558467246abb96a89a8f4cbb1"},"headline":"Dossiers BMA Vent : focus sur le travail de Lucie Dejean","datePublished":"2021-08-26T14:13:46+00:00","dateModified":"2021-09-07T12:49:51+00:00","mainEntityOfPage":{"@id":"https:\/\/itemm.fr\/itemm\/dossiers-bma-vent-focus-sur-le-travail-de-lucie-dejean\/"},"wordCount":485,"publisher":{"@id":"https:\/\/itemm.fr\/itemm\/#organization"},"image":{"@id":"https:\/\/itemm.fr\/itemm\/dossiers-bma-vent-focus-sur-le-travail-de-lucie-dejean\/#primaryimage"},"thumbnailUrl":"https:\/\/itemm.fr\/itemm\/wp-content\/uploads\/2021\/08\/Capture-de\u0301cran-2021-08-19-a\u0300-09.40.55.png","articleSection":["Actualit\u00e9s","Dossier BMA"],"inLanguage":"fr-FR"},{"@type":"WebPage","@id":"https:\/\/itemm.fr\/itemm\/dossiers-bma-vent-focus-sur-le-travail-de-lucie-dejean\/","url":"https:\/\/itemm.fr\/itemm\/dossiers-bma-vent-focus-sur-le-travail-de-lucie-dejean\/","name":"Dossiers BMA Vent : focus sur le travail de Lucie Dejean | Itemm -","isPartOf":{"@id":"https:\/\/itemm.fr\/itemm\/#website"},"primaryImageOfPage":{"@id":"https:\/\/itemm.fr\/itemm\/dossiers-bma-vent-focus-sur-le-travail-de-lucie-dejean\/#primaryimage"},"image":{"@id":"https:\/\/itemm.fr\/itemm\/dossiers-bma-vent-focus-sur-le-travail-de-lucie-dejean\/#primaryimage"},"thumbnailUrl":"https:\/\/itemm.fr\/itemm\/wp-content\/uploads\/2021\/08\/Capture-de\u0301cran-2021-08-19-a\u0300-09.40.55.png","datePublished":"2021-08-26T14:13:46+00:00","dateModified":"2021-09-07T12:49:51+00:00","breadcrumb":{"@id":"https:\/\/itemm.fr\/itemm\/dossiers-bma-vent-focus-sur-le-travail-de-lucie-dejean\/#breadcrumb"},"inLanguage":"fr-FR","potentialAction":[{"@type":"ReadAction","target":["https:\/\/itemm.fr\/itemm\/dossiers-bma-vent-focus-sur-le-travail-de-lucie-dejean\/"]}]},{"@type":"ImageObject","inLanguage":"fr-FR","@id":"https:\/\/itemm.fr\/itemm\/dossiers-bma-vent-focus-sur-le-travail-de-lucie-dejean\/#primaryimage","url":"https:\/\/itemm.fr\/itemm\/wp-content\/uploads\/2021\/08\/Capture-de\u0301cran-2021-08-19-a\u0300-09.40.55.png","contentUrl":"https:\/\/itemm.fr\/itemm\/wp-content\/uploads\/2021\/08\/Capture-de\u0301cran-2021-08-19-a\u0300-09.40.55.png","width":902,"height":672},{"@type":"BreadcrumbList","@id":"https:\/\/itemm.fr\/itemm\/dossiers-bma-vent-focus-sur-le-travail-de-lucie-dejean\/#breadcrumb","itemListElement":[{"@type":"ListItem","position":1,"name":"Accueil","item":"https:\/\/itemm.fr\/itemm\/"},{"@type":"ListItem","position":2,"name":"Dossiers BMA Vent : focus sur le travail de Lucie Dejean"}]},{"@type":"WebSite","@id":"https:\/\/itemm.fr\/itemm\/#website","url":"https:\/\/itemm.fr\/itemm\/","name":"Itemm","description":"Institut technologique europ\u00e9en des m\u00e9tiers de la musique au Mans (72)","publisher":{"@id":"https:\/\/itemm.fr\/itemm\/#organization"},"potentialAction":[{"@type":"SearchAction","target":{"@type":"EntryPoint","urlTemplate":"https:\/\/itemm.fr\/itemm\/?s={search_term_string}"},"query-input":{"@type":"PropertyValueSpecification","valueRequired":true,"valueName":"search_term_string"}}],"inLanguage":"fr-FR"},{"@type":"Organization","@id":"https:\/\/itemm.fr\/itemm\/#organization","name":"ITEMM","alternateName":"ITEMM","url":"https:\/\/itemm.fr\/itemm\/","logo":{"@type":"ImageObject","inLanguage":"fr-FR","@id":"https:\/\/itemm.fr\/itemm\/#\/schema\/logo\/image\/","url":"https:\/\/itemm.fr\/itemm\/wp-content\/uploads\/2021\/12\/logo-itemm-piano-on.png","contentUrl":"https:\/\/itemm.fr\/itemm\/wp-content\/uploads\/2021\/12\/logo-itemm-piano-on.png","width":446,"height":294,"caption":"ITEMM"},"image":{"@id":"https:\/\/itemm.fr\/itemm\/#\/schema\/logo\/image\/"},"sameAs":["https:\/\/www.facebook.com\/itemm.lemans","https:\/\/www.instagram.com\/itemmlemans\/","https:\/\/www.linkedin.com\/in\/itemm\/"]},{"@type":"Person","@id":"https:\/\/itemm.fr\/itemm\/#\/schema\/person\/4f12bdd558467246abb96a89a8f4cbb1","name":"cedric.charrier","image":{"@type":"ImageObject","inLanguage":"fr-FR","@id":"https:\/\/itemm.fr\/itemm\/wp-content\/litespeed\/avatar\/6b2a3f567f020e8b4afbfd33154a4be6.jpg?ver=1777465861","url":"https:\/\/itemm.fr\/itemm\/wp-content\/litespeed\/avatar\/6b2a3f567f020e8b4afbfd33154a4be6.jpg?ver=1777465861","contentUrl":"https:\/\/itemm.fr\/itemm\/wp-content\/litespeed\/avatar\/6b2a3f567f020e8b4afbfd33154a4be6.jpg?ver=1777465861","caption":"cedric.charrier"},"url":"https:\/\/itemm.fr\/itemm\/author\/cedric\/"}]}},"_links":{"self":[{"href":"https:\/\/itemm.fr\/itemm\/wp-json\/wp\/v2\/posts\/28872","targetHints":{"allow":["GET"]}}],"collection":[{"href":"https:\/\/itemm.fr\/itemm\/wp-json\/wp\/v2\/posts"}],"about":[{"href":"https:\/\/itemm.fr\/itemm\/wp-json\/wp\/v2\/types\/post"}],"author":[{"embeddable":true,"href":"https:\/\/itemm.fr\/itemm\/wp-json\/wp\/v2\/users\/3004"}],"replies":[{"embeddable":true,"href":"https:\/\/itemm.fr\/itemm\/wp-json\/wp\/v2\/comments?post=28872"}],"version-history":[{"count":0,"href":"https:\/\/itemm.fr\/itemm\/wp-json\/wp\/v2\/posts\/28872\/revisions"}],"wp:featuredmedia":[{"embeddable":true,"href":"https:\/\/itemm.fr\/itemm\/wp-json\/wp\/v2\/media\/28907"}],"wp:attachment":[{"href":"https:\/\/itemm.fr\/itemm\/wp-json\/wp\/v2\/media?parent=28872"}],"wp:term":[{"taxonomy":"category","embeddable":true,"href":"https:\/\/itemm.fr\/itemm\/wp-json\/wp\/v2\/categories?post=28872"},{"taxonomy":"post_tag","embeddable":true,"href":"https:\/\/itemm.fr\/itemm\/wp-json\/wp\/v2\/tags?post=28872"}],"curies":[{"name":"wp","href":"https:\/\/api.w.org\/{rel}","templated":true}]}}