{"id":20258,"date":"2020-06-02T12:35:25","date_gmt":"2020-06-02T10:35:25","guid":{"rendered":"https:\/\/itemm.fr\/itemm\/?p=20258"},"modified":"2020-06-02T12:43:12","modified_gmt":"2020-06-02T10:43:12","slug":"vers-une-reouverture-des-lieux-de-diffusion-et-de-pratique-instrumentale-et-vocale-en-toute-securite","status":"publish","type":"post","link":"https:\/\/itemm.fr\/itemm\/vers-une-reouverture-des-lieux-de-diffusion-et-de-pratique-instrumentale-et-vocale-en-toute-securite\/","title":{"rendered":"Vers une r\u00e9ouverture des lieux de diffusion et de pratique instrumentale et vocale en toute s\u00e9curit\u00e9"},"content":{"rendered":"\t\t<div data-elementor-type=\"wp-post\" data-elementor-id=\"20258\" class=\"elementor elementor-20258\" data-elementor-post-type=\"post\">\n\t\t\t\t\t\t<section class=\"elementor-section elementor-top-section elementor-element elementor-element-64c97cc7 elementor-section-boxed elementor-section-height-default elementor-section-height-default\" data-id=\"64c97cc7\" data-element_type=\"section\" data-e-type=\"section\" data-settings=\"{&quot;ekit_has_onepagescroll_dot&quot;:&quot;yes&quot;}\">\n\t\t\t\t\t\t<div class=\"elementor-container elementor-column-gap-default\">\n\t\t\t\t\t<div class=\"elementor-column elementor-col-100 elementor-top-column elementor-element elementor-element-2b973087\" data-id=\"2b973087\" data-element_type=\"column\" data-e-type=\"column\">\n\t\t\t<div class=\"elementor-widget-wrap elementor-element-populated\">\n\t\t\t\t\t\t<div class=\"elementor-element elementor-element-3a8929b2 elementor-widget elementor-widget-text-editor\" data-id=\"3a8929b2\" data-element_type=\"widget\" data-e-type=\"widget\" data-settings=\"{&quot;ekit_we_effect_on&quot;:&quot;none&quot;}\" data-widget_type=\"text-editor.default\">\n\t\t\t\t\t\t\t\t\t<p>Une \u00e9tude sans pr\u00e9c\u00e9dent pour \u00e9valuer la r\u00e9alit\u00e9 des risques de transmission du COVID 19 par les instruments de musique et le chant !<br \/>Pour apporter des r\u00e9ponses aux musicien\u00b7ne\u00b7s et chanteur\u00b7se\u00b7s &#8211; amateur\u00b7e\u00b7s comme professionnel\u00b7le\u00b7s -, pour permettre une reprise d&#8217;activit\u00e9 dans la s\u00e9r\u00e9nit\u00e9, pour d\u00e9finir &#8211; s&#8217;il y a lieu &#8211; les bonnes pratiques, le monde musical fran\u00e7ais et celui de la facture instrumentale unissent leurs efforts et r\u00e9unissent des \u00e9quipes pluridisciplinaires, en collaboration avec des acteurs europ\u00e9ens et am\u00e9ricains.<br \/>Ce travail doit \u00e9galement permettre de d\u00e9construire les pr\u00e9jug\u00e9s et les a priori n\u00e9gatifs qui ont vu le jour au sujet de la pratique instrumentale et vocale depuis le d\u00e9but de la crise sanitaire.<\/p><p>Les Forces Musicales &#8211; syndicat professionnel regroupant les op\u00e9ras et les orchestres permanents fran\u00e7ais et premi\u00e8re organisation d\u2019employeurs du spectacle vivant en termes d\u2019emplois artistiques permanents &#8211; s\u2019allient \u00e0 la CSFI et \u00e0 l\u2019ITEMM pour travailler sur les enjeux sanitaires de la pratique musicale dans le cadre du projet PIC &#8211; Projet pour les Instruments de musique face au Coronavirus.<br \/>Il s\u2019agit d\u2019apporter des r\u00e9ponses consolid\u00e9es aux questions li\u00e9es \u00e0 la pratique instrumentale, vocale, orchestrale, chorale et lyrique.<\/p><p>Le projet PIC est port\u00e9 conjointement par la Chambre Syndicale de la Facture Instrumentale et ses adh\u00e9rents &#8211; les facteurs d\u2019instruments et artisans luthiers fran\u00e7ais \u2013 avec le soutien de Buffet Crampon et par le p\u00f4le d&#8217;innovation de l&#8217;ITEMM, centre de formation aux m\u00e9tiers de la facture instrumentale.<br \/>Apr\u00e8s la r\u00e9alisation du guide des bonnes pratiques \u00e0 destination des magasins de musique et des ateliers &#8211; et \u00e9galement des fiches-conseils r\u00e9alis\u00e9es par famille d&#8217;instruments -, c\u2019est une nouvelle \u00e9tape du projet qui s\u2019ouvre vers les orchestres, les op\u00e9ras, les choeurs, groupes et musicien\u00b7ne\u00b7s de toutes esth\u00e9tiques, ensembles amateurs et professionnels, dans la diversit\u00e9 des lieux de pratique de ces derniers : sc\u00e8nes, conservatoires, \u00e9coles de musique, studios de r\u00e9p\u00e9titions, pratiques \u00e0 l&#8217;\u00e9cole&#8230;.<\/p><p>Au regard des avanc\u00e9es scientifiques r\u00e9centes et gr\u00e2ce \u00e0 la r\u00e9alisation d\u2019une \u00e9tude sp\u00e9cifique consacr\u00e9e \u00e0 ces pratiques, il s&#8217;agit de compl\u00e9ter les donn\u00e9es d\u00e9j\u00e0 publi\u00e9es &#8211; en Europe en particulier &#8211; sur certains usages ou contextes particuliers de nos secteurs, de compl\u00e9ter la production de protocoles associant les enjeux des instruments, des conditions techniques d&#8217;accueil du public, des musicien\u00b7ne\u00b7s et des chanteur\u00b7se\u00b7s, et ainsi, de trouver les solutions permettant la r\u00e9ouverture des lieux de spectacle et des lieux de pratique tout en assurant la s\u00e9curit\u00e9 de tou\u00b7te\u00b7s.<br \/>Ce travail est r\u00e9alis\u00e9 avec le soutien du Minist\u00e8re de la Culture.<\/p><p style=\"text-align: right;\">Paris, le 1er juin 2020<\/p>\t\t\t\t\t\t\t\t<\/div>\n\t\t\t\t<div class=\"elementor-element elementor-element-10acd83 elementor-button-info elementor-align-right elementor-widget elementor-widget-button\" data-id=\"10acd83\" data-element_type=\"widget\" data-e-type=\"widget\" data-settings=\"{&quot;ekit_we_effect_on&quot;:&quot;none&quot;}\" data-widget_type=\"button.default\">\n\t\t\t\t\t\t\t\t\t\t<a class=\"elementor-button elementor-button-link elementor-size-sm\" href=\"https:\/\/itemm.fr\/itemm\/wp-content\/uploads\/2020\/06\/ERRATUM-CP-Forces-Musicales-CSFI-ITEMM-01-06-2020.pdf\">\n\t\t\t\t\t\t<span class=\"elementor-button-content-wrapper\">\n\t\t\t\t\t\t\t\t\t<span class=\"elementor-button-text\">T\u00e9l\u00e9charger le communiqu\u00e9 de presse<\/span>\n\t\t\t\t\t<\/span>\n\t\t\t\t\t<\/a>\n\t\t\t\t\t\t\t\t<\/div>\n\t\t\t\t\t<\/div>\n\t\t<\/div>\n\t\t\t\t\t<\/div>\n\t\t<\/section>\n\t\t\t\t<\/div>\n\t\t","protected":false},"excerpt":{"rendered":"<p>Une \u00e9tude sans pr\u00e9c\u00e9dent pour \u00e9valuer la r\u00e9alit\u00e9 des risques de transmission du COVID 19 par les instruments de musique et le chant !Pour apporter des r\u00e9ponses aux musicien\u00b7ne\u00b7s et chanteur\u00b7se\u00b7s &#8211; amateur\u00b7e\u00b7s comme professionnel\u00b7le\u00b7s -, pour permettre une reprise d&#8217;activit\u00e9 dans la s\u00e9r\u00e9nit\u00e9, pour d\u00e9finir &#8211; s&#8217;il y a lieu &#8211; les bonnes pratiques,&hellip;<\/p>\n","protected":false},"author":3004,"featured_media":20260,"comment_status":"closed","ping_status":"open","sticky":false,"template":"","format":"standard","meta":{"_acf_changed":false,"footnotes":""},"categories":[99,369],"tags":[],"class_list":["post-20258","post","type-post","status-publish","format-standard","has-post-thumbnail","hentry","category-articles","category-communique-de-presse"],"acf":[],"yoast_head":"<!-- This site is optimized with the Yoast SEO plugin v27.5 - https:\/\/yoast.com\/product\/yoast-seo-wordpress\/ -->\n<title>Vers une r\u00e9ouverture des lieux de diffusion et de pratique instrumentale et vocale en toute s\u00e9curit\u00e9 | Itemm -<\/title>\n<meta name=\"robots\" content=\"index, follow, max-snippet:-1, max-image-preview:large, max-video-preview:-1\" \/>\n<link rel=\"canonical\" href=\"https:\/\/itemm.fr\/itemm\/vers-une-reouverture-des-lieux-de-diffusion-et-de-pratique-instrumentale-et-vocale-en-toute-securite\/\" \/>\n<meta property=\"og:locale\" content=\"fr_FR\" \/>\n<meta property=\"og:type\" content=\"article\" \/>\n<meta property=\"og:title\" content=\"Vers une r\u00e9ouverture des lieux de diffusion et de pratique instrumentale et vocale en toute s\u00e9curit\u00e9 | Itemm -\" \/>\n<meta property=\"og:description\" content=\"Une \u00e9tude sans pr\u00e9c\u00e9dent pour \u00e9valuer la r\u00e9alit\u00e9 des risques de transmission du COVID 19 par les instruments de musique et le chant !Pour apporter des r\u00e9ponses aux musicien\u00b7ne\u00b7s et chanteur\u00b7se\u00b7s &#8211; amateur\u00b7e\u00b7s comme professionnel\u00b7le\u00b7s -, pour permettre une reprise d&#8217;activit\u00e9 dans la s\u00e9r\u00e9nit\u00e9, pour d\u00e9finir &#8211; s&#8217;il y a lieu &#8211; les bonnes pratiques,&hellip;\" \/>\n<meta property=\"og:url\" content=\"https:\/\/itemm.fr\/itemm\/vers-une-reouverture-des-lieux-de-diffusion-et-de-pratique-instrumentale-et-vocale-en-toute-securite\/\" \/>\n<meta property=\"og:site_name\" content=\"Itemm -\" \/>\n<meta property=\"article:publisher\" content=\"https:\/\/www.facebook.com\/itemm.lemans\" \/>\n<meta property=\"article:published_time\" content=\"2020-06-02T10:35:25+00:00\" \/>\n<meta property=\"article:modified_time\" content=\"2020-06-02T10:43:12+00:00\" \/>\n<meta property=\"og:image\" content=\"https:\/\/itemm.fr\/itemm\/wp-content\/uploads\/2020\/06\/ERRATUM-CP-Forces-Musicales-CSFI-ITEMM-01-06-2020.png\" \/>\n\t<meta property=\"og:image:width\" content=\"2272\" \/>\n\t<meta property=\"og:image:height\" content=\"994\" \/>\n\t<meta property=\"og:image:type\" content=\"image\/png\" \/>\n<meta name=\"author\" content=\"cedric.charrier\" \/>\n<script type=\"application\/ld+json\" class=\"yoast-schema-graph\">{\"@context\":\"https:\\\/\\\/schema.org\",\"@graph\":[{\"@type\":\"Article\",\"@id\":\"https:\\\/\\\/itemm.fr\\\/itemm\\\/vers-une-reouverture-des-lieux-de-diffusion-et-de-pratique-instrumentale-et-vocale-en-toute-securite\\\/#article\",\"isPartOf\":{\"@id\":\"https:\\\/\\\/itemm.fr\\\/itemm\\\/vers-une-reouverture-des-lieux-de-diffusion-et-de-pratique-instrumentale-et-vocale-en-toute-securite\\\/\"},\"author\":{\"name\":\"cedric.charrier\",\"@id\":\"https:\\\/\\\/itemm.fr\\\/itemm\\\/#\\\/schema\\\/person\\\/37d1ada7958a6232148f9ef96178ccd3\"},\"headline\":\"Vers une r\u00e9ouverture des lieux de diffusion et de pratique instrumentale et vocale en toute s\u00e9curit\u00e9\",\"datePublished\":\"2020-06-02T10:35:25+00:00\",\"dateModified\":\"2020-06-02T10:43:12+00:00\",\"mainEntityOfPage\":{\"@id\":\"https:\\\/\\\/itemm.fr\\\/itemm\\\/vers-une-reouverture-des-lieux-de-diffusion-et-de-pratique-instrumentale-et-vocale-en-toute-securite\\\/\"},\"wordCount\":518,\"publisher\":{\"@id\":\"https:\\\/\\\/itemm.fr\\\/itemm\\\/#organization\"},\"image\":{\"@id\":\"https:\\\/\\\/itemm.fr\\\/itemm\\\/vers-une-reouverture-des-lieux-de-diffusion-et-de-pratique-instrumentale-et-vocale-en-toute-securite\\\/#primaryimage\"},\"thumbnailUrl\":\"https:\\\/\\\/itemm.fr\\\/itemm\\\/wp-content\\\/uploads\\\/2020\\\/06\\\/ERRATUM-CP-Forces-Musicales-CSFI-ITEMM-01-06-2020.png\",\"articleSection\":[\"articles\",\"communiqu\u00e9 de presse\"],\"inLanguage\":\"fr-FR\"},{\"@type\":\"WebPage\",\"@id\":\"https:\\\/\\\/itemm.fr\\\/itemm\\\/vers-une-reouverture-des-lieux-de-diffusion-et-de-pratique-instrumentale-et-vocale-en-toute-securite\\\/\",\"url\":\"https:\\\/\\\/itemm.fr\\\/itemm\\\/vers-une-reouverture-des-lieux-de-diffusion-et-de-pratique-instrumentale-et-vocale-en-toute-securite\\\/\",\"name\":\"Vers une r\u00e9ouverture des lieux de diffusion et de pratique instrumentale et vocale en toute s\u00e9curit\u00e9 | Itemm -\",\"isPartOf\":{\"@id\":\"https:\\\/\\\/itemm.fr\\\/itemm\\\/#website\"},\"primaryImageOfPage\":{\"@id\":\"https:\\\/\\\/itemm.fr\\\/itemm\\\/vers-une-reouverture-des-lieux-de-diffusion-et-de-pratique-instrumentale-et-vocale-en-toute-securite\\\/#primaryimage\"},\"image\":{\"@id\":\"https:\\\/\\\/itemm.fr\\\/itemm\\\/vers-une-reouverture-des-lieux-de-diffusion-et-de-pratique-instrumentale-et-vocale-en-toute-securite\\\/#primaryimage\"},\"thumbnailUrl\":\"https:\\\/\\\/itemm.fr\\\/itemm\\\/wp-content\\\/uploads\\\/2020\\\/06\\\/ERRATUM-CP-Forces-Musicales-CSFI-ITEMM-01-06-2020.png\",\"datePublished\":\"2020-06-02T10:35:25+00:00\",\"dateModified\":\"2020-06-02T10:43:12+00:00\",\"breadcrumb\":{\"@id\":\"https:\\\/\\\/itemm.fr\\\/itemm\\\/vers-une-reouverture-des-lieux-de-diffusion-et-de-pratique-instrumentale-et-vocale-en-toute-securite\\\/#breadcrumb\"},\"inLanguage\":\"fr-FR\",\"potentialAction\":[{\"@type\":\"ReadAction\",\"target\":[\"https:\\\/\\\/itemm.fr\\\/itemm\\\/vers-une-reouverture-des-lieux-de-diffusion-et-de-pratique-instrumentale-et-vocale-en-toute-securite\\\/\"]}]},{\"@type\":\"ImageObject\",\"inLanguage\":\"fr-FR\",\"@id\":\"https:\\\/\\\/itemm.fr\\\/itemm\\\/vers-une-reouverture-des-lieux-de-diffusion-et-de-pratique-instrumentale-et-vocale-en-toute-securite\\\/#primaryimage\",\"url\":\"https:\\\/\\\/itemm.fr\\\/itemm\\\/wp-content\\\/uploads\\\/2020\\\/06\\\/ERRATUM-CP-Forces-Musicales-CSFI-ITEMM-01-06-2020.png\",\"contentUrl\":\"https:\\\/\\\/itemm.fr\\\/itemm\\\/wp-content\\\/uploads\\\/2020\\\/06\\\/ERRATUM-CP-Forces-Musicales-CSFI-ITEMM-01-06-2020.png\",\"width\":2272,\"height\":994,\"caption\":\"ERRATUM-CP-Forces-Musicales-CSFI-ITEMM-01-06-2020\"},{\"@type\":\"BreadcrumbList\",\"@id\":\"https:\\\/\\\/itemm.fr\\\/itemm\\\/vers-une-reouverture-des-lieux-de-diffusion-et-de-pratique-instrumentale-et-vocale-en-toute-securite\\\/#breadcrumb\",\"itemListElement\":[{\"@type\":\"ListItem\",\"position\":1,\"name\":\"Accueil\",\"item\":\"https:\\\/\\\/itemm.fr\\\/itemm\\\/\"},{\"@type\":\"ListItem\",\"position\":2,\"name\":\"Vers une r\u00e9ouverture des lieux de diffusion et de pratique instrumentale et vocale en toute s\u00e9curit\u00e9\"}]},{\"@type\":\"WebSite\",\"@id\":\"https:\\\/\\\/itemm.fr\\\/itemm\\\/#website\",\"url\":\"https:\\\/\\\/itemm.fr\\\/itemm\\\/\",\"name\":\"Itemm\",\"description\":\"Institut technologique europ\u00e9en des m\u00e9tiers de la musique au Mans (72)\",\"publisher\":{\"@id\":\"https:\\\/\\\/itemm.fr\\\/itemm\\\/#organization\"},\"potentialAction\":[{\"@type\":\"SearchAction\",\"target\":{\"@type\":\"EntryPoint\",\"urlTemplate\":\"https:\\\/\\\/itemm.fr\\\/itemm\\\/?s={search_term_string}\"},\"query-input\":{\"@type\":\"PropertyValueSpecification\",\"valueRequired\":true,\"valueName\":\"search_term_string\"}}],\"inLanguage\":\"fr-FR\"},{\"@type\":\"Organization\",\"@id\":\"https:\\\/\\\/itemm.fr\\\/itemm\\\/#organization\",\"name\":\"ITEMM\",\"alternateName\":\"ITEMM\",\"url\":\"https:\\\/\\\/itemm.fr\\\/itemm\\\/\",\"logo\":{\"@type\":\"ImageObject\",\"inLanguage\":\"fr-FR\",\"@id\":\"https:\\\/\\\/itemm.fr\\\/itemm\\\/#\\\/schema\\\/logo\\\/image\\\/\",\"url\":\"https:\\\/\\\/itemm.fr\\\/itemm\\\/wp-content\\\/uploads\\\/2021\\\/12\\\/logo-itemm-piano-on.png\",\"contentUrl\":\"https:\\\/\\\/itemm.fr\\\/itemm\\\/wp-content\\\/uploads\\\/2021\\\/12\\\/logo-itemm-piano-on.png\",\"width\":446,\"height\":294,\"caption\":\"ITEMM\"},\"image\":{\"@id\":\"https:\\\/\\\/itemm.fr\\\/itemm\\\/#\\\/schema\\\/logo\\\/image\\\/\"},\"sameAs\":[\"https:\\\/\\\/www.facebook.com\\\/itemm.lemans\",\"https:\\\/\\\/www.instagram.com\\\/itemmlemans\\\/\",\"https:\\\/\\\/www.linkedin.com\\\/in\\\/itemm\\\/\"]},{\"@type\":\"Person\",\"@id\":\"https:\\\/\\\/itemm.fr\\\/itemm\\\/#\\\/schema\\\/person\\\/37d1ada7958a6232148f9ef96178ccd3\",\"name\":\"cedric.charrier\",\"image\":{\"@type\":\"ImageObject\",\"inLanguage\":\"fr-FR\",\"@id\":\"https:\\\/\\\/itemm.fr\\\/itemm\\\/wp-content\\\/litespeed\\\/avatar\\\/6b2a3f567f020e8b4afbfd33154a4be6.jpg?ver=1777465861\",\"url\":\"https:\\\/\\\/itemm.fr\\\/itemm\\\/wp-content\\\/litespeed\\\/avatar\\\/6b2a3f567f020e8b4afbfd33154a4be6.jpg?ver=1777465861\",\"contentUrl\":\"https:\\\/\\\/itemm.fr\\\/itemm\\\/wp-content\\\/litespeed\\\/avatar\\\/6b2a3f567f020e8b4afbfd33154a4be6.jpg?ver=1777465861\",\"caption\":\"cedric.charrier\"},\"url\":\"https:\\\/\\\/itemm.fr\\\/itemm\\\/author\\\/cedric\\\/\"}]}<\/script>\n<!-- \/ Yoast SEO plugin. -->","yoast_head_json":{"title":"Vers une r\u00e9ouverture des lieux de diffusion et de pratique instrumentale et vocale en toute s\u00e9curit\u00e9 | Itemm -","robots":{"index":"index","follow":"follow","max-snippet":"max-snippet:-1","max-image-preview":"max-image-preview:large","max-video-preview":"max-video-preview:-1"},"canonical":"https:\/\/itemm.fr\/itemm\/vers-une-reouverture-des-lieux-de-diffusion-et-de-pratique-instrumentale-et-vocale-en-toute-securite\/","og_locale":"fr_FR","og_type":"article","og_title":"Vers une r\u00e9ouverture des lieux de diffusion et de pratique instrumentale et vocale en toute s\u00e9curit\u00e9 | Itemm -","og_description":"Une \u00e9tude sans pr\u00e9c\u00e9dent pour \u00e9valuer la r\u00e9alit\u00e9 des risques de transmission du COVID 19 par les instruments de musique et le chant !Pour apporter des r\u00e9ponses aux musicien\u00b7ne\u00b7s et chanteur\u00b7se\u00b7s &#8211; amateur\u00b7e\u00b7s comme professionnel\u00b7le\u00b7s -, pour permettre une reprise d&#8217;activit\u00e9 dans la s\u00e9r\u00e9nit\u00e9, pour d\u00e9finir &#8211; s&#8217;il y a lieu &#8211; les bonnes pratiques,&hellip;","og_url":"https:\/\/itemm.fr\/itemm\/vers-une-reouverture-des-lieux-de-diffusion-et-de-pratique-instrumentale-et-vocale-en-toute-securite\/","og_site_name":"Itemm -","article_publisher":"https:\/\/www.facebook.com\/itemm.lemans","article_published_time":"2020-06-02T10:35:25+00:00","article_modified_time":"2020-06-02T10:43:12+00:00","og_image":[{"width":2272,"height":994,"url":"https:\/\/itemm.fr\/itemm\/wp-content\/uploads\/2020\/06\/ERRATUM-CP-Forces-Musicales-CSFI-ITEMM-01-06-2020.png","type":"image\/png"}],"author":"cedric.charrier","schema":{"@context":"https:\/\/schema.org","@graph":[{"@type":"Article","@id":"https:\/\/itemm.fr\/itemm\/vers-une-reouverture-des-lieux-de-diffusion-et-de-pratique-instrumentale-et-vocale-en-toute-securite\/#article","isPartOf":{"@id":"https:\/\/itemm.fr\/itemm\/vers-une-reouverture-des-lieux-de-diffusion-et-de-pratique-instrumentale-et-vocale-en-toute-securite\/"},"author":{"name":"cedric.charrier","@id":"https:\/\/itemm.fr\/itemm\/#\/schema\/person\/37d1ada7958a6232148f9ef96178ccd3"},"headline":"Vers une r\u00e9ouverture des lieux de diffusion et de pratique instrumentale et vocale en toute s\u00e9curit\u00e9","datePublished":"2020-06-02T10:35:25+00:00","dateModified":"2020-06-02T10:43:12+00:00","mainEntityOfPage":{"@id":"https:\/\/itemm.fr\/itemm\/vers-une-reouverture-des-lieux-de-diffusion-et-de-pratique-instrumentale-et-vocale-en-toute-securite\/"},"wordCount":518,"publisher":{"@id":"https:\/\/itemm.fr\/itemm\/#organization"},"image":{"@id":"https:\/\/itemm.fr\/itemm\/vers-une-reouverture-des-lieux-de-diffusion-et-de-pratique-instrumentale-et-vocale-en-toute-securite\/#primaryimage"},"thumbnailUrl":"https:\/\/itemm.fr\/itemm\/wp-content\/uploads\/2020\/06\/ERRATUM-CP-Forces-Musicales-CSFI-ITEMM-01-06-2020.png","articleSection":["articles","communiqu\u00e9 de presse"],"inLanguage":"fr-FR"},{"@type":"WebPage","@id":"https:\/\/itemm.fr\/itemm\/vers-une-reouverture-des-lieux-de-diffusion-et-de-pratique-instrumentale-et-vocale-en-toute-securite\/","url":"https:\/\/itemm.fr\/itemm\/vers-une-reouverture-des-lieux-de-diffusion-et-de-pratique-instrumentale-et-vocale-en-toute-securite\/","name":"Vers une r\u00e9ouverture des lieux de diffusion et de pratique instrumentale et vocale en toute s\u00e9curit\u00e9 | Itemm -","isPartOf":{"@id":"https:\/\/itemm.fr\/itemm\/#website"},"primaryImageOfPage":{"@id":"https:\/\/itemm.fr\/itemm\/vers-une-reouverture-des-lieux-de-diffusion-et-de-pratique-instrumentale-et-vocale-en-toute-securite\/#primaryimage"},"image":{"@id":"https:\/\/itemm.fr\/itemm\/vers-une-reouverture-des-lieux-de-diffusion-et-de-pratique-instrumentale-et-vocale-en-toute-securite\/#primaryimage"},"thumbnailUrl":"https:\/\/itemm.fr\/itemm\/wp-content\/uploads\/2020\/06\/ERRATUM-CP-Forces-Musicales-CSFI-ITEMM-01-06-2020.png","datePublished":"2020-06-02T10:35:25+00:00","dateModified":"2020-06-02T10:43:12+00:00","breadcrumb":{"@id":"https:\/\/itemm.fr\/itemm\/vers-une-reouverture-des-lieux-de-diffusion-et-de-pratique-instrumentale-et-vocale-en-toute-securite\/#breadcrumb"},"inLanguage":"fr-FR","potentialAction":[{"@type":"ReadAction","target":["https:\/\/itemm.fr\/itemm\/vers-une-reouverture-des-lieux-de-diffusion-et-de-pratique-instrumentale-et-vocale-en-toute-securite\/"]}]},{"@type":"ImageObject","inLanguage":"fr-FR","@id":"https:\/\/itemm.fr\/itemm\/vers-une-reouverture-des-lieux-de-diffusion-et-de-pratique-instrumentale-et-vocale-en-toute-securite\/#primaryimage","url":"https:\/\/itemm.fr\/itemm\/wp-content\/uploads\/2020\/06\/ERRATUM-CP-Forces-Musicales-CSFI-ITEMM-01-06-2020.png","contentUrl":"https:\/\/itemm.fr\/itemm\/wp-content\/uploads\/2020\/06\/ERRATUM-CP-Forces-Musicales-CSFI-ITEMM-01-06-2020.png","width":2272,"height":994,"caption":"ERRATUM-CP-Forces-Musicales-CSFI-ITEMM-01-06-2020"},{"@type":"BreadcrumbList","@id":"https:\/\/itemm.fr\/itemm\/vers-une-reouverture-des-lieux-de-diffusion-et-de-pratique-instrumentale-et-vocale-en-toute-securite\/#breadcrumb","itemListElement":[{"@type":"ListItem","position":1,"name":"Accueil","item":"https:\/\/itemm.fr\/itemm\/"},{"@type":"ListItem","position":2,"name":"Vers une r\u00e9ouverture des lieux de diffusion et de pratique instrumentale et vocale en toute s\u00e9curit\u00e9"}]},{"@type":"WebSite","@id":"https:\/\/itemm.fr\/itemm\/#website","url":"https:\/\/itemm.fr\/itemm\/","name":"Itemm","description":"Institut technologique europ\u00e9en des m\u00e9tiers de la musique au Mans (72)","publisher":{"@id":"https:\/\/itemm.fr\/itemm\/#organization"},"potentialAction":[{"@type":"SearchAction","target":{"@type":"EntryPoint","urlTemplate":"https:\/\/itemm.fr\/itemm\/?s={search_term_string}"},"query-input":{"@type":"PropertyValueSpecification","valueRequired":true,"valueName":"search_term_string"}}],"inLanguage":"fr-FR"},{"@type":"Organization","@id":"https:\/\/itemm.fr\/itemm\/#organization","name":"ITEMM","alternateName":"ITEMM","url":"https:\/\/itemm.fr\/itemm\/","logo":{"@type":"ImageObject","inLanguage":"fr-FR","@id":"https:\/\/itemm.fr\/itemm\/#\/schema\/logo\/image\/","url":"https:\/\/itemm.fr\/itemm\/wp-content\/uploads\/2021\/12\/logo-itemm-piano-on.png","contentUrl":"https:\/\/itemm.fr\/itemm\/wp-content\/uploads\/2021\/12\/logo-itemm-piano-on.png","width":446,"height":294,"caption":"ITEMM"},"image":{"@id":"https:\/\/itemm.fr\/itemm\/#\/schema\/logo\/image\/"},"sameAs":["https:\/\/www.facebook.com\/itemm.lemans","https:\/\/www.instagram.com\/itemmlemans\/","https:\/\/www.linkedin.com\/in\/itemm\/"]},{"@type":"Person","@id":"https:\/\/itemm.fr\/itemm\/#\/schema\/person\/37d1ada7958a6232148f9ef96178ccd3","name":"cedric.charrier","image":{"@type":"ImageObject","inLanguage":"fr-FR","@id":"https:\/\/itemm.fr\/itemm\/wp-content\/litespeed\/avatar\/6b2a3f567f020e8b4afbfd33154a4be6.jpg?ver=1777465861","url":"https:\/\/itemm.fr\/itemm\/wp-content\/litespeed\/avatar\/6b2a3f567f020e8b4afbfd33154a4be6.jpg?ver=1777465861","contentUrl":"https:\/\/itemm.fr\/itemm\/wp-content\/litespeed\/avatar\/6b2a3f567f020e8b4afbfd33154a4be6.jpg?ver=1777465861","caption":"cedric.charrier"},"url":"https:\/\/itemm.fr\/itemm\/author\/cedric\/"}]}},"_links":{"self":[{"href":"https:\/\/itemm.fr\/itemm\/wp-json\/wp\/v2\/posts\/20258","targetHints":{"allow":["GET"]}}],"collection":[{"href":"https:\/\/itemm.fr\/itemm\/wp-json\/wp\/v2\/posts"}],"about":[{"href":"https:\/\/itemm.fr\/itemm\/wp-json\/wp\/v2\/types\/post"}],"author":[{"embeddable":true,"href":"https:\/\/itemm.fr\/itemm\/wp-json\/wp\/v2\/users\/3004"}],"replies":[{"embeddable":true,"href":"https:\/\/itemm.fr\/itemm\/wp-json\/wp\/v2\/comments?post=20258"}],"version-history":[{"count":0,"href":"https:\/\/itemm.fr\/itemm\/wp-json\/wp\/v2\/posts\/20258\/revisions"}],"wp:featuredmedia":[{"embeddable":true,"href":"https:\/\/itemm.fr\/itemm\/wp-json\/wp\/v2\/media\/20260"}],"wp:attachment":[{"href":"https:\/\/itemm.fr\/itemm\/wp-json\/wp\/v2\/media?parent=20258"}],"wp:term":[{"taxonomy":"category","embeddable":true,"href":"https:\/\/itemm.fr\/itemm\/wp-json\/wp\/v2\/categories?post=20258"},{"taxonomy":"post_tag","embeddable":true,"href":"https:\/\/itemm.fr\/itemm\/wp-json\/wp\/v2\/tags?post=20258"}],"curies":[{"name":"wp","href":"https:\/\/api.w.org\/{rel}","templated":true}]}}