{"id":19957,"date":"2020-04-24T09:51:35","date_gmt":"2020-04-24T07:51:35","guid":{"rendered":"https:\/\/itemm.fr\/itemm\/?p=19957"},"modified":"2020-04-27T10:06:54","modified_gmt":"2020-04-27T08:06:54","slug":"covid-19-centre-de-formalites-des-entreprises-ordonnance","status":"publish","type":"post","link":"https:\/\/itemm.fr\/itemm\/covid-19-centre-de-formalites-des-entreprises-ordonnance\/","title":{"rendered":"[Covid-19] Centre de formalit\u00e9s des entreprises [Ordonnance]"},"content":{"rendered":"<div><strong>Suite \u00e0 la parution d&#8217;une ordonnance au JO du 23 avril 2020, des pr\u00e9cisions sont donn\u00e9es concernant la fermeture de la plupart des centres de formalit\u00e9s des entreprises.<\/strong><\/div>\n<div><\/div>\n<div>La continuit\u00e9 de cette mission de service public est pr\u00e9conis\u00e9e pendant l&#8217;\u00e9tat d&#8217;urgence sanitaire.<\/div>\n<div><\/div>\n<div>Ainsi, l&#8217;article 2 pr\u00e9cise qu&#8217; &#8220;\u00e0 compter du 12 mars 2020 et pour la dur\u00e9e de la p\u00e9riode d&#8217;\u00e9tat d&#8217;urgence sanitaire, les formalit\u00e9s mentionn\u00e9es aux premier et troisi\u00e8me alin\u00e9as de l&#8217;article 2 de la loi du 11 f\u00e9vrier 1994 susvis\u00e9e sont accomplies aupr\u00e8s des centres de formalit\u00e9s des entreprises par voie \u00e9lectronique.&#8221;<\/div>\n<div><\/div>\n<div>&#8220;Les d\u00e9clarants disposent actuellement \u00e0 cet effet de plusieurs t\u00e9l\u00e9services qui permettent la d\u00e9mat\u00e9rialisation des proc\u00e9dures aupr\u00e8s des centres de formalit\u00e9s des entreprises (guichet-entreprises.fr, infogreffe.fr, lautoentrepreneur.fr&#8230;).&#8221; Source : <a title=\"https:\/\/www.legifrance.gouv.fr\/eli\/rapport\/2020\/4\/23\/ECOX2009794P\/jo\/texte\" href=\"https:\/\/www.legifrance.gouv.fr\/eli\/rapport\/2020\/4\/23\/ECOX2009794P\/jo\/texte\" target=\"_blank\" rel=\"noopener noreferrer\">Rapport au Pr\u00e9sident de la R\u00e9publique relatif \u00e0 l&#8217;ordonnance n\u00b0 2020-460 du 22 avril 2020 portant diverses mesures prises pour faire face \u00e0 l&#8217;\u00e9pid\u00e9mie de covid-19<\/a><\/p>\n<div><\/div>\n<\/div>\n<div><\/div>\n<div>Pour consulter l&#8217;ordonnance : <a href=\"https:\/\/www.legifrance.gouv.fr\/eli\/ordonnance\/2020\/4\/22\/ECOX2009794R\/jo\/texte#JORFARTI000041814599\" target=\"_blank\" rel=\"noopener noreferrer\">https:\/\/www.legifrance.gouv.fr\/eli\/ordonnance\/2020\/4\/22\/ECOX2009794R\/jo\/texte#JORFARTI000041814599<\/a><\/div>\n<div><\/div>\n<ul>\n<li>Veille ISM, <em>23 avril 2020<\/em><\/li>\n<\/ul>\n<p><img decoding=\"async\" class=\"alignnone size-full wp-image-11063\" src=\"https:\/\/itemm.fr\/itemm\/wp-content\/uploads\/2014\/01\/images2.jpeg\" alt=\"\" width=\"176\" height=\"98\" \/><\/p>\n<p>&nbsp;<\/p>\n","protected":false},"excerpt":{"rendered":"<p>Suite \u00e0 la parution d&#8217;une ordonnance au JO du 23 avril 2020, des pr\u00e9cisions sont donn\u00e9es concernant la fermeture de la plupart des centres de formalit\u00e9s des entreprises. La continuit\u00e9 de cette mission de service public est pr\u00e9conis\u00e9e pendant l&#8217;\u00e9tat d&#8217;urgence sanitaire. Ainsi, l&#8217;article 2 pr\u00e9cise qu&#8217; &#8220;\u00e0 compter du 12 mars 2020 et pour&hellip;<\/p>\n","protected":false},"author":3004,"featured_media":0,"comment_status":"closed","ping_status":"open","sticky":false,"template":"","format":"standard","meta":{"_acf_changed":false,"footnotes":""},"categories":[2091],"tags":[],"class_list":["post-19957","post","type-post","status-publish","format-standard","hentry","category-info-entreprise-covid-19","category-2091","description-off"],"acf":[],"yoast_head":"<!-- This site is optimized with the Yoast SEO plugin v27.5 - https:\/\/yoast.com\/product\/yoast-seo-wordpress\/ -->\n<title>[Covid-19] Centre de formalit\u00e9s des entreprises [Ordonnance] | Itemm -<\/title>\n<meta name=\"robots\" content=\"index, follow, max-snippet:-1, max-image-preview:large, max-video-preview:-1\" \/>\n<link rel=\"canonical\" href=\"https:\/\/itemm.fr\/itemm\/covid-19-centre-de-formalites-des-entreprises-ordonnance\/\" \/>\n<meta property=\"og:locale\" content=\"fr_FR\" \/>\n<meta property=\"og:type\" content=\"article\" \/>\n<meta property=\"og:title\" content=\"[Covid-19] Centre de formalit\u00e9s des entreprises [Ordonnance] | Itemm -\" \/>\n<meta property=\"og:description\" content=\"Suite \u00e0 la parution d&#8217;une ordonnance au JO du 23 avril 2020, des pr\u00e9cisions sont donn\u00e9es concernant la fermeture de la plupart des centres de formalit\u00e9s des entreprises. La continuit\u00e9 de cette mission de service public est pr\u00e9conis\u00e9e pendant l&#8217;\u00e9tat d&#8217;urgence sanitaire. Ainsi, l&#8217;article 2 pr\u00e9cise qu&#8217; &#8220;\u00e0 compter du 12 mars 2020 et pour&hellip;\" \/>\n<meta property=\"og:url\" content=\"https:\/\/itemm.fr\/itemm\/covid-19-centre-de-formalites-des-entreprises-ordonnance\/\" \/>\n<meta property=\"og:site_name\" content=\"Itemm -\" \/>\n<meta property=\"article:publisher\" content=\"https:\/\/www.facebook.com\/itemm.lemans\" \/>\n<meta property=\"article:published_time\" content=\"2020-04-24T07:51:35+00:00\" \/>\n<meta property=\"article:modified_time\" content=\"2020-04-27T08:06:54+00:00\" \/>\n<meta property=\"og:image\" content=\"https:\/\/itemm.fr\/itemm\/wp-content\/uploads\/2014\/01\/images2.jpeg\" \/>\n<meta name=\"author\" content=\"cedric.charrier\" \/>\n<script type=\"application\/ld+json\" class=\"yoast-schema-graph\">{\"@context\":\"https:\\\/\\\/schema.org\",\"@graph\":[{\"@type\":\"Article\",\"@id\":\"https:\\\/\\\/itemm.fr\\\/itemm\\\/covid-19-centre-de-formalites-des-entreprises-ordonnance\\\/#article\",\"isPartOf\":{\"@id\":\"https:\\\/\\\/itemm.fr\\\/itemm\\\/covid-19-centre-de-formalites-des-entreprises-ordonnance\\\/\"},\"author\":{\"name\":\"cedric.charrier\",\"@id\":\"https:\\\/\\\/itemm.fr\\\/itemm\\\/#\\\/schema\\\/person\\\/4f12bdd558467246abb96a89a8f4cbb1\"},\"headline\":\"[Covid-19] Centre de formalit\u00e9s des entreprises [Ordonnance]\",\"datePublished\":\"2020-04-24T07:51:35+00:00\",\"dateModified\":\"2020-04-27T08:06:54+00:00\",\"mainEntityOfPage\":{\"@id\":\"https:\\\/\\\/itemm.fr\\\/itemm\\\/covid-19-centre-de-formalites-des-entreprises-ordonnance\\\/\"},\"wordCount\":199,\"publisher\":{\"@id\":\"https:\\\/\\\/itemm.fr\\\/itemm\\\/#organization\"},\"image\":{\"@id\":\"https:\\\/\\\/itemm.fr\\\/itemm\\\/covid-19-centre-de-formalites-des-entreprises-ordonnance\\\/#primaryimage\"},\"thumbnailUrl\":\"https:\\\/\\\/itemm.fr\\\/itemm\\\/wp-content\\\/uploads\\\/2014\\\/01\\\/images2.jpeg\",\"articleSection\":[\"info entreprise covid 19\"],\"inLanguage\":\"fr-FR\"},{\"@type\":\"WebPage\",\"@id\":\"https:\\\/\\\/itemm.fr\\\/itemm\\\/covid-19-centre-de-formalites-des-entreprises-ordonnance\\\/\",\"url\":\"https:\\\/\\\/itemm.fr\\\/itemm\\\/covid-19-centre-de-formalites-des-entreprises-ordonnance\\\/\",\"name\":\"[Covid-19] Centre de formalit\u00e9s des entreprises [Ordonnance] | Itemm -\",\"isPartOf\":{\"@id\":\"https:\\\/\\\/itemm.fr\\\/itemm\\\/#website\"},\"primaryImageOfPage\":{\"@id\":\"https:\\\/\\\/itemm.fr\\\/itemm\\\/covid-19-centre-de-formalites-des-entreprises-ordonnance\\\/#primaryimage\"},\"image\":{\"@id\":\"https:\\\/\\\/itemm.fr\\\/itemm\\\/covid-19-centre-de-formalites-des-entreprises-ordonnance\\\/#primaryimage\"},\"thumbnailUrl\":\"https:\\\/\\\/itemm.fr\\\/itemm\\\/wp-content\\\/uploads\\\/2014\\\/01\\\/images2.jpeg\",\"datePublished\":\"2020-04-24T07:51:35+00:00\",\"dateModified\":\"2020-04-27T08:06:54+00:00\",\"breadcrumb\":{\"@id\":\"https:\\\/\\\/itemm.fr\\\/itemm\\\/covid-19-centre-de-formalites-des-entreprises-ordonnance\\\/#breadcrumb\"},\"inLanguage\":\"fr-FR\",\"potentialAction\":[{\"@type\":\"ReadAction\",\"target\":[\"https:\\\/\\\/itemm.fr\\\/itemm\\\/covid-19-centre-de-formalites-des-entreprises-ordonnance\\\/\"]}]},{\"@type\":\"ImageObject\",\"inLanguage\":\"fr-FR\",\"@id\":\"https:\\\/\\\/itemm.fr\\\/itemm\\\/covid-19-centre-de-formalites-des-entreprises-ordonnance\\\/#primaryimage\",\"url\":\"https:\\\/\\\/itemm.fr\\\/itemm\\\/wp-content\\\/uploads\\\/2014\\\/01\\\/images2.jpeg\",\"contentUrl\":\"https:\\\/\\\/itemm.fr\\\/itemm\\\/wp-content\\\/uploads\\\/2014\\\/01\\\/images2.jpeg\"},{\"@type\":\"BreadcrumbList\",\"@id\":\"https:\\\/\\\/itemm.fr\\\/itemm\\\/covid-19-centre-de-formalites-des-entreprises-ordonnance\\\/#breadcrumb\",\"itemListElement\":[{\"@type\":\"ListItem\",\"position\":1,\"name\":\"Accueil\",\"item\":\"https:\\\/\\\/itemm.fr\\\/itemm\\\/\"},{\"@type\":\"ListItem\",\"position\":2,\"name\":\"[Covid-19] Centre de formalit\u00e9s des entreprises [Ordonnance]\"}]},{\"@type\":\"WebSite\",\"@id\":\"https:\\\/\\\/itemm.fr\\\/itemm\\\/#website\",\"url\":\"https:\\\/\\\/itemm.fr\\\/itemm\\\/\",\"name\":\"Itemm\",\"description\":\"Institut technologique europ\u00e9en des m\u00e9tiers de la musique au Mans (72)\",\"publisher\":{\"@id\":\"https:\\\/\\\/itemm.fr\\\/itemm\\\/#organization\"},\"potentialAction\":[{\"@type\":\"SearchAction\",\"target\":{\"@type\":\"EntryPoint\",\"urlTemplate\":\"https:\\\/\\\/itemm.fr\\\/itemm\\\/?s={search_term_string}\"},\"query-input\":{\"@type\":\"PropertyValueSpecification\",\"valueRequired\":true,\"valueName\":\"search_term_string\"}}],\"inLanguage\":\"fr-FR\"},{\"@type\":\"Organization\",\"@id\":\"https:\\\/\\\/itemm.fr\\\/itemm\\\/#organization\",\"name\":\"ITEMM\",\"alternateName\":\"ITEMM\",\"url\":\"https:\\\/\\\/itemm.fr\\\/itemm\\\/\",\"logo\":{\"@type\":\"ImageObject\",\"inLanguage\":\"fr-FR\",\"@id\":\"https:\\\/\\\/itemm.fr\\\/itemm\\\/#\\\/schema\\\/logo\\\/image\\\/\",\"url\":\"https:\\\/\\\/itemm.fr\\\/itemm\\\/wp-content\\\/uploads\\\/2021\\\/12\\\/logo-itemm-piano-on.png\",\"contentUrl\":\"https:\\\/\\\/itemm.fr\\\/itemm\\\/wp-content\\\/uploads\\\/2021\\\/12\\\/logo-itemm-piano-on.png\",\"width\":446,\"height\":294,\"caption\":\"ITEMM\"},\"image\":{\"@id\":\"https:\\\/\\\/itemm.fr\\\/itemm\\\/#\\\/schema\\\/logo\\\/image\\\/\"},\"sameAs\":[\"https:\\\/\\\/www.facebook.com\\\/itemm.lemans\",\"https:\\\/\\\/www.instagram.com\\\/itemmlemans\\\/\",\"https:\\\/\\\/www.linkedin.com\\\/in\\\/itemm\\\/\"]},{\"@type\":\"Person\",\"@id\":\"https:\\\/\\\/itemm.fr\\\/itemm\\\/#\\\/schema\\\/person\\\/4f12bdd558467246abb96a89a8f4cbb1\",\"name\":\"cedric.charrier\",\"image\":{\"@type\":\"ImageObject\",\"inLanguage\":\"fr-FR\",\"@id\":\"https:\\\/\\\/itemm.fr\\\/itemm\\\/wp-content\\\/litespeed\\\/avatar\\\/6b2a3f567f020e8b4afbfd33154a4be6.jpg?ver=1777465861\",\"url\":\"https:\\\/\\\/itemm.fr\\\/itemm\\\/wp-content\\\/litespeed\\\/avatar\\\/6b2a3f567f020e8b4afbfd33154a4be6.jpg?ver=1777465861\",\"contentUrl\":\"https:\\\/\\\/itemm.fr\\\/itemm\\\/wp-content\\\/litespeed\\\/avatar\\\/6b2a3f567f020e8b4afbfd33154a4be6.jpg?ver=1777465861\",\"caption\":\"cedric.charrier\"},\"url\":\"https:\\\/\\\/itemm.fr\\\/itemm\\\/author\\\/cedric\\\/\"}]}<\/script>\n<!-- \/ Yoast SEO plugin. -->","yoast_head_json":{"title":"[Covid-19] Centre de formalit\u00e9s des entreprises [Ordonnance] | Itemm -","robots":{"index":"index","follow":"follow","max-snippet":"max-snippet:-1","max-image-preview":"max-image-preview:large","max-video-preview":"max-video-preview:-1"},"canonical":"https:\/\/itemm.fr\/itemm\/covid-19-centre-de-formalites-des-entreprises-ordonnance\/","og_locale":"fr_FR","og_type":"article","og_title":"[Covid-19] Centre de formalit\u00e9s des entreprises [Ordonnance] | Itemm -","og_description":"Suite \u00e0 la parution d&#8217;une ordonnance au JO du 23 avril 2020, des pr\u00e9cisions sont donn\u00e9es concernant la fermeture de la plupart des centres de formalit\u00e9s des entreprises. La continuit\u00e9 de cette mission de service public est pr\u00e9conis\u00e9e pendant l&#8217;\u00e9tat d&#8217;urgence sanitaire. Ainsi, l&#8217;article 2 pr\u00e9cise qu&#8217; &#8220;\u00e0 compter du 12 mars 2020 et pour&hellip;","og_url":"https:\/\/itemm.fr\/itemm\/covid-19-centre-de-formalites-des-entreprises-ordonnance\/","og_site_name":"Itemm -","article_publisher":"https:\/\/www.facebook.com\/itemm.lemans","article_published_time":"2020-04-24T07:51:35+00:00","article_modified_time":"2020-04-27T08:06:54+00:00","og_image":[{"url":"https:\/\/itemm.fr\/itemm\/wp-content\/uploads\/2014\/01\/images2.jpeg","type":"","width":"","height":""}],"author":"cedric.charrier","schema":{"@context":"https:\/\/schema.org","@graph":[{"@type":"Article","@id":"https:\/\/itemm.fr\/itemm\/covid-19-centre-de-formalites-des-entreprises-ordonnance\/#article","isPartOf":{"@id":"https:\/\/itemm.fr\/itemm\/covid-19-centre-de-formalites-des-entreprises-ordonnance\/"},"author":{"name":"cedric.charrier","@id":"https:\/\/itemm.fr\/itemm\/#\/schema\/person\/4f12bdd558467246abb96a89a8f4cbb1"},"headline":"[Covid-19] Centre de formalit\u00e9s des entreprises [Ordonnance]","datePublished":"2020-04-24T07:51:35+00:00","dateModified":"2020-04-27T08:06:54+00:00","mainEntityOfPage":{"@id":"https:\/\/itemm.fr\/itemm\/covid-19-centre-de-formalites-des-entreprises-ordonnance\/"},"wordCount":199,"publisher":{"@id":"https:\/\/itemm.fr\/itemm\/#organization"},"image":{"@id":"https:\/\/itemm.fr\/itemm\/covid-19-centre-de-formalites-des-entreprises-ordonnance\/#primaryimage"},"thumbnailUrl":"https:\/\/itemm.fr\/itemm\/wp-content\/uploads\/2014\/01\/images2.jpeg","articleSection":["info entreprise covid 19"],"inLanguage":"fr-FR"},{"@type":"WebPage","@id":"https:\/\/itemm.fr\/itemm\/covid-19-centre-de-formalites-des-entreprises-ordonnance\/","url":"https:\/\/itemm.fr\/itemm\/covid-19-centre-de-formalites-des-entreprises-ordonnance\/","name":"[Covid-19] Centre de formalit\u00e9s des entreprises [Ordonnance] | Itemm -","isPartOf":{"@id":"https:\/\/itemm.fr\/itemm\/#website"},"primaryImageOfPage":{"@id":"https:\/\/itemm.fr\/itemm\/covid-19-centre-de-formalites-des-entreprises-ordonnance\/#primaryimage"},"image":{"@id":"https:\/\/itemm.fr\/itemm\/covid-19-centre-de-formalites-des-entreprises-ordonnance\/#primaryimage"},"thumbnailUrl":"https:\/\/itemm.fr\/itemm\/wp-content\/uploads\/2014\/01\/images2.jpeg","datePublished":"2020-04-24T07:51:35+00:00","dateModified":"2020-04-27T08:06:54+00:00","breadcrumb":{"@id":"https:\/\/itemm.fr\/itemm\/covid-19-centre-de-formalites-des-entreprises-ordonnance\/#breadcrumb"},"inLanguage":"fr-FR","potentialAction":[{"@type":"ReadAction","target":["https:\/\/itemm.fr\/itemm\/covid-19-centre-de-formalites-des-entreprises-ordonnance\/"]}]},{"@type":"ImageObject","inLanguage":"fr-FR","@id":"https:\/\/itemm.fr\/itemm\/covid-19-centre-de-formalites-des-entreprises-ordonnance\/#primaryimage","url":"https:\/\/itemm.fr\/itemm\/wp-content\/uploads\/2014\/01\/images2.jpeg","contentUrl":"https:\/\/itemm.fr\/itemm\/wp-content\/uploads\/2014\/01\/images2.jpeg"},{"@type":"BreadcrumbList","@id":"https:\/\/itemm.fr\/itemm\/covid-19-centre-de-formalites-des-entreprises-ordonnance\/#breadcrumb","itemListElement":[{"@type":"ListItem","position":1,"name":"Accueil","item":"https:\/\/itemm.fr\/itemm\/"},{"@type":"ListItem","position":2,"name":"[Covid-19] Centre de formalit\u00e9s des entreprises [Ordonnance]"}]},{"@type":"WebSite","@id":"https:\/\/itemm.fr\/itemm\/#website","url":"https:\/\/itemm.fr\/itemm\/","name":"Itemm","description":"Institut technologique europ\u00e9en des m\u00e9tiers de la musique au Mans (72)","publisher":{"@id":"https:\/\/itemm.fr\/itemm\/#organization"},"potentialAction":[{"@type":"SearchAction","target":{"@type":"EntryPoint","urlTemplate":"https:\/\/itemm.fr\/itemm\/?s={search_term_string}"},"query-input":{"@type":"PropertyValueSpecification","valueRequired":true,"valueName":"search_term_string"}}],"inLanguage":"fr-FR"},{"@type":"Organization","@id":"https:\/\/itemm.fr\/itemm\/#organization","name":"ITEMM","alternateName":"ITEMM","url":"https:\/\/itemm.fr\/itemm\/","logo":{"@type":"ImageObject","inLanguage":"fr-FR","@id":"https:\/\/itemm.fr\/itemm\/#\/schema\/logo\/image\/","url":"https:\/\/itemm.fr\/itemm\/wp-content\/uploads\/2021\/12\/logo-itemm-piano-on.png","contentUrl":"https:\/\/itemm.fr\/itemm\/wp-content\/uploads\/2021\/12\/logo-itemm-piano-on.png","width":446,"height":294,"caption":"ITEMM"},"image":{"@id":"https:\/\/itemm.fr\/itemm\/#\/schema\/logo\/image\/"},"sameAs":["https:\/\/www.facebook.com\/itemm.lemans","https:\/\/www.instagram.com\/itemmlemans\/","https:\/\/www.linkedin.com\/in\/itemm\/"]},{"@type":"Person","@id":"https:\/\/itemm.fr\/itemm\/#\/schema\/person\/4f12bdd558467246abb96a89a8f4cbb1","name":"cedric.charrier","image":{"@type":"ImageObject","inLanguage":"fr-FR","@id":"https:\/\/itemm.fr\/itemm\/wp-content\/litespeed\/avatar\/6b2a3f567f020e8b4afbfd33154a4be6.jpg?ver=1777465861","url":"https:\/\/itemm.fr\/itemm\/wp-content\/litespeed\/avatar\/6b2a3f567f020e8b4afbfd33154a4be6.jpg?ver=1777465861","contentUrl":"https:\/\/itemm.fr\/itemm\/wp-content\/litespeed\/avatar\/6b2a3f567f020e8b4afbfd33154a4be6.jpg?ver=1777465861","caption":"cedric.charrier"},"url":"https:\/\/itemm.fr\/itemm\/author\/cedric\/"}]}},"_links":{"self":[{"href":"https:\/\/itemm.fr\/itemm\/wp-json\/wp\/v2\/posts\/19957","targetHints":{"allow":["GET"]}}],"collection":[{"href":"https:\/\/itemm.fr\/itemm\/wp-json\/wp\/v2\/posts"}],"about":[{"href":"https:\/\/itemm.fr\/itemm\/wp-json\/wp\/v2\/types\/post"}],"author":[{"embeddable":true,"href":"https:\/\/itemm.fr\/itemm\/wp-json\/wp\/v2\/users\/3004"}],"replies":[{"embeddable":true,"href":"https:\/\/itemm.fr\/itemm\/wp-json\/wp\/v2\/comments?post=19957"}],"version-history":[{"count":0,"href":"https:\/\/itemm.fr\/itemm\/wp-json\/wp\/v2\/posts\/19957\/revisions"}],"wp:attachment":[{"href":"https:\/\/itemm.fr\/itemm\/wp-json\/wp\/v2\/media?parent=19957"}],"wp:term":[{"taxonomy":"category","embeddable":true,"href":"https:\/\/itemm.fr\/itemm\/wp-json\/wp\/v2\/categories?post=19957"},{"taxonomy":"post_tag","embeddable":true,"href":"https:\/\/itemm.fr\/itemm\/wp-json\/wp\/v2\/tags?post=19957"}],"curies":[{"name":"wp","href":"https:\/\/api.w.org\/{rel}","templated":true}]}}