{"id":19444,"date":"2020-03-18T08:53:24","date_gmt":"2020-03-18T07:53:24","guid":{"rendered":"https:\/\/itemm.fr\/itemm\/?p=19444"},"modified":"2020-03-18T08:53:24","modified_gmt":"2020-03-18T07:53:24","slug":"les-enceintes-acoustiques-de-jmc-lutherie-continueront-de-vibrer","status":"publish","type":"post","link":"https:\/\/itemm.fr\/itemm\/les-enceintes-acoustiques-de-jmc-lutherie-continueront-de-vibrer\/","title":{"rendered":"Les enceintes acoustiques de JMC Lutherie continueront de vibrer"},"content":{"rendered":"<p><strong>Transmission r\u00e9ussie pour la manufacture de la Vall\u00e9e de Joux dont la cessation des activit\u00e9s a \u00e9t\u00e9 annonc\u00e9e il y a un an : elle a trouv\u00e9 des repreneurs pour toutes ses branches.(&#8230;)<\/strong><\/p>\n<p>L&#8217;int\u00e9gralit\u00e9 de l&#8217;article est disponible ici : <a href=\"http:\/\/www.agefi.com\/home\/entreprises\/detail\/edition\/online\/article\/transmission-reussie-pour-la-manufacture-de-la-vallee-de-joux-dont-la-cessation-des-activites-a-ete-annoncee-il-y-a-un-an-elle-a-trouve-des-repreneurs-pour-toutes-ses-branches-494979.html\" target=\"_blank\" rel=\"noopener noreferrer\">http:\/\/www.agefi.com\/home\/entreprises\/detail\/edition\/online\/article\/transmission-reussie-pour-la-manufacture-de-la-vallee-de-joux-dont-la-cessation-des-activites-a-ete-annoncee-il-y-a-un-an-elle-a-trouve-des-repreneurs-pour-toutes-ses-branches-494979.html<\/a><\/p>\n<ul>\n<li>Agefi,<em> 17 mars 2020<\/em><\/li>\n<\/ul>\n<p><img decoding=\"async\" class=\"alignnone  wp-image-19445\" src=\"https:\/\/itemm.fr\/itemm\/wp-content\/uploads\/2020\/03\/UGuO_VNt_400x400.jpg\" alt=\"\" width=\"186\" height=\"186\" srcset=\"https:\/\/itemm.fr\/itemm\/wp-content\/uploads\/2020\/03\/UGuO_VNt_400x400.jpg 250w, https:\/\/itemm.fr\/itemm\/wp-content\/uploads\/2020\/03\/UGuO_VNt_400x400-200x200.jpg 200w, https:\/\/itemm.fr\/itemm\/wp-content\/uploads\/2020\/03\/UGuO_VNt_400x400-150x150.jpg 150w\" sizes=\"(max-width: 186px) 100vw, 186px\" \/><\/p>\n","protected":false},"excerpt":{"rendered":"<p>Transmission r\u00e9ussie pour la manufacture de la Vall\u00e9e de Joux dont la cessation des activit\u00e9s a \u00e9t\u00e9 annonc\u00e9e il y a un an : elle a trouv\u00e9 des repreneurs pour toutes ses branches.(&#8230;) L&#8217;int\u00e9gralit\u00e9 de l&#8217;article est disponible ici : http:\/\/www.agefi.com\/home\/entreprises\/detail\/edition\/online\/article\/transmission-reussie-pour-la-manufacture-de-la-vallee-de-joux-dont-la-cessation-des-activites-a-ete-annoncee-il-y-a-un-an-elle-a-trouve-des-repreneurs-pour-toutes-ses-branches-494979.html Agefi, 17 mars 2020<\/p>\n","protected":false},"author":3004,"featured_media":19445,"comment_status":"closed","ping_status":"open","sticky":false,"template":"","format":"standard","meta":{"_acf_changed":false,"footnotes":""},"categories":[100],"tags":[179],"class_list":["post-19444","post","type-post","status-publish","format-standard","has-post-thumbnail","hentry","category-informations-metiers","tag-transmission","category-100","description-off"],"acf":[],"yoast_head":"<!-- This site is optimized with the Yoast SEO plugin v27.4 - https:\/\/yoast.com\/product\/yoast-seo-wordpress\/ -->\n<title>Les enceintes acoustiques de JMC Lutherie continueront de vibrer | Itemm -<\/title>\n<meta name=\"robots\" content=\"index, follow, max-snippet:-1, max-image-preview:large, max-video-preview:-1\" \/>\n<link rel=\"canonical\" href=\"https:\/\/itemm.fr\/itemm\/les-enceintes-acoustiques-de-jmc-lutherie-continueront-de-vibrer\/\" \/>\n<meta property=\"og:locale\" content=\"fr_FR\" \/>\n<meta property=\"og:type\" content=\"article\" \/>\n<meta property=\"og:title\" content=\"Les enceintes acoustiques de JMC Lutherie continueront de vibrer | Itemm -\" \/>\n<meta property=\"og:description\" content=\"Transmission r\u00e9ussie pour la manufacture de la Vall\u00e9e de Joux dont la cessation des activit\u00e9s a \u00e9t\u00e9 annonc\u00e9e il y a un an : elle a trouv\u00e9 des repreneurs pour toutes ses branches.(&#8230;) L&#8217;int\u00e9gralit\u00e9 de l&#8217;article est disponible ici : http:\/\/www.agefi.com\/home\/entreprises\/detail\/edition\/online\/article\/transmission-reussie-pour-la-manufacture-de-la-vallee-de-joux-dont-la-cessation-des-activites-a-ete-annoncee-il-y-a-un-an-elle-a-trouve-des-repreneurs-pour-toutes-ses-branches-494979.html Agefi, 17 mars 2020\" \/>\n<meta property=\"og:url\" content=\"https:\/\/itemm.fr\/itemm\/les-enceintes-acoustiques-de-jmc-lutherie-continueront-de-vibrer\/\" \/>\n<meta property=\"og:site_name\" content=\"Itemm -\" \/>\n<meta property=\"article:publisher\" content=\"https:\/\/www.facebook.com\/itemm.lemans\" \/>\n<meta property=\"article:published_time\" content=\"2020-03-18T07:53:24+00:00\" \/>\n<meta property=\"og:image\" content=\"https:\/\/itemm.fr\/itemm\/wp-content\/uploads\/2020\/03\/UGuO_VNt_400x400.jpg\" \/>\n\t<meta property=\"og:image:width\" content=\"250\" \/>\n\t<meta property=\"og:image:height\" content=\"250\" \/>\n\t<meta property=\"og:image:type\" content=\"image\/jpeg\" \/>\n<meta name=\"author\" content=\"cedric.charrier\" \/>\n<script type=\"application\/ld+json\" class=\"yoast-schema-graph\">{\"@context\":\"https:\\\/\\\/schema.org\",\"@graph\":[{\"@type\":\"Article\",\"@id\":\"https:\\\/\\\/itemm.fr\\\/itemm\\\/les-enceintes-acoustiques-de-jmc-lutherie-continueront-de-vibrer\\\/#article\",\"isPartOf\":{\"@id\":\"https:\\\/\\\/itemm.fr\\\/itemm\\\/les-enceintes-acoustiques-de-jmc-lutherie-continueront-de-vibrer\\\/\"},\"author\":{\"name\":\"cedric.charrier\",\"@id\":\"https:\\\/\\\/itemm.fr\\\/itemm\\\/#\\\/schema\\\/person\\\/37d1ada7958a6232148f9ef96178ccd3\"},\"headline\":\"Les enceintes acoustiques de JMC Lutherie continueront de vibrer\",\"datePublished\":\"2020-03-18T07:53:24+00:00\",\"mainEntityOfPage\":{\"@id\":\"https:\\\/\\\/itemm.fr\\\/itemm\\\/les-enceintes-acoustiques-de-jmc-lutherie-continueront-de-vibrer\\\/\"},\"wordCount\":68,\"publisher\":{\"@id\":\"https:\\\/\\\/itemm.fr\\\/itemm\\\/#organization\"},\"image\":{\"@id\":\"https:\\\/\\\/itemm.fr\\\/itemm\\\/les-enceintes-acoustiques-de-jmc-lutherie-continueront-de-vibrer\\\/#primaryimage\"},\"thumbnailUrl\":\"https:\\\/\\\/itemm.fr\\\/itemm\\\/wp-content\\\/uploads\\\/2020\\\/03\\\/UGuO_VNt_400x400.jpg\",\"keywords\":[\"transmission\"],\"articleSection\":[\"informations m\u00e9tiers\"],\"inLanguage\":\"fr-FR\"},{\"@type\":\"WebPage\",\"@id\":\"https:\\\/\\\/itemm.fr\\\/itemm\\\/les-enceintes-acoustiques-de-jmc-lutherie-continueront-de-vibrer\\\/\",\"url\":\"https:\\\/\\\/itemm.fr\\\/itemm\\\/les-enceintes-acoustiques-de-jmc-lutherie-continueront-de-vibrer\\\/\",\"name\":\"Les enceintes acoustiques de JMC Lutherie continueront de vibrer | Itemm -\",\"isPartOf\":{\"@id\":\"https:\\\/\\\/itemm.fr\\\/itemm\\\/#website\"},\"primaryImageOfPage\":{\"@id\":\"https:\\\/\\\/itemm.fr\\\/itemm\\\/les-enceintes-acoustiques-de-jmc-lutherie-continueront-de-vibrer\\\/#primaryimage\"},\"image\":{\"@id\":\"https:\\\/\\\/itemm.fr\\\/itemm\\\/les-enceintes-acoustiques-de-jmc-lutherie-continueront-de-vibrer\\\/#primaryimage\"},\"thumbnailUrl\":\"https:\\\/\\\/itemm.fr\\\/itemm\\\/wp-content\\\/uploads\\\/2020\\\/03\\\/UGuO_VNt_400x400.jpg\",\"datePublished\":\"2020-03-18T07:53:24+00:00\",\"breadcrumb\":{\"@id\":\"https:\\\/\\\/itemm.fr\\\/itemm\\\/les-enceintes-acoustiques-de-jmc-lutherie-continueront-de-vibrer\\\/#breadcrumb\"},\"inLanguage\":\"fr-FR\",\"potentialAction\":[{\"@type\":\"ReadAction\",\"target\":[\"https:\\\/\\\/itemm.fr\\\/itemm\\\/les-enceintes-acoustiques-de-jmc-lutherie-continueront-de-vibrer\\\/\"]}]},{\"@type\":\"ImageObject\",\"inLanguage\":\"fr-FR\",\"@id\":\"https:\\\/\\\/itemm.fr\\\/itemm\\\/les-enceintes-acoustiques-de-jmc-lutherie-continueront-de-vibrer\\\/#primaryimage\",\"url\":\"https:\\\/\\\/itemm.fr\\\/itemm\\\/wp-content\\\/uploads\\\/2020\\\/03\\\/UGuO_VNt_400x400.jpg\",\"contentUrl\":\"https:\\\/\\\/itemm.fr\\\/itemm\\\/wp-content\\\/uploads\\\/2020\\\/03\\\/UGuO_VNt_400x400.jpg\",\"width\":250,\"height\":250},{\"@type\":\"BreadcrumbList\",\"@id\":\"https:\\\/\\\/itemm.fr\\\/itemm\\\/les-enceintes-acoustiques-de-jmc-lutherie-continueront-de-vibrer\\\/#breadcrumb\",\"itemListElement\":[{\"@type\":\"ListItem\",\"position\":1,\"name\":\"Accueil\",\"item\":\"https:\\\/\\\/itemm.fr\\\/itemm\\\/\"},{\"@type\":\"ListItem\",\"position\":2,\"name\":\"Les enceintes acoustiques de JMC Lutherie continueront de vibrer\"}]},{\"@type\":\"WebSite\",\"@id\":\"https:\\\/\\\/itemm.fr\\\/itemm\\\/#website\",\"url\":\"https:\\\/\\\/itemm.fr\\\/itemm\\\/\",\"name\":\"Itemm\",\"description\":\"Institut technologique europ\u00e9en des m\u00e9tiers de la musique au Mans (72)\",\"publisher\":{\"@id\":\"https:\\\/\\\/itemm.fr\\\/itemm\\\/#organization\"},\"potentialAction\":[{\"@type\":\"SearchAction\",\"target\":{\"@type\":\"EntryPoint\",\"urlTemplate\":\"https:\\\/\\\/itemm.fr\\\/itemm\\\/?s={search_term_string}\"},\"query-input\":{\"@type\":\"PropertyValueSpecification\",\"valueRequired\":true,\"valueName\":\"search_term_string\"}}],\"inLanguage\":\"fr-FR\"},{\"@type\":\"Organization\",\"@id\":\"https:\\\/\\\/itemm.fr\\\/itemm\\\/#organization\",\"name\":\"ITEMM\",\"alternateName\":\"ITEMM\",\"url\":\"https:\\\/\\\/itemm.fr\\\/itemm\\\/\",\"logo\":{\"@type\":\"ImageObject\",\"inLanguage\":\"fr-FR\",\"@id\":\"https:\\\/\\\/itemm.fr\\\/itemm\\\/#\\\/schema\\\/logo\\\/image\\\/\",\"url\":\"https:\\\/\\\/itemm.fr\\\/itemm\\\/wp-content\\\/uploads\\\/2021\\\/12\\\/logo-itemm-piano-on.png\",\"contentUrl\":\"https:\\\/\\\/itemm.fr\\\/itemm\\\/wp-content\\\/uploads\\\/2021\\\/12\\\/logo-itemm-piano-on.png\",\"width\":446,\"height\":294,\"caption\":\"ITEMM\"},\"image\":{\"@id\":\"https:\\\/\\\/itemm.fr\\\/itemm\\\/#\\\/schema\\\/logo\\\/image\\\/\"},\"sameAs\":[\"https:\\\/\\\/www.facebook.com\\\/itemm.lemans\",\"https:\\\/\\\/www.instagram.com\\\/itemmlemans\\\/\",\"https:\\\/\\\/www.linkedin.com\\\/in\\\/itemm\\\/\"]},{\"@type\":\"Person\",\"@id\":\"https:\\\/\\\/itemm.fr\\\/itemm\\\/#\\\/schema\\\/person\\\/37d1ada7958a6232148f9ef96178ccd3\",\"name\":\"cedric.charrier\",\"image\":{\"@type\":\"ImageObject\",\"inLanguage\":\"fr-FR\",\"@id\":\"https:\\\/\\\/itemm.fr\\\/itemm\\\/wp-content\\\/litespeed\\\/avatar\\\/6b2a3f567f020e8b4afbfd33154a4be6.jpg?ver=1776860820\",\"url\":\"https:\\\/\\\/itemm.fr\\\/itemm\\\/wp-content\\\/litespeed\\\/avatar\\\/6b2a3f567f020e8b4afbfd33154a4be6.jpg?ver=1776860820\",\"contentUrl\":\"https:\\\/\\\/itemm.fr\\\/itemm\\\/wp-content\\\/litespeed\\\/avatar\\\/6b2a3f567f020e8b4afbfd33154a4be6.jpg?ver=1776860820\",\"caption\":\"cedric.charrier\"},\"url\":\"https:\\\/\\\/itemm.fr\\\/itemm\\\/author\\\/cedric\\\/\"}]}<\/script>\n<!-- \/ Yoast SEO plugin. -->","yoast_head_json":{"title":"Les enceintes acoustiques de JMC Lutherie continueront de vibrer | Itemm -","robots":{"index":"index","follow":"follow","max-snippet":"max-snippet:-1","max-image-preview":"max-image-preview:large","max-video-preview":"max-video-preview:-1"},"canonical":"https:\/\/itemm.fr\/itemm\/les-enceintes-acoustiques-de-jmc-lutherie-continueront-de-vibrer\/","og_locale":"fr_FR","og_type":"article","og_title":"Les enceintes acoustiques de JMC Lutherie continueront de vibrer | Itemm -","og_description":"Transmission r\u00e9ussie pour la manufacture de la Vall\u00e9e de Joux dont la cessation des activit\u00e9s a \u00e9t\u00e9 annonc\u00e9e il y a un an : elle a trouv\u00e9 des repreneurs pour toutes ses branches.(&#8230;) L&#8217;int\u00e9gralit\u00e9 de l&#8217;article est disponible ici : http:\/\/www.agefi.com\/home\/entreprises\/detail\/edition\/online\/article\/transmission-reussie-pour-la-manufacture-de-la-vallee-de-joux-dont-la-cessation-des-activites-a-ete-annoncee-il-y-a-un-an-elle-a-trouve-des-repreneurs-pour-toutes-ses-branches-494979.html Agefi, 17 mars 2020","og_url":"https:\/\/itemm.fr\/itemm\/les-enceintes-acoustiques-de-jmc-lutherie-continueront-de-vibrer\/","og_site_name":"Itemm -","article_publisher":"https:\/\/www.facebook.com\/itemm.lemans","article_published_time":"2020-03-18T07:53:24+00:00","og_image":[{"width":250,"height":250,"url":"https:\/\/itemm.fr\/itemm\/wp-content\/uploads\/2020\/03\/UGuO_VNt_400x400.jpg","type":"image\/jpeg"}],"author":"cedric.charrier","schema":{"@context":"https:\/\/schema.org","@graph":[{"@type":"Article","@id":"https:\/\/itemm.fr\/itemm\/les-enceintes-acoustiques-de-jmc-lutherie-continueront-de-vibrer\/#article","isPartOf":{"@id":"https:\/\/itemm.fr\/itemm\/les-enceintes-acoustiques-de-jmc-lutherie-continueront-de-vibrer\/"},"author":{"name":"cedric.charrier","@id":"https:\/\/itemm.fr\/itemm\/#\/schema\/person\/37d1ada7958a6232148f9ef96178ccd3"},"headline":"Les enceintes acoustiques de JMC Lutherie continueront de vibrer","datePublished":"2020-03-18T07:53:24+00:00","mainEntityOfPage":{"@id":"https:\/\/itemm.fr\/itemm\/les-enceintes-acoustiques-de-jmc-lutherie-continueront-de-vibrer\/"},"wordCount":68,"publisher":{"@id":"https:\/\/itemm.fr\/itemm\/#organization"},"image":{"@id":"https:\/\/itemm.fr\/itemm\/les-enceintes-acoustiques-de-jmc-lutherie-continueront-de-vibrer\/#primaryimage"},"thumbnailUrl":"https:\/\/itemm.fr\/itemm\/wp-content\/uploads\/2020\/03\/UGuO_VNt_400x400.jpg","keywords":["transmission"],"articleSection":["informations m\u00e9tiers"],"inLanguage":"fr-FR"},{"@type":"WebPage","@id":"https:\/\/itemm.fr\/itemm\/les-enceintes-acoustiques-de-jmc-lutherie-continueront-de-vibrer\/","url":"https:\/\/itemm.fr\/itemm\/les-enceintes-acoustiques-de-jmc-lutherie-continueront-de-vibrer\/","name":"Les enceintes acoustiques de JMC Lutherie continueront de vibrer | Itemm -","isPartOf":{"@id":"https:\/\/itemm.fr\/itemm\/#website"},"primaryImageOfPage":{"@id":"https:\/\/itemm.fr\/itemm\/les-enceintes-acoustiques-de-jmc-lutherie-continueront-de-vibrer\/#primaryimage"},"image":{"@id":"https:\/\/itemm.fr\/itemm\/les-enceintes-acoustiques-de-jmc-lutherie-continueront-de-vibrer\/#primaryimage"},"thumbnailUrl":"https:\/\/itemm.fr\/itemm\/wp-content\/uploads\/2020\/03\/UGuO_VNt_400x400.jpg","datePublished":"2020-03-18T07:53:24+00:00","breadcrumb":{"@id":"https:\/\/itemm.fr\/itemm\/les-enceintes-acoustiques-de-jmc-lutherie-continueront-de-vibrer\/#breadcrumb"},"inLanguage":"fr-FR","potentialAction":[{"@type":"ReadAction","target":["https:\/\/itemm.fr\/itemm\/les-enceintes-acoustiques-de-jmc-lutherie-continueront-de-vibrer\/"]}]},{"@type":"ImageObject","inLanguage":"fr-FR","@id":"https:\/\/itemm.fr\/itemm\/les-enceintes-acoustiques-de-jmc-lutherie-continueront-de-vibrer\/#primaryimage","url":"https:\/\/itemm.fr\/itemm\/wp-content\/uploads\/2020\/03\/UGuO_VNt_400x400.jpg","contentUrl":"https:\/\/itemm.fr\/itemm\/wp-content\/uploads\/2020\/03\/UGuO_VNt_400x400.jpg","width":250,"height":250},{"@type":"BreadcrumbList","@id":"https:\/\/itemm.fr\/itemm\/les-enceintes-acoustiques-de-jmc-lutherie-continueront-de-vibrer\/#breadcrumb","itemListElement":[{"@type":"ListItem","position":1,"name":"Accueil","item":"https:\/\/itemm.fr\/itemm\/"},{"@type":"ListItem","position":2,"name":"Les enceintes acoustiques de JMC Lutherie continueront de vibrer"}]},{"@type":"WebSite","@id":"https:\/\/itemm.fr\/itemm\/#website","url":"https:\/\/itemm.fr\/itemm\/","name":"Itemm","description":"Institut technologique europ\u00e9en des m\u00e9tiers de la musique au Mans (72)","publisher":{"@id":"https:\/\/itemm.fr\/itemm\/#organization"},"potentialAction":[{"@type":"SearchAction","target":{"@type":"EntryPoint","urlTemplate":"https:\/\/itemm.fr\/itemm\/?s={search_term_string}"},"query-input":{"@type":"PropertyValueSpecification","valueRequired":true,"valueName":"search_term_string"}}],"inLanguage":"fr-FR"},{"@type":"Organization","@id":"https:\/\/itemm.fr\/itemm\/#organization","name":"ITEMM","alternateName":"ITEMM","url":"https:\/\/itemm.fr\/itemm\/","logo":{"@type":"ImageObject","inLanguage":"fr-FR","@id":"https:\/\/itemm.fr\/itemm\/#\/schema\/logo\/image\/","url":"https:\/\/itemm.fr\/itemm\/wp-content\/uploads\/2021\/12\/logo-itemm-piano-on.png","contentUrl":"https:\/\/itemm.fr\/itemm\/wp-content\/uploads\/2021\/12\/logo-itemm-piano-on.png","width":446,"height":294,"caption":"ITEMM"},"image":{"@id":"https:\/\/itemm.fr\/itemm\/#\/schema\/logo\/image\/"},"sameAs":["https:\/\/www.facebook.com\/itemm.lemans","https:\/\/www.instagram.com\/itemmlemans\/","https:\/\/www.linkedin.com\/in\/itemm\/"]},{"@type":"Person","@id":"https:\/\/itemm.fr\/itemm\/#\/schema\/person\/37d1ada7958a6232148f9ef96178ccd3","name":"cedric.charrier","image":{"@type":"ImageObject","inLanguage":"fr-FR","@id":"https:\/\/itemm.fr\/itemm\/wp-content\/litespeed\/avatar\/6b2a3f567f020e8b4afbfd33154a4be6.jpg?ver=1776860820","url":"https:\/\/itemm.fr\/itemm\/wp-content\/litespeed\/avatar\/6b2a3f567f020e8b4afbfd33154a4be6.jpg?ver=1776860820","contentUrl":"https:\/\/itemm.fr\/itemm\/wp-content\/litespeed\/avatar\/6b2a3f567f020e8b4afbfd33154a4be6.jpg?ver=1776860820","caption":"cedric.charrier"},"url":"https:\/\/itemm.fr\/itemm\/author\/cedric\/"}]}},"_links":{"self":[{"href":"https:\/\/itemm.fr\/itemm\/wp-json\/wp\/v2\/posts\/19444","targetHints":{"allow":["GET"]}}],"collection":[{"href":"https:\/\/itemm.fr\/itemm\/wp-json\/wp\/v2\/posts"}],"about":[{"href":"https:\/\/itemm.fr\/itemm\/wp-json\/wp\/v2\/types\/post"}],"author":[{"embeddable":true,"href":"https:\/\/itemm.fr\/itemm\/wp-json\/wp\/v2\/users\/3004"}],"replies":[{"embeddable":true,"href":"https:\/\/itemm.fr\/itemm\/wp-json\/wp\/v2\/comments?post=19444"}],"version-history":[{"count":0,"href":"https:\/\/itemm.fr\/itemm\/wp-json\/wp\/v2\/posts\/19444\/revisions"}],"wp:featuredmedia":[{"embeddable":true,"href":"https:\/\/itemm.fr\/itemm\/wp-json\/wp\/v2\/media\/19445"}],"wp:attachment":[{"href":"https:\/\/itemm.fr\/itemm\/wp-json\/wp\/v2\/media?parent=19444"}],"wp:term":[{"taxonomy":"category","embeddable":true,"href":"https:\/\/itemm.fr\/itemm\/wp-json\/wp\/v2\/categories?post=19444"},{"taxonomy":"post_tag","embeddable":true,"href":"https:\/\/itemm.fr\/itemm\/wp-json\/wp\/v2\/tags?post=19444"}],"curies":[{"name":"wp","href":"https:\/\/api.w.org\/{rel}","templated":true}]}}