{"id":19438,"date":"2020-03-13T17:11:28","date_gmt":"2020-03-13T16:11:28","guid":{"rendered":"https:\/\/itemm.fr\/itemm\/?p=19438"},"modified":"2020-03-16T17:26:43","modified_gmt":"2020-03-16T16:26:43","slug":"2010-2020-evolution-de-lartisanat","status":"publish","type":"post","link":"https:\/\/itemm.fr\/itemm\/2010-2020-evolution-de-lartisanat\/","title":{"rendered":"2010-2020 : \u00e9volution de l&#8217;artisanat"},"content":{"rendered":"<p><strong>Sur les 10 derni\u00e8res ann\u00e9es, l&#8217;image de l&#8217;artisanat a \u00e9volu\u00e9.<\/strong><\/p>\n<p>Ce changement a surtout \u00e9t\u00e9 marqu\u00e9 par l&#8217;accroissement important du r\u00e9gime micro-entrepreneur cr\u00e9\u00e9 en 2009.<\/p>\n<p>De plus, le secteur a beaucoup souffert de la crise \u00e9conomique entre 2011 et 2016.<\/p>\n<p>Concernant les cr\u00e9ations d&#8217;entreprises, celles-ci augmentent de nouveau en 2018 apr\u00e8s un ralentissement entre 2015 et 2017.<\/p>\n<p>2018 conna\u00eet \u00e9galement une reprise de la hausse des CA des entreprises artisanales sauf celles sans salari\u00e9, fragiles.<\/p>\n<p>Cependant, seulement 5 % des soci\u00e9t\u00e9s cr\u00e9\u00e9es emploient des salari\u00e9s au d\u00e9but de leur activit\u00e9.<\/p>\n<ul>\n<li>Alerte ISM, <em>12 mars 2020<\/em><\/li>\n<li>ISM<\/li>\n<\/ul>\n<p><img decoding=\"async\" class=\"alignnone size-full wp-image-12342\" src=\"https:\/\/itemm.fr\/itemm\/wp-content\/uploads\/2014\/01\/images2.jpeg\" alt=\"\" width=\"176\" height=\"98\" \/><\/p>\n<div id=\"corps_texte\">\n<div><\/div>\n<div><\/div>\n<\/div>\n","protected":false},"excerpt":{"rendered":"<p>Sur les 10 derni\u00e8res ann\u00e9es, l&#8217;image de l&#8217;artisanat a \u00e9volu\u00e9. Ce changement a surtout \u00e9t\u00e9 marqu\u00e9 par l&#8217;accroissement important du r\u00e9gime micro-entrepreneur cr\u00e9\u00e9 en 2009. De plus, le secteur a beaucoup souffert de la crise \u00e9conomique entre 2011 et 2016. Concernant les cr\u00e9ations d&#8217;entreprises, celles-ci augmentent de nouveau en 2018 apr\u00e8s un ralentissement entre 2015&hellip;<\/p>\n","protected":false},"author":3004,"featured_media":0,"comment_status":"closed","ping_status":"open","sticky":false,"template":"","format":"standard","meta":{"_acf_changed":false,"footnotes":""},"categories":[100],"tags":[],"class_list":["post-19438","post","type-post","status-publish","format-standard","hentry","category-informations-metiers","category-100","description-off"],"acf":[],"yoast_head":"<!-- This site is optimized with the Yoast SEO plugin v27.5 - https:\/\/yoast.com\/product\/yoast-seo-wordpress\/ -->\n<title>2010-2020 : \u00e9volution de l&#039;artisanat | Itemm -<\/title>\n<meta name=\"robots\" content=\"index, follow, max-snippet:-1, max-image-preview:large, max-video-preview:-1\" \/>\n<link rel=\"canonical\" href=\"https:\/\/itemm.fr\/itemm\/2010-2020-evolution-de-lartisanat\/\" \/>\n<meta property=\"og:locale\" content=\"fr_FR\" \/>\n<meta property=\"og:type\" content=\"article\" \/>\n<meta property=\"og:title\" content=\"2010-2020 : \u00e9volution de l&#039;artisanat | Itemm -\" \/>\n<meta property=\"og:description\" content=\"Sur les 10 derni\u00e8res ann\u00e9es, l&#8217;image de l&#8217;artisanat a \u00e9volu\u00e9. Ce changement a surtout \u00e9t\u00e9 marqu\u00e9 par l&#8217;accroissement important du r\u00e9gime micro-entrepreneur cr\u00e9\u00e9 en 2009. De plus, le secteur a beaucoup souffert de la crise \u00e9conomique entre 2011 et 2016. Concernant les cr\u00e9ations d&#8217;entreprises, celles-ci augmentent de nouveau en 2018 apr\u00e8s un ralentissement entre 2015&hellip;\" \/>\n<meta property=\"og:url\" content=\"https:\/\/itemm.fr\/itemm\/2010-2020-evolution-de-lartisanat\/\" \/>\n<meta property=\"og:site_name\" content=\"Itemm -\" \/>\n<meta property=\"article:publisher\" content=\"https:\/\/www.facebook.com\/itemm.lemans\" \/>\n<meta property=\"article:published_time\" content=\"2020-03-13T16:11:28+00:00\" \/>\n<meta property=\"article:modified_time\" content=\"2020-03-16T16:26:43+00:00\" \/>\n<meta property=\"og:image\" content=\"https:\/\/itemm.fr\/itemm\/wp-content\/uploads\/2014\/01\/images2.jpeg\" \/>\n<meta name=\"author\" content=\"cedric.charrier\" \/>\n<script type=\"application\/ld+json\" class=\"yoast-schema-graph\">{\"@context\":\"https:\\\/\\\/schema.org\",\"@graph\":[{\"@type\":\"Article\",\"@id\":\"https:\\\/\\\/itemm.fr\\\/itemm\\\/2010-2020-evolution-de-lartisanat\\\/#article\",\"isPartOf\":{\"@id\":\"https:\\\/\\\/itemm.fr\\\/itemm\\\/2010-2020-evolution-de-lartisanat\\\/\"},\"author\":{\"name\":\"cedric.charrier\",\"@id\":\"https:\\\/\\\/itemm.fr\\\/itemm\\\/#\\\/schema\\\/person\\\/4f12bdd558467246abb96a89a8f4cbb1\"},\"headline\":\"2010-2020 : \u00e9volution de l&#8217;artisanat\",\"datePublished\":\"2020-03-13T16:11:28+00:00\",\"dateModified\":\"2020-03-16T16:26:43+00:00\",\"mainEntityOfPage\":{\"@id\":\"https:\\\/\\\/itemm.fr\\\/itemm\\\/2010-2020-evolution-de-lartisanat\\\/\"},\"wordCount\":104,\"publisher\":{\"@id\":\"https:\\\/\\\/itemm.fr\\\/itemm\\\/#organization\"},\"image\":{\"@id\":\"https:\\\/\\\/itemm.fr\\\/itemm\\\/2010-2020-evolution-de-lartisanat\\\/#primaryimage\"},\"thumbnailUrl\":\"https:\\\/\\\/itemm.fr\\\/itemm\\\/wp-content\\\/uploads\\\/2014\\\/01\\\/images2.jpeg\",\"articleSection\":[\"informations m\u00e9tiers\"],\"inLanguage\":\"fr-FR\"},{\"@type\":\"WebPage\",\"@id\":\"https:\\\/\\\/itemm.fr\\\/itemm\\\/2010-2020-evolution-de-lartisanat\\\/\",\"url\":\"https:\\\/\\\/itemm.fr\\\/itemm\\\/2010-2020-evolution-de-lartisanat\\\/\",\"name\":\"2010-2020 : \u00e9volution de l'artisanat | Itemm -\",\"isPartOf\":{\"@id\":\"https:\\\/\\\/itemm.fr\\\/itemm\\\/#website\"},\"primaryImageOfPage\":{\"@id\":\"https:\\\/\\\/itemm.fr\\\/itemm\\\/2010-2020-evolution-de-lartisanat\\\/#primaryimage\"},\"image\":{\"@id\":\"https:\\\/\\\/itemm.fr\\\/itemm\\\/2010-2020-evolution-de-lartisanat\\\/#primaryimage\"},\"thumbnailUrl\":\"https:\\\/\\\/itemm.fr\\\/itemm\\\/wp-content\\\/uploads\\\/2014\\\/01\\\/images2.jpeg\",\"datePublished\":\"2020-03-13T16:11:28+00:00\",\"dateModified\":\"2020-03-16T16:26:43+00:00\",\"breadcrumb\":{\"@id\":\"https:\\\/\\\/itemm.fr\\\/itemm\\\/2010-2020-evolution-de-lartisanat\\\/#breadcrumb\"},\"inLanguage\":\"fr-FR\",\"potentialAction\":[{\"@type\":\"ReadAction\",\"target\":[\"https:\\\/\\\/itemm.fr\\\/itemm\\\/2010-2020-evolution-de-lartisanat\\\/\"]}]},{\"@type\":\"ImageObject\",\"inLanguage\":\"fr-FR\",\"@id\":\"https:\\\/\\\/itemm.fr\\\/itemm\\\/2010-2020-evolution-de-lartisanat\\\/#primaryimage\",\"url\":\"https:\\\/\\\/itemm.fr\\\/itemm\\\/wp-content\\\/uploads\\\/2014\\\/01\\\/images2.jpeg\",\"contentUrl\":\"https:\\\/\\\/itemm.fr\\\/itemm\\\/wp-content\\\/uploads\\\/2014\\\/01\\\/images2.jpeg\"},{\"@type\":\"BreadcrumbList\",\"@id\":\"https:\\\/\\\/itemm.fr\\\/itemm\\\/2010-2020-evolution-de-lartisanat\\\/#breadcrumb\",\"itemListElement\":[{\"@type\":\"ListItem\",\"position\":1,\"name\":\"Accueil\",\"item\":\"https:\\\/\\\/itemm.fr\\\/itemm\\\/\"},{\"@type\":\"ListItem\",\"position\":2,\"name\":\"2010-2020 : \u00e9volution de l&#8217;artisanat\"}]},{\"@type\":\"WebSite\",\"@id\":\"https:\\\/\\\/itemm.fr\\\/itemm\\\/#website\",\"url\":\"https:\\\/\\\/itemm.fr\\\/itemm\\\/\",\"name\":\"Itemm\",\"description\":\"Institut technologique europ\u00e9en des m\u00e9tiers de la musique au Mans (72)\",\"publisher\":{\"@id\":\"https:\\\/\\\/itemm.fr\\\/itemm\\\/#organization\"},\"potentialAction\":[{\"@type\":\"SearchAction\",\"target\":{\"@type\":\"EntryPoint\",\"urlTemplate\":\"https:\\\/\\\/itemm.fr\\\/itemm\\\/?s={search_term_string}\"},\"query-input\":{\"@type\":\"PropertyValueSpecification\",\"valueRequired\":true,\"valueName\":\"search_term_string\"}}],\"inLanguage\":\"fr-FR\"},{\"@type\":\"Organization\",\"@id\":\"https:\\\/\\\/itemm.fr\\\/itemm\\\/#organization\",\"name\":\"ITEMM\",\"alternateName\":\"ITEMM\",\"url\":\"https:\\\/\\\/itemm.fr\\\/itemm\\\/\",\"logo\":{\"@type\":\"ImageObject\",\"inLanguage\":\"fr-FR\",\"@id\":\"https:\\\/\\\/itemm.fr\\\/itemm\\\/#\\\/schema\\\/logo\\\/image\\\/\",\"url\":\"https:\\\/\\\/itemm.fr\\\/itemm\\\/wp-content\\\/uploads\\\/2021\\\/12\\\/logo-itemm-piano-on.png\",\"contentUrl\":\"https:\\\/\\\/itemm.fr\\\/itemm\\\/wp-content\\\/uploads\\\/2021\\\/12\\\/logo-itemm-piano-on.png\",\"width\":446,\"height\":294,\"caption\":\"ITEMM\"},\"image\":{\"@id\":\"https:\\\/\\\/itemm.fr\\\/itemm\\\/#\\\/schema\\\/logo\\\/image\\\/\"},\"sameAs\":[\"https:\\\/\\\/www.facebook.com\\\/itemm.lemans\",\"https:\\\/\\\/www.instagram.com\\\/itemmlemans\\\/\",\"https:\\\/\\\/www.linkedin.com\\\/in\\\/itemm\\\/\"]},{\"@type\":\"Person\",\"@id\":\"https:\\\/\\\/itemm.fr\\\/itemm\\\/#\\\/schema\\\/person\\\/4f12bdd558467246abb96a89a8f4cbb1\",\"name\":\"cedric.charrier\",\"image\":{\"@type\":\"ImageObject\",\"inLanguage\":\"fr-FR\",\"@id\":\"https:\\\/\\\/itemm.fr\\\/itemm\\\/wp-content\\\/litespeed\\\/avatar\\\/6b2a3f567f020e8b4afbfd33154a4be6.jpg?ver=1777465861\",\"url\":\"https:\\\/\\\/itemm.fr\\\/itemm\\\/wp-content\\\/litespeed\\\/avatar\\\/6b2a3f567f020e8b4afbfd33154a4be6.jpg?ver=1777465861\",\"contentUrl\":\"https:\\\/\\\/itemm.fr\\\/itemm\\\/wp-content\\\/litespeed\\\/avatar\\\/6b2a3f567f020e8b4afbfd33154a4be6.jpg?ver=1777465861\",\"caption\":\"cedric.charrier\"},\"url\":\"https:\\\/\\\/itemm.fr\\\/itemm\\\/author\\\/cedric\\\/\"}]}<\/script>\n<!-- \/ Yoast SEO plugin. -->","yoast_head_json":{"title":"2010-2020 : \u00e9volution de l'artisanat | Itemm -","robots":{"index":"index","follow":"follow","max-snippet":"max-snippet:-1","max-image-preview":"max-image-preview:large","max-video-preview":"max-video-preview:-1"},"canonical":"https:\/\/itemm.fr\/itemm\/2010-2020-evolution-de-lartisanat\/","og_locale":"fr_FR","og_type":"article","og_title":"2010-2020 : \u00e9volution de l'artisanat | Itemm -","og_description":"Sur les 10 derni\u00e8res ann\u00e9es, l&#8217;image de l&#8217;artisanat a \u00e9volu\u00e9. Ce changement a surtout \u00e9t\u00e9 marqu\u00e9 par l&#8217;accroissement important du r\u00e9gime micro-entrepreneur cr\u00e9\u00e9 en 2009. De plus, le secteur a beaucoup souffert de la crise \u00e9conomique entre 2011 et 2016. Concernant les cr\u00e9ations d&#8217;entreprises, celles-ci augmentent de nouveau en 2018 apr\u00e8s un ralentissement entre 2015&hellip;","og_url":"https:\/\/itemm.fr\/itemm\/2010-2020-evolution-de-lartisanat\/","og_site_name":"Itemm -","article_publisher":"https:\/\/www.facebook.com\/itemm.lemans","article_published_time":"2020-03-13T16:11:28+00:00","article_modified_time":"2020-03-16T16:26:43+00:00","og_image":[{"url":"https:\/\/itemm.fr\/itemm\/wp-content\/uploads\/2014\/01\/images2.jpeg","type":"","width":"","height":""}],"author":"cedric.charrier","schema":{"@context":"https:\/\/schema.org","@graph":[{"@type":"Article","@id":"https:\/\/itemm.fr\/itemm\/2010-2020-evolution-de-lartisanat\/#article","isPartOf":{"@id":"https:\/\/itemm.fr\/itemm\/2010-2020-evolution-de-lartisanat\/"},"author":{"name":"cedric.charrier","@id":"https:\/\/itemm.fr\/itemm\/#\/schema\/person\/4f12bdd558467246abb96a89a8f4cbb1"},"headline":"2010-2020 : \u00e9volution de l&#8217;artisanat","datePublished":"2020-03-13T16:11:28+00:00","dateModified":"2020-03-16T16:26:43+00:00","mainEntityOfPage":{"@id":"https:\/\/itemm.fr\/itemm\/2010-2020-evolution-de-lartisanat\/"},"wordCount":104,"publisher":{"@id":"https:\/\/itemm.fr\/itemm\/#organization"},"image":{"@id":"https:\/\/itemm.fr\/itemm\/2010-2020-evolution-de-lartisanat\/#primaryimage"},"thumbnailUrl":"https:\/\/itemm.fr\/itemm\/wp-content\/uploads\/2014\/01\/images2.jpeg","articleSection":["informations m\u00e9tiers"],"inLanguage":"fr-FR"},{"@type":"WebPage","@id":"https:\/\/itemm.fr\/itemm\/2010-2020-evolution-de-lartisanat\/","url":"https:\/\/itemm.fr\/itemm\/2010-2020-evolution-de-lartisanat\/","name":"2010-2020 : \u00e9volution de l'artisanat | Itemm -","isPartOf":{"@id":"https:\/\/itemm.fr\/itemm\/#website"},"primaryImageOfPage":{"@id":"https:\/\/itemm.fr\/itemm\/2010-2020-evolution-de-lartisanat\/#primaryimage"},"image":{"@id":"https:\/\/itemm.fr\/itemm\/2010-2020-evolution-de-lartisanat\/#primaryimage"},"thumbnailUrl":"https:\/\/itemm.fr\/itemm\/wp-content\/uploads\/2014\/01\/images2.jpeg","datePublished":"2020-03-13T16:11:28+00:00","dateModified":"2020-03-16T16:26:43+00:00","breadcrumb":{"@id":"https:\/\/itemm.fr\/itemm\/2010-2020-evolution-de-lartisanat\/#breadcrumb"},"inLanguage":"fr-FR","potentialAction":[{"@type":"ReadAction","target":["https:\/\/itemm.fr\/itemm\/2010-2020-evolution-de-lartisanat\/"]}]},{"@type":"ImageObject","inLanguage":"fr-FR","@id":"https:\/\/itemm.fr\/itemm\/2010-2020-evolution-de-lartisanat\/#primaryimage","url":"https:\/\/itemm.fr\/itemm\/wp-content\/uploads\/2014\/01\/images2.jpeg","contentUrl":"https:\/\/itemm.fr\/itemm\/wp-content\/uploads\/2014\/01\/images2.jpeg"},{"@type":"BreadcrumbList","@id":"https:\/\/itemm.fr\/itemm\/2010-2020-evolution-de-lartisanat\/#breadcrumb","itemListElement":[{"@type":"ListItem","position":1,"name":"Accueil","item":"https:\/\/itemm.fr\/itemm\/"},{"@type":"ListItem","position":2,"name":"2010-2020 : \u00e9volution de l&#8217;artisanat"}]},{"@type":"WebSite","@id":"https:\/\/itemm.fr\/itemm\/#website","url":"https:\/\/itemm.fr\/itemm\/","name":"Itemm","description":"Institut technologique europ\u00e9en des m\u00e9tiers de la musique au Mans (72)","publisher":{"@id":"https:\/\/itemm.fr\/itemm\/#organization"},"potentialAction":[{"@type":"SearchAction","target":{"@type":"EntryPoint","urlTemplate":"https:\/\/itemm.fr\/itemm\/?s={search_term_string}"},"query-input":{"@type":"PropertyValueSpecification","valueRequired":true,"valueName":"search_term_string"}}],"inLanguage":"fr-FR"},{"@type":"Organization","@id":"https:\/\/itemm.fr\/itemm\/#organization","name":"ITEMM","alternateName":"ITEMM","url":"https:\/\/itemm.fr\/itemm\/","logo":{"@type":"ImageObject","inLanguage":"fr-FR","@id":"https:\/\/itemm.fr\/itemm\/#\/schema\/logo\/image\/","url":"https:\/\/itemm.fr\/itemm\/wp-content\/uploads\/2021\/12\/logo-itemm-piano-on.png","contentUrl":"https:\/\/itemm.fr\/itemm\/wp-content\/uploads\/2021\/12\/logo-itemm-piano-on.png","width":446,"height":294,"caption":"ITEMM"},"image":{"@id":"https:\/\/itemm.fr\/itemm\/#\/schema\/logo\/image\/"},"sameAs":["https:\/\/www.facebook.com\/itemm.lemans","https:\/\/www.instagram.com\/itemmlemans\/","https:\/\/www.linkedin.com\/in\/itemm\/"]},{"@type":"Person","@id":"https:\/\/itemm.fr\/itemm\/#\/schema\/person\/4f12bdd558467246abb96a89a8f4cbb1","name":"cedric.charrier","image":{"@type":"ImageObject","inLanguage":"fr-FR","@id":"https:\/\/itemm.fr\/itemm\/wp-content\/litespeed\/avatar\/6b2a3f567f020e8b4afbfd33154a4be6.jpg?ver=1777465861","url":"https:\/\/itemm.fr\/itemm\/wp-content\/litespeed\/avatar\/6b2a3f567f020e8b4afbfd33154a4be6.jpg?ver=1777465861","contentUrl":"https:\/\/itemm.fr\/itemm\/wp-content\/litespeed\/avatar\/6b2a3f567f020e8b4afbfd33154a4be6.jpg?ver=1777465861","caption":"cedric.charrier"},"url":"https:\/\/itemm.fr\/itemm\/author\/cedric\/"}]}},"_links":{"self":[{"href":"https:\/\/itemm.fr\/itemm\/wp-json\/wp\/v2\/posts\/19438","targetHints":{"allow":["GET"]}}],"collection":[{"href":"https:\/\/itemm.fr\/itemm\/wp-json\/wp\/v2\/posts"}],"about":[{"href":"https:\/\/itemm.fr\/itemm\/wp-json\/wp\/v2\/types\/post"}],"author":[{"embeddable":true,"href":"https:\/\/itemm.fr\/itemm\/wp-json\/wp\/v2\/users\/3004"}],"replies":[{"embeddable":true,"href":"https:\/\/itemm.fr\/itemm\/wp-json\/wp\/v2\/comments?post=19438"}],"version-history":[{"count":0,"href":"https:\/\/itemm.fr\/itemm\/wp-json\/wp\/v2\/posts\/19438\/revisions"}],"wp:attachment":[{"href":"https:\/\/itemm.fr\/itemm\/wp-json\/wp\/v2\/media?parent=19438"}],"wp:term":[{"taxonomy":"category","embeddable":true,"href":"https:\/\/itemm.fr\/itemm\/wp-json\/wp\/v2\/categories?post=19438"},{"taxonomy":"post_tag","embeddable":true,"href":"https:\/\/itemm.fr\/itemm\/wp-json\/wp\/v2\/tags?post=19438"}],"curies":[{"name":"wp","href":"https:\/\/api.w.org\/{rel}","templated":true}]}}