{"id":19033,"date":"2019-11-23T17:14:29","date_gmt":"2019-11-23T16:14:29","guid":{"rendered":"https:\/\/itemm.fr\/itemm\/?p=19033"},"modified":"2019-11-26T17:20:47","modified_gmt":"2019-11-26T16:20:47","slug":"exclusif-de-grands-bouleversements-a-venir-pour-les-metiers-dart-et-le-design","status":"publish","type":"post","link":"https:\/\/itemm.fr\/itemm\/exclusif-de-grands-bouleversements-a-venir-pour-les-metiers-dart-et-le-design\/","title":{"rendered":"EXCLUSIF \u2013 De grands bouleversements \u00e0 venir pour les m\u00e9tiers d\u2019art et le design"},"content":{"rendered":"<p><strong><img fetchpriority=\"high\" decoding=\"async\" class=\"size-medium wp-image-19035 alignleft\" src=\"https:\/\/itemm.fr\/itemm\/wp-content\/uploads\/2019\/11\/Luthier-lutherie-guitare-e1574341808405-300x169.jpg\" alt=\"\" width=\"300\" height=\"169\" \/>EXCLUSIF \u2013 Lundi 25 novembre aura lieu la pr\u00e9sentation d\u2019une nouvelle convention collective \u00e0 destination des cr\u00e9ateurs et des entreprises de gestion d\u2019\u0153uvres d\u2019art, de m\u00e9tiers d\u2019art (dont la facture instrumentale) et de design. Cette convention est autant un bouleversement \u00e9conomique majeur pour les professionnels en m\u00eame temps que la reconnaissance de m\u00e9tiers sp\u00e9cifiques. (&#8230;)<\/strong><\/p>\n<p>L&#8217;int\u00e9gralit\u00e9 de l&#8217;article est disponible ici : <a href=\"https:\/\/www.profession-spectacle.com\/nouvelle-convention-collective-grand-bouleversement-a-venir-pour-la-facture-instrumentale\/?fbclid=IwAR0f9kxjev0axGAW2QpFUCIFmghI9f0ufoH5RHhyHRkCDOpAI_bMy01ggqE\" target=\"_blank\" rel=\"noopener noreferrer\">https:\/\/www.profession-spectacle.com\/nouvelle-convention-collective-grand-bouleversement-a-venir-pour-la-facture-instrumentale\/?fbclid=IwAR0f9kxjev0axGAW2QpFUCIFmghI9f0ufoH5RHhyHRkCDOpAI_bMy01ggqE<\/a><\/p>\n<ul>\n<li style=\"list-style-type: none;\">\n<ul>\n<li>Profession Spectacle, <em>22 novembre 2019<\/em><\/li>\n<li>P. Monastier<\/li>\n<\/ul>\n<\/li>\n<\/ul>\n<p><img decoding=\"async\" class=\"alignnone wp-image-19034\" src=\"https:\/\/itemm.fr\/itemm\/wp-content\/uploads\/2019\/11\/55813620_2604522112952482_7871185687758766080_n-300x300.png\" alt=\"\" width=\"178\" height=\"178\" \/><\/p>\n","protected":false},"excerpt":{"rendered":"<p>EXCLUSIF \u2013 Lundi 25 novembre aura lieu la pr\u00e9sentation d\u2019une nouvelle convention collective \u00e0 destination des cr\u00e9ateurs et des entreprises de gestion d\u2019\u0153uvres d\u2019art, de m\u00e9tiers d\u2019art (dont la facture instrumentale) et de design. Cette convention est autant un bouleversement \u00e9conomique majeur pour les professionnels en m\u00eame temps que la reconnaissance de m\u00e9tiers sp\u00e9cifiques. (&#8230;)&hellip;<\/p>\n","protected":false},"author":3004,"featured_media":0,"comment_status":"closed","ping_status":"open","sticky":false,"template":"","format":"standard","meta":{"_acf_changed":false,"footnotes":""},"categories":[100],"tags":[],"class_list":["post-19033","post","type-post","status-publish","format-standard","hentry","category-informations-metiers","category-100","description-off"],"acf":[],"yoast_head":"<!-- This site is optimized with the Yoast SEO plugin v27.5 - https:\/\/yoast.com\/product\/yoast-seo-wordpress\/ -->\n<title>EXCLUSIF \u2013 De grands bouleversements \u00e0 venir pour les m\u00e9tiers d\u2019art et le design | Itemm -<\/title>\n<meta name=\"robots\" content=\"index, follow, max-snippet:-1, max-image-preview:large, max-video-preview:-1\" \/>\n<link rel=\"canonical\" href=\"https:\/\/itemm.fr\/itemm\/exclusif-de-grands-bouleversements-a-venir-pour-les-metiers-dart-et-le-design\/\" \/>\n<meta property=\"og:locale\" content=\"fr_FR\" \/>\n<meta property=\"og:type\" content=\"article\" \/>\n<meta property=\"og:title\" content=\"EXCLUSIF \u2013 De grands bouleversements \u00e0 venir pour les m\u00e9tiers d\u2019art et le design | Itemm -\" \/>\n<meta property=\"og:description\" content=\"EXCLUSIF \u2013 Lundi 25 novembre aura lieu la pr\u00e9sentation d\u2019une nouvelle convention collective \u00e0 destination des cr\u00e9ateurs et des entreprises de gestion d\u2019\u0153uvres d\u2019art, de m\u00e9tiers d\u2019art (dont la facture instrumentale) et de design. Cette convention est autant un bouleversement \u00e9conomique majeur pour les professionnels en m\u00eame temps que la reconnaissance de m\u00e9tiers sp\u00e9cifiques. (&#8230;)&hellip;\" \/>\n<meta property=\"og:url\" content=\"https:\/\/itemm.fr\/itemm\/exclusif-de-grands-bouleversements-a-venir-pour-les-metiers-dart-et-le-design\/\" \/>\n<meta property=\"og:site_name\" content=\"Itemm -\" \/>\n<meta property=\"article:publisher\" content=\"https:\/\/www.facebook.com\/itemm.lemans\" \/>\n<meta property=\"article:published_time\" content=\"2019-11-23T16:14:29+00:00\" \/>\n<meta property=\"article:modified_time\" content=\"2019-11-26T16:20:47+00:00\" \/>\n<meta property=\"og:image\" content=\"https:\/\/itemm.fr\/itemm\/wp-content\/uploads\/2019\/11\/Luthier-lutherie-guitare-e1574341808405-300x169.jpg\" \/>\n<meta name=\"author\" content=\"cedric.charrier\" \/>\n<script type=\"application\/ld+json\" class=\"yoast-schema-graph\">{\"@context\":\"https:\\\/\\\/schema.org\",\"@graph\":[{\"@type\":\"Article\",\"@id\":\"https:\\\/\\\/itemm.fr\\\/itemm\\\/exclusif-de-grands-bouleversements-a-venir-pour-les-metiers-dart-et-le-design\\\/#article\",\"isPartOf\":{\"@id\":\"https:\\\/\\\/itemm.fr\\\/itemm\\\/exclusif-de-grands-bouleversements-a-venir-pour-les-metiers-dart-et-le-design\\\/\"},\"author\":{\"name\":\"cedric.charrier\",\"@id\":\"https:\\\/\\\/itemm.fr\\\/itemm\\\/#\\\/schema\\\/person\\\/4f12bdd558467246abb96a89a8f4cbb1\"},\"headline\":\"EXCLUSIF \u2013 De grands bouleversements \u00e0 venir pour les m\u00e9tiers d\u2019art et le design\",\"datePublished\":\"2019-11-23T16:14:29+00:00\",\"dateModified\":\"2019-11-26T16:20:47+00:00\",\"mainEntityOfPage\":{\"@id\":\"https:\\\/\\\/itemm.fr\\\/itemm\\\/exclusif-de-grands-bouleversements-a-venir-pour-les-metiers-dart-et-le-design\\\/\"},\"wordCount\":105,\"publisher\":{\"@id\":\"https:\\\/\\\/itemm.fr\\\/itemm\\\/#organization\"},\"image\":{\"@id\":\"https:\\\/\\\/itemm.fr\\\/itemm\\\/exclusif-de-grands-bouleversements-a-venir-pour-les-metiers-dart-et-le-design\\\/#primaryimage\"},\"thumbnailUrl\":\"https:\\\/\\\/itemm.fr\\\/itemm\\\/wp-content\\\/uploads\\\/2019\\\/11\\\/Luthier-lutherie-guitare-e1574341808405-300x169.jpg\",\"articleSection\":[\"informations m\u00e9tiers\"],\"inLanguage\":\"fr-FR\"},{\"@type\":\"WebPage\",\"@id\":\"https:\\\/\\\/itemm.fr\\\/itemm\\\/exclusif-de-grands-bouleversements-a-venir-pour-les-metiers-dart-et-le-design\\\/\",\"url\":\"https:\\\/\\\/itemm.fr\\\/itemm\\\/exclusif-de-grands-bouleversements-a-venir-pour-les-metiers-dart-et-le-design\\\/\",\"name\":\"EXCLUSIF \u2013 De grands bouleversements \u00e0 venir pour les m\u00e9tiers d\u2019art et le design | Itemm -\",\"isPartOf\":{\"@id\":\"https:\\\/\\\/itemm.fr\\\/itemm\\\/#website\"},\"primaryImageOfPage\":{\"@id\":\"https:\\\/\\\/itemm.fr\\\/itemm\\\/exclusif-de-grands-bouleversements-a-venir-pour-les-metiers-dart-et-le-design\\\/#primaryimage\"},\"image\":{\"@id\":\"https:\\\/\\\/itemm.fr\\\/itemm\\\/exclusif-de-grands-bouleversements-a-venir-pour-les-metiers-dart-et-le-design\\\/#primaryimage\"},\"thumbnailUrl\":\"https:\\\/\\\/itemm.fr\\\/itemm\\\/wp-content\\\/uploads\\\/2019\\\/11\\\/Luthier-lutherie-guitare-e1574341808405-300x169.jpg\",\"datePublished\":\"2019-11-23T16:14:29+00:00\",\"dateModified\":\"2019-11-26T16:20:47+00:00\",\"breadcrumb\":{\"@id\":\"https:\\\/\\\/itemm.fr\\\/itemm\\\/exclusif-de-grands-bouleversements-a-venir-pour-les-metiers-dart-et-le-design\\\/#breadcrumb\"},\"inLanguage\":\"fr-FR\",\"potentialAction\":[{\"@type\":\"ReadAction\",\"target\":[\"https:\\\/\\\/itemm.fr\\\/itemm\\\/exclusif-de-grands-bouleversements-a-venir-pour-les-metiers-dart-et-le-design\\\/\"]}]},{\"@type\":\"ImageObject\",\"inLanguage\":\"fr-FR\",\"@id\":\"https:\\\/\\\/itemm.fr\\\/itemm\\\/exclusif-de-grands-bouleversements-a-venir-pour-les-metiers-dart-et-le-design\\\/#primaryimage\",\"url\":\"https:\\\/\\\/itemm.fr\\\/itemm\\\/wp-content\\\/uploads\\\/2019\\\/11\\\/Luthier-lutherie-guitare-e1574341808405-300x169.jpg\",\"contentUrl\":\"https:\\\/\\\/itemm.fr\\\/itemm\\\/wp-content\\\/uploads\\\/2019\\\/11\\\/Luthier-lutherie-guitare-e1574341808405-300x169.jpg\"},{\"@type\":\"BreadcrumbList\",\"@id\":\"https:\\\/\\\/itemm.fr\\\/itemm\\\/exclusif-de-grands-bouleversements-a-venir-pour-les-metiers-dart-et-le-design\\\/#breadcrumb\",\"itemListElement\":[{\"@type\":\"ListItem\",\"position\":1,\"name\":\"Accueil\",\"item\":\"https:\\\/\\\/itemm.fr\\\/itemm\\\/\"},{\"@type\":\"ListItem\",\"position\":2,\"name\":\"EXCLUSIF \u2013 De grands bouleversements \u00e0 venir pour les m\u00e9tiers d\u2019art et le design\"}]},{\"@type\":\"WebSite\",\"@id\":\"https:\\\/\\\/itemm.fr\\\/itemm\\\/#website\",\"url\":\"https:\\\/\\\/itemm.fr\\\/itemm\\\/\",\"name\":\"Itemm\",\"description\":\"Institut technologique europ\u00e9en des m\u00e9tiers de la musique au Mans (72)\",\"publisher\":{\"@id\":\"https:\\\/\\\/itemm.fr\\\/itemm\\\/#organization\"},\"potentialAction\":[{\"@type\":\"SearchAction\",\"target\":{\"@type\":\"EntryPoint\",\"urlTemplate\":\"https:\\\/\\\/itemm.fr\\\/itemm\\\/?s={search_term_string}\"},\"query-input\":{\"@type\":\"PropertyValueSpecification\",\"valueRequired\":true,\"valueName\":\"search_term_string\"}}],\"inLanguage\":\"fr-FR\"},{\"@type\":\"Organization\",\"@id\":\"https:\\\/\\\/itemm.fr\\\/itemm\\\/#organization\",\"name\":\"ITEMM\",\"alternateName\":\"ITEMM\",\"url\":\"https:\\\/\\\/itemm.fr\\\/itemm\\\/\",\"logo\":{\"@type\":\"ImageObject\",\"inLanguage\":\"fr-FR\",\"@id\":\"https:\\\/\\\/itemm.fr\\\/itemm\\\/#\\\/schema\\\/logo\\\/image\\\/\",\"url\":\"https:\\\/\\\/itemm.fr\\\/itemm\\\/wp-content\\\/uploads\\\/2021\\\/12\\\/logo-itemm-piano-on.png\",\"contentUrl\":\"https:\\\/\\\/itemm.fr\\\/itemm\\\/wp-content\\\/uploads\\\/2021\\\/12\\\/logo-itemm-piano-on.png\",\"width\":446,\"height\":294,\"caption\":\"ITEMM\"},\"image\":{\"@id\":\"https:\\\/\\\/itemm.fr\\\/itemm\\\/#\\\/schema\\\/logo\\\/image\\\/\"},\"sameAs\":[\"https:\\\/\\\/www.facebook.com\\\/itemm.lemans\",\"https:\\\/\\\/www.instagram.com\\\/itemmlemans\\\/\",\"https:\\\/\\\/www.linkedin.com\\\/in\\\/itemm\\\/\"]},{\"@type\":\"Person\",\"@id\":\"https:\\\/\\\/itemm.fr\\\/itemm\\\/#\\\/schema\\\/person\\\/4f12bdd558467246abb96a89a8f4cbb1\",\"name\":\"cedric.charrier\",\"image\":{\"@type\":\"ImageObject\",\"inLanguage\":\"fr-FR\",\"@id\":\"https:\\\/\\\/itemm.fr\\\/itemm\\\/wp-content\\\/litespeed\\\/avatar\\\/6b2a3f567f020e8b4afbfd33154a4be6.jpg?ver=1777465861\",\"url\":\"https:\\\/\\\/itemm.fr\\\/itemm\\\/wp-content\\\/litespeed\\\/avatar\\\/6b2a3f567f020e8b4afbfd33154a4be6.jpg?ver=1777465861\",\"contentUrl\":\"https:\\\/\\\/itemm.fr\\\/itemm\\\/wp-content\\\/litespeed\\\/avatar\\\/6b2a3f567f020e8b4afbfd33154a4be6.jpg?ver=1777465861\",\"caption\":\"cedric.charrier\"},\"url\":\"https:\\\/\\\/itemm.fr\\\/itemm\\\/author\\\/cedric\\\/\"}]}<\/script>\n<!-- \/ Yoast SEO plugin. -->","yoast_head_json":{"title":"EXCLUSIF \u2013 De grands bouleversements \u00e0 venir pour les m\u00e9tiers d\u2019art et le design | Itemm -","robots":{"index":"index","follow":"follow","max-snippet":"max-snippet:-1","max-image-preview":"max-image-preview:large","max-video-preview":"max-video-preview:-1"},"canonical":"https:\/\/itemm.fr\/itemm\/exclusif-de-grands-bouleversements-a-venir-pour-les-metiers-dart-et-le-design\/","og_locale":"fr_FR","og_type":"article","og_title":"EXCLUSIF \u2013 De grands bouleversements \u00e0 venir pour les m\u00e9tiers d\u2019art et le design | Itemm -","og_description":"EXCLUSIF \u2013 Lundi 25 novembre aura lieu la pr\u00e9sentation d\u2019une nouvelle convention collective \u00e0 destination des cr\u00e9ateurs et des entreprises de gestion d\u2019\u0153uvres d\u2019art, de m\u00e9tiers d\u2019art (dont la facture instrumentale) et de design. Cette convention est autant un bouleversement \u00e9conomique majeur pour les professionnels en m\u00eame temps que la reconnaissance de m\u00e9tiers sp\u00e9cifiques. (&#8230;)&hellip;","og_url":"https:\/\/itemm.fr\/itemm\/exclusif-de-grands-bouleversements-a-venir-pour-les-metiers-dart-et-le-design\/","og_site_name":"Itemm -","article_publisher":"https:\/\/www.facebook.com\/itemm.lemans","article_published_time":"2019-11-23T16:14:29+00:00","article_modified_time":"2019-11-26T16:20:47+00:00","og_image":[{"url":"https:\/\/itemm.fr\/itemm\/wp-content\/uploads\/2019\/11\/Luthier-lutherie-guitare-e1574341808405-300x169.jpg","type":"","width":"","height":""}],"author":"cedric.charrier","schema":{"@context":"https:\/\/schema.org","@graph":[{"@type":"Article","@id":"https:\/\/itemm.fr\/itemm\/exclusif-de-grands-bouleversements-a-venir-pour-les-metiers-dart-et-le-design\/#article","isPartOf":{"@id":"https:\/\/itemm.fr\/itemm\/exclusif-de-grands-bouleversements-a-venir-pour-les-metiers-dart-et-le-design\/"},"author":{"name":"cedric.charrier","@id":"https:\/\/itemm.fr\/itemm\/#\/schema\/person\/4f12bdd558467246abb96a89a8f4cbb1"},"headline":"EXCLUSIF \u2013 De grands bouleversements \u00e0 venir pour les m\u00e9tiers d\u2019art et le design","datePublished":"2019-11-23T16:14:29+00:00","dateModified":"2019-11-26T16:20:47+00:00","mainEntityOfPage":{"@id":"https:\/\/itemm.fr\/itemm\/exclusif-de-grands-bouleversements-a-venir-pour-les-metiers-dart-et-le-design\/"},"wordCount":105,"publisher":{"@id":"https:\/\/itemm.fr\/itemm\/#organization"},"image":{"@id":"https:\/\/itemm.fr\/itemm\/exclusif-de-grands-bouleversements-a-venir-pour-les-metiers-dart-et-le-design\/#primaryimage"},"thumbnailUrl":"https:\/\/itemm.fr\/itemm\/wp-content\/uploads\/2019\/11\/Luthier-lutherie-guitare-e1574341808405-300x169.jpg","articleSection":["informations m\u00e9tiers"],"inLanguage":"fr-FR"},{"@type":"WebPage","@id":"https:\/\/itemm.fr\/itemm\/exclusif-de-grands-bouleversements-a-venir-pour-les-metiers-dart-et-le-design\/","url":"https:\/\/itemm.fr\/itemm\/exclusif-de-grands-bouleversements-a-venir-pour-les-metiers-dart-et-le-design\/","name":"EXCLUSIF \u2013 De grands bouleversements \u00e0 venir pour les m\u00e9tiers d\u2019art et le design | Itemm -","isPartOf":{"@id":"https:\/\/itemm.fr\/itemm\/#website"},"primaryImageOfPage":{"@id":"https:\/\/itemm.fr\/itemm\/exclusif-de-grands-bouleversements-a-venir-pour-les-metiers-dart-et-le-design\/#primaryimage"},"image":{"@id":"https:\/\/itemm.fr\/itemm\/exclusif-de-grands-bouleversements-a-venir-pour-les-metiers-dart-et-le-design\/#primaryimage"},"thumbnailUrl":"https:\/\/itemm.fr\/itemm\/wp-content\/uploads\/2019\/11\/Luthier-lutherie-guitare-e1574341808405-300x169.jpg","datePublished":"2019-11-23T16:14:29+00:00","dateModified":"2019-11-26T16:20:47+00:00","breadcrumb":{"@id":"https:\/\/itemm.fr\/itemm\/exclusif-de-grands-bouleversements-a-venir-pour-les-metiers-dart-et-le-design\/#breadcrumb"},"inLanguage":"fr-FR","potentialAction":[{"@type":"ReadAction","target":["https:\/\/itemm.fr\/itemm\/exclusif-de-grands-bouleversements-a-venir-pour-les-metiers-dart-et-le-design\/"]}]},{"@type":"ImageObject","inLanguage":"fr-FR","@id":"https:\/\/itemm.fr\/itemm\/exclusif-de-grands-bouleversements-a-venir-pour-les-metiers-dart-et-le-design\/#primaryimage","url":"https:\/\/itemm.fr\/itemm\/wp-content\/uploads\/2019\/11\/Luthier-lutherie-guitare-e1574341808405-300x169.jpg","contentUrl":"https:\/\/itemm.fr\/itemm\/wp-content\/uploads\/2019\/11\/Luthier-lutherie-guitare-e1574341808405-300x169.jpg"},{"@type":"BreadcrumbList","@id":"https:\/\/itemm.fr\/itemm\/exclusif-de-grands-bouleversements-a-venir-pour-les-metiers-dart-et-le-design\/#breadcrumb","itemListElement":[{"@type":"ListItem","position":1,"name":"Accueil","item":"https:\/\/itemm.fr\/itemm\/"},{"@type":"ListItem","position":2,"name":"EXCLUSIF \u2013 De grands bouleversements \u00e0 venir pour les m\u00e9tiers d\u2019art et le design"}]},{"@type":"WebSite","@id":"https:\/\/itemm.fr\/itemm\/#website","url":"https:\/\/itemm.fr\/itemm\/","name":"Itemm","description":"Institut technologique europ\u00e9en des m\u00e9tiers de la musique au Mans (72)","publisher":{"@id":"https:\/\/itemm.fr\/itemm\/#organization"},"potentialAction":[{"@type":"SearchAction","target":{"@type":"EntryPoint","urlTemplate":"https:\/\/itemm.fr\/itemm\/?s={search_term_string}"},"query-input":{"@type":"PropertyValueSpecification","valueRequired":true,"valueName":"search_term_string"}}],"inLanguage":"fr-FR"},{"@type":"Organization","@id":"https:\/\/itemm.fr\/itemm\/#organization","name":"ITEMM","alternateName":"ITEMM","url":"https:\/\/itemm.fr\/itemm\/","logo":{"@type":"ImageObject","inLanguage":"fr-FR","@id":"https:\/\/itemm.fr\/itemm\/#\/schema\/logo\/image\/","url":"https:\/\/itemm.fr\/itemm\/wp-content\/uploads\/2021\/12\/logo-itemm-piano-on.png","contentUrl":"https:\/\/itemm.fr\/itemm\/wp-content\/uploads\/2021\/12\/logo-itemm-piano-on.png","width":446,"height":294,"caption":"ITEMM"},"image":{"@id":"https:\/\/itemm.fr\/itemm\/#\/schema\/logo\/image\/"},"sameAs":["https:\/\/www.facebook.com\/itemm.lemans","https:\/\/www.instagram.com\/itemmlemans\/","https:\/\/www.linkedin.com\/in\/itemm\/"]},{"@type":"Person","@id":"https:\/\/itemm.fr\/itemm\/#\/schema\/person\/4f12bdd558467246abb96a89a8f4cbb1","name":"cedric.charrier","image":{"@type":"ImageObject","inLanguage":"fr-FR","@id":"https:\/\/itemm.fr\/itemm\/wp-content\/litespeed\/avatar\/6b2a3f567f020e8b4afbfd33154a4be6.jpg?ver=1777465861","url":"https:\/\/itemm.fr\/itemm\/wp-content\/litespeed\/avatar\/6b2a3f567f020e8b4afbfd33154a4be6.jpg?ver=1777465861","contentUrl":"https:\/\/itemm.fr\/itemm\/wp-content\/litespeed\/avatar\/6b2a3f567f020e8b4afbfd33154a4be6.jpg?ver=1777465861","caption":"cedric.charrier"},"url":"https:\/\/itemm.fr\/itemm\/author\/cedric\/"}]}},"_links":{"self":[{"href":"https:\/\/itemm.fr\/itemm\/wp-json\/wp\/v2\/posts\/19033","targetHints":{"allow":["GET"]}}],"collection":[{"href":"https:\/\/itemm.fr\/itemm\/wp-json\/wp\/v2\/posts"}],"about":[{"href":"https:\/\/itemm.fr\/itemm\/wp-json\/wp\/v2\/types\/post"}],"author":[{"embeddable":true,"href":"https:\/\/itemm.fr\/itemm\/wp-json\/wp\/v2\/users\/3004"}],"replies":[{"embeddable":true,"href":"https:\/\/itemm.fr\/itemm\/wp-json\/wp\/v2\/comments?post=19033"}],"version-history":[{"count":0,"href":"https:\/\/itemm.fr\/itemm\/wp-json\/wp\/v2\/posts\/19033\/revisions"}],"wp:attachment":[{"href":"https:\/\/itemm.fr\/itemm\/wp-json\/wp\/v2\/media?parent=19033"}],"wp:term":[{"taxonomy":"category","embeddable":true,"href":"https:\/\/itemm.fr\/itemm\/wp-json\/wp\/v2\/categories?post=19033"},{"taxonomy":"post_tag","embeddable":true,"href":"https:\/\/itemm.fr\/itemm\/wp-json\/wp\/v2\/tags?post=19033"}],"curies":[{"name":"wp","href":"https:\/\/api.w.org\/{rel}","templated":true}]}}