{"id":18774,"date":"2019-10-22T10:01:13","date_gmt":"2019-10-22T08:01:13","guid":{"rendered":"https:\/\/itemm.fr\/itemm\/?p=18774"},"modified":"2024-03-19T15:55:14","modified_gmt":"2024-03-19T14:55:14","slug":"le-clavecin-au-bout-des-doigts","status":"publish","type":"post","link":"https:\/\/itemm.fr\/itemm\/le-clavecin-au-bout-des-doigts\/","title":{"rendered":"Le clavecin au bout des doigts"},"content":{"rendered":"<p><strong>Thibault Guilmin est l&#8217;un des rares facteurs de clavecins que compte la France. Install\u00e9 \u00e0 Morteaux-Couliboeuf, il y exerce son m\u00e9tier avec passion et savoir-faire traditionnel. (&#8230;)<\/strong><\/p>\n<p>L&#8217;int\u00e9gralit\u00e9 de l&#8217;article est disponible ici :<a href=\"http:\/\/emag.calvados.fr\/le-calvados-autrement_n136\/le-clavecin-au-bout-des-doigts\" target=\"_blank\" rel=\"noopener noreferrer\"> http:\/\/emag.calvados.fr\/le-calvados-autrement_n136\/le-clavecin-au-bout-des-doigts<\/a><\/p>\n<ul>\n<li>Calvados Magazine, n\u00b0 136, <em>automne 2019<\/em><\/li>\n<\/ul>\n<p>&nbsp;<\/p>\n","protected":false},"excerpt":{"rendered":"<p>Thibault Guilmin est l&#8217;un des rares facteurs de clavecins que compte la France. Install\u00e9 \u00e0 Morteaux-Couliboeuf, il y exerce son m\u00e9tier avec passion et savoir-faire traditionnel. (&#8230;) L&#8217;int\u00e9gralit\u00e9 de l&#8217;article est disponible ici : http:\/\/emag.calvados.fr\/le-calvados-autrement_n136\/le-clavecin-au-bout-des-doigts Calvados Magazine, n\u00b0 136, automne 2019 &nbsp;<\/p>\n","protected":false},"author":3004,"featured_media":53145,"comment_status":"closed","ping_status":"open","sticky":false,"template":"","format":"standard","meta":{"_acf_changed":false,"footnotes":""},"categories":[101],"tags":[],"class_list":["post-18774","post","type-post","status-publish","format-standard","has-post-thumbnail","hentry","category-anciens-eleves","category-101","description-off"],"acf":[],"yoast_head":"<!-- This site is optimized with the Yoast SEO plugin v27.4 - https:\/\/yoast.com\/product\/yoast-seo-wordpress\/ -->\n<title>Le clavecin au bout des doigts | Itemm -<\/title>\n<meta name=\"robots\" content=\"index, follow, max-snippet:-1, max-image-preview:large, max-video-preview:-1\" \/>\n<link rel=\"canonical\" href=\"https:\/\/itemm.fr\/itemm\/le-clavecin-au-bout-des-doigts\/\" \/>\n<meta property=\"og:locale\" content=\"fr_FR\" \/>\n<meta property=\"og:type\" content=\"article\" \/>\n<meta property=\"og:title\" content=\"Le clavecin au bout des doigts | Itemm -\" \/>\n<meta property=\"og:description\" content=\"Thibault Guilmin est l&#8217;un des rares facteurs de clavecins que compte la France. Install\u00e9 \u00e0 Morteaux-Couliboeuf, il y exerce son m\u00e9tier avec passion et savoir-faire traditionnel. (&#8230;) L&#8217;int\u00e9gralit\u00e9 de l&#8217;article est disponible ici : http:\/\/emag.calvados.fr\/le-calvados-autrement_n136\/le-clavecin-au-bout-des-doigts Calvados Magazine, n\u00b0 136, automne 2019 &nbsp;\" \/>\n<meta property=\"og:url\" content=\"https:\/\/itemm.fr\/itemm\/le-clavecin-au-bout-des-doigts\/\" \/>\n<meta property=\"og:site_name\" content=\"Itemm -\" \/>\n<meta property=\"article:publisher\" content=\"https:\/\/www.facebook.com\/itemm.lemans\" \/>\n<meta property=\"article:published_time\" content=\"2019-10-22T08:01:13+00:00\" \/>\n<meta property=\"article:modified_time\" content=\"2024-03-19T14:55:14+00:00\" \/>\n<meta property=\"og:image\" content=\"https:\/\/itemm.fr\/itemm\/wp-content\/uploads\/2019\/10\/Igp7203-jpg.webp\" \/>\n\t<meta property=\"og:image:width\" content=\"1024\" \/>\n\t<meta property=\"og:image:height\" content=\"680\" \/>\n\t<meta property=\"og:image:type\" content=\"image\/jpeg\" \/>\n<meta name=\"author\" content=\"cedric.charrier\" \/>\n<script type=\"application\/ld+json\" class=\"yoast-schema-graph\">{\"@context\":\"https:\\\/\\\/schema.org\",\"@graph\":[{\"@type\":\"Article\",\"@id\":\"https:\\\/\\\/itemm.fr\\\/itemm\\\/le-clavecin-au-bout-des-doigts\\\/#article\",\"isPartOf\":{\"@id\":\"https:\\\/\\\/itemm.fr\\\/itemm\\\/le-clavecin-au-bout-des-doigts\\\/\"},\"author\":{\"name\":\"cedric.charrier\",\"@id\":\"https:\\\/\\\/itemm.fr\\\/itemm\\\/#\\\/schema\\\/person\\\/37d1ada7958a6232148f9ef96178ccd3\"},\"headline\":\"Le clavecin au bout des doigts\",\"datePublished\":\"2019-10-22T08:01:13+00:00\",\"dateModified\":\"2024-03-19T14:55:14+00:00\",\"mainEntityOfPage\":{\"@id\":\"https:\\\/\\\/itemm.fr\\\/itemm\\\/le-clavecin-au-bout-des-doigts\\\/\"},\"wordCount\":54,\"publisher\":{\"@id\":\"https:\\\/\\\/itemm.fr\\\/itemm\\\/#organization\"},\"image\":{\"@id\":\"https:\\\/\\\/itemm.fr\\\/itemm\\\/le-clavecin-au-bout-des-doigts\\\/#primaryimage\"},\"thumbnailUrl\":\"https:\\\/\\\/itemm.fr\\\/itemm\\\/wp-content\\\/uploads\\\/2019\\\/10\\\/Igp7203-jpg.webp\",\"articleSection\":[\"anciens \u00e9l\u00e8ves\"],\"inLanguage\":\"fr-FR\"},{\"@type\":\"WebPage\",\"@id\":\"https:\\\/\\\/itemm.fr\\\/itemm\\\/le-clavecin-au-bout-des-doigts\\\/\",\"url\":\"https:\\\/\\\/itemm.fr\\\/itemm\\\/le-clavecin-au-bout-des-doigts\\\/\",\"name\":\"Le clavecin au bout des doigts | Itemm -\",\"isPartOf\":{\"@id\":\"https:\\\/\\\/itemm.fr\\\/itemm\\\/#website\"},\"primaryImageOfPage\":{\"@id\":\"https:\\\/\\\/itemm.fr\\\/itemm\\\/le-clavecin-au-bout-des-doigts\\\/#primaryimage\"},\"image\":{\"@id\":\"https:\\\/\\\/itemm.fr\\\/itemm\\\/le-clavecin-au-bout-des-doigts\\\/#primaryimage\"},\"thumbnailUrl\":\"https:\\\/\\\/itemm.fr\\\/itemm\\\/wp-content\\\/uploads\\\/2019\\\/10\\\/Igp7203-jpg.webp\",\"datePublished\":\"2019-10-22T08:01:13+00:00\",\"dateModified\":\"2024-03-19T14:55:14+00:00\",\"breadcrumb\":{\"@id\":\"https:\\\/\\\/itemm.fr\\\/itemm\\\/le-clavecin-au-bout-des-doigts\\\/#breadcrumb\"},\"inLanguage\":\"fr-FR\",\"potentialAction\":[{\"@type\":\"ReadAction\",\"target\":[\"https:\\\/\\\/itemm.fr\\\/itemm\\\/le-clavecin-au-bout-des-doigts\\\/\"]}]},{\"@type\":\"ImageObject\",\"inLanguage\":\"fr-FR\",\"@id\":\"https:\\\/\\\/itemm.fr\\\/itemm\\\/le-clavecin-au-bout-des-doigts\\\/#primaryimage\",\"url\":\"https:\\\/\\\/itemm.fr\\\/itemm\\\/wp-content\\\/uploads\\\/2019\\\/10\\\/Igp7203-jpg.webp\",\"contentUrl\":\"https:\\\/\\\/itemm.fr\\\/itemm\\\/wp-content\\\/uploads\\\/2019\\\/10\\\/Igp7203-jpg.webp\",\"width\":1024,\"height\":680},{\"@type\":\"BreadcrumbList\",\"@id\":\"https:\\\/\\\/itemm.fr\\\/itemm\\\/le-clavecin-au-bout-des-doigts\\\/#breadcrumb\",\"itemListElement\":[{\"@type\":\"ListItem\",\"position\":1,\"name\":\"Accueil\",\"item\":\"https:\\\/\\\/itemm.fr\\\/itemm\\\/\"},{\"@type\":\"ListItem\",\"position\":2,\"name\":\"Le clavecin au bout des doigts\"}]},{\"@type\":\"WebSite\",\"@id\":\"https:\\\/\\\/itemm.fr\\\/itemm\\\/#website\",\"url\":\"https:\\\/\\\/itemm.fr\\\/itemm\\\/\",\"name\":\"Itemm\",\"description\":\"Institut technologique europ\u00e9en des m\u00e9tiers de la musique au Mans (72)\",\"publisher\":{\"@id\":\"https:\\\/\\\/itemm.fr\\\/itemm\\\/#organization\"},\"potentialAction\":[{\"@type\":\"SearchAction\",\"target\":{\"@type\":\"EntryPoint\",\"urlTemplate\":\"https:\\\/\\\/itemm.fr\\\/itemm\\\/?s={search_term_string}\"},\"query-input\":{\"@type\":\"PropertyValueSpecification\",\"valueRequired\":true,\"valueName\":\"search_term_string\"}}],\"inLanguage\":\"fr-FR\"},{\"@type\":\"Organization\",\"@id\":\"https:\\\/\\\/itemm.fr\\\/itemm\\\/#organization\",\"name\":\"ITEMM\",\"alternateName\":\"ITEMM\",\"url\":\"https:\\\/\\\/itemm.fr\\\/itemm\\\/\",\"logo\":{\"@type\":\"ImageObject\",\"inLanguage\":\"fr-FR\",\"@id\":\"https:\\\/\\\/itemm.fr\\\/itemm\\\/#\\\/schema\\\/logo\\\/image\\\/\",\"url\":\"https:\\\/\\\/itemm.fr\\\/itemm\\\/wp-content\\\/uploads\\\/2021\\\/12\\\/logo-itemm-piano-on.png\",\"contentUrl\":\"https:\\\/\\\/itemm.fr\\\/itemm\\\/wp-content\\\/uploads\\\/2021\\\/12\\\/logo-itemm-piano-on.png\",\"width\":446,\"height\":294,\"caption\":\"ITEMM\"},\"image\":{\"@id\":\"https:\\\/\\\/itemm.fr\\\/itemm\\\/#\\\/schema\\\/logo\\\/image\\\/\"},\"sameAs\":[\"https:\\\/\\\/www.facebook.com\\\/itemm.lemans\",\"https:\\\/\\\/www.instagram.com\\\/itemmlemans\\\/\",\"https:\\\/\\\/www.linkedin.com\\\/in\\\/itemm\\\/\"]},{\"@type\":\"Person\",\"@id\":\"https:\\\/\\\/itemm.fr\\\/itemm\\\/#\\\/schema\\\/person\\\/37d1ada7958a6232148f9ef96178ccd3\",\"name\":\"cedric.charrier\",\"image\":{\"@type\":\"ImageObject\",\"inLanguage\":\"fr-FR\",\"@id\":\"https:\\\/\\\/itemm.fr\\\/itemm\\\/wp-content\\\/litespeed\\\/avatar\\\/6b2a3f567f020e8b4afbfd33154a4be6.jpg?ver=1776860820\",\"url\":\"https:\\\/\\\/itemm.fr\\\/itemm\\\/wp-content\\\/litespeed\\\/avatar\\\/6b2a3f567f020e8b4afbfd33154a4be6.jpg?ver=1776860820\",\"contentUrl\":\"https:\\\/\\\/itemm.fr\\\/itemm\\\/wp-content\\\/litespeed\\\/avatar\\\/6b2a3f567f020e8b4afbfd33154a4be6.jpg?ver=1776860820\",\"caption\":\"cedric.charrier\"},\"url\":\"https:\\\/\\\/itemm.fr\\\/itemm\\\/author\\\/cedric\\\/\"}]}<\/script>\n<!-- \/ Yoast SEO plugin. -->","yoast_head_json":{"title":"Le clavecin au bout des doigts | Itemm -","robots":{"index":"index","follow":"follow","max-snippet":"max-snippet:-1","max-image-preview":"max-image-preview:large","max-video-preview":"max-video-preview:-1"},"canonical":"https:\/\/itemm.fr\/itemm\/le-clavecin-au-bout-des-doigts\/","og_locale":"fr_FR","og_type":"article","og_title":"Le clavecin au bout des doigts | Itemm -","og_description":"Thibault Guilmin est l&#8217;un des rares facteurs de clavecins que compte la France. Install\u00e9 \u00e0 Morteaux-Couliboeuf, il y exerce son m\u00e9tier avec passion et savoir-faire traditionnel. (&#8230;) L&#8217;int\u00e9gralit\u00e9 de l&#8217;article est disponible ici : http:\/\/emag.calvados.fr\/le-calvados-autrement_n136\/le-clavecin-au-bout-des-doigts Calvados Magazine, n\u00b0 136, automne 2019 &nbsp;","og_url":"https:\/\/itemm.fr\/itemm\/le-clavecin-au-bout-des-doigts\/","og_site_name":"Itemm -","article_publisher":"https:\/\/www.facebook.com\/itemm.lemans","article_published_time":"2019-10-22T08:01:13+00:00","article_modified_time":"2024-03-19T14:55:14+00:00","og_image":[{"width":1024,"height":680,"url":"https:\/\/itemm.fr\/itemm\/wp-content\/uploads\/2019\/10\/Igp7203-jpg.webp","type":"image\/jpeg"}],"author":"cedric.charrier","schema":{"@context":"https:\/\/schema.org","@graph":[{"@type":"Article","@id":"https:\/\/itemm.fr\/itemm\/le-clavecin-au-bout-des-doigts\/#article","isPartOf":{"@id":"https:\/\/itemm.fr\/itemm\/le-clavecin-au-bout-des-doigts\/"},"author":{"name":"cedric.charrier","@id":"https:\/\/itemm.fr\/itemm\/#\/schema\/person\/37d1ada7958a6232148f9ef96178ccd3"},"headline":"Le clavecin au bout des doigts","datePublished":"2019-10-22T08:01:13+00:00","dateModified":"2024-03-19T14:55:14+00:00","mainEntityOfPage":{"@id":"https:\/\/itemm.fr\/itemm\/le-clavecin-au-bout-des-doigts\/"},"wordCount":54,"publisher":{"@id":"https:\/\/itemm.fr\/itemm\/#organization"},"image":{"@id":"https:\/\/itemm.fr\/itemm\/le-clavecin-au-bout-des-doigts\/#primaryimage"},"thumbnailUrl":"https:\/\/itemm.fr\/itemm\/wp-content\/uploads\/2019\/10\/Igp7203-jpg.webp","articleSection":["anciens \u00e9l\u00e8ves"],"inLanguage":"fr-FR"},{"@type":"WebPage","@id":"https:\/\/itemm.fr\/itemm\/le-clavecin-au-bout-des-doigts\/","url":"https:\/\/itemm.fr\/itemm\/le-clavecin-au-bout-des-doigts\/","name":"Le clavecin au bout des doigts | Itemm -","isPartOf":{"@id":"https:\/\/itemm.fr\/itemm\/#website"},"primaryImageOfPage":{"@id":"https:\/\/itemm.fr\/itemm\/le-clavecin-au-bout-des-doigts\/#primaryimage"},"image":{"@id":"https:\/\/itemm.fr\/itemm\/le-clavecin-au-bout-des-doigts\/#primaryimage"},"thumbnailUrl":"https:\/\/itemm.fr\/itemm\/wp-content\/uploads\/2019\/10\/Igp7203-jpg.webp","datePublished":"2019-10-22T08:01:13+00:00","dateModified":"2024-03-19T14:55:14+00:00","breadcrumb":{"@id":"https:\/\/itemm.fr\/itemm\/le-clavecin-au-bout-des-doigts\/#breadcrumb"},"inLanguage":"fr-FR","potentialAction":[{"@type":"ReadAction","target":["https:\/\/itemm.fr\/itemm\/le-clavecin-au-bout-des-doigts\/"]}]},{"@type":"ImageObject","inLanguage":"fr-FR","@id":"https:\/\/itemm.fr\/itemm\/le-clavecin-au-bout-des-doigts\/#primaryimage","url":"https:\/\/itemm.fr\/itemm\/wp-content\/uploads\/2019\/10\/Igp7203-jpg.webp","contentUrl":"https:\/\/itemm.fr\/itemm\/wp-content\/uploads\/2019\/10\/Igp7203-jpg.webp","width":1024,"height":680},{"@type":"BreadcrumbList","@id":"https:\/\/itemm.fr\/itemm\/le-clavecin-au-bout-des-doigts\/#breadcrumb","itemListElement":[{"@type":"ListItem","position":1,"name":"Accueil","item":"https:\/\/itemm.fr\/itemm\/"},{"@type":"ListItem","position":2,"name":"Le clavecin au bout des doigts"}]},{"@type":"WebSite","@id":"https:\/\/itemm.fr\/itemm\/#website","url":"https:\/\/itemm.fr\/itemm\/","name":"Itemm","description":"Institut technologique europ\u00e9en des m\u00e9tiers de la musique au Mans (72)","publisher":{"@id":"https:\/\/itemm.fr\/itemm\/#organization"},"potentialAction":[{"@type":"SearchAction","target":{"@type":"EntryPoint","urlTemplate":"https:\/\/itemm.fr\/itemm\/?s={search_term_string}"},"query-input":{"@type":"PropertyValueSpecification","valueRequired":true,"valueName":"search_term_string"}}],"inLanguage":"fr-FR"},{"@type":"Organization","@id":"https:\/\/itemm.fr\/itemm\/#organization","name":"ITEMM","alternateName":"ITEMM","url":"https:\/\/itemm.fr\/itemm\/","logo":{"@type":"ImageObject","inLanguage":"fr-FR","@id":"https:\/\/itemm.fr\/itemm\/#\/schema\/logo\/image\/","url":"https:\/\/itemm.fr\/itemm\/wp-content\/uploads\/2021\/12\/logo-itemm-piano-on.png","contentUrl":"https:\/\/itemm.fr\/itemm\/wp-content\/uploads\/2021\/12\/logo-itemm-piano-on.png","width":446,"height":294,"caption":"ITEMM"},"image":{"@id":"https:\/\/itemm.fr\/itemm\/#\/schema\/logo\/image\/"},"sameAs":["https:\/\/www.facebook.com\/itemm.lemans","https:\/\/www.instagram.com\/itemmlemans\/","https:\/\/www.linkedin.com\/in\/itemm\/"]},{"@type":"Person","@id":"https:\/\/itemm.fr\/itemm\/#\/schema\/person\/37d1ada7958a6232148f9ef96178ccd3","name":"cedric.charrier","image":{"@type":"ImageObject","inLanguage":"fr-FR","@id":"https:\/\/itemm.fr\/itemm\/wp-content\/litespeed\/avatar\/6b2a3f567f020e8b4afbfd33154a4be6.jpg?ver=1776860820","url":"https:\/\/itemm.fr\/itemm\/wp-content\/litespeed\/avatar\/6b2a3f567f020e8b4afbfd33154a4be6.jpg?ver=1776860820","contentUrl":"https:\/\/itemm.fr\/itemm\/wp-content\/litespeed\/avatar\/6b2a3f567f020e8b4afbfd33154a4be6.jpg?ver=1776860820","caption":"cedric.charrier"},"url":"https:\/\/itemm.fr\/itemm\/author\/cedric\/"}]}},"_links":{"self":[{"href":"https:\/\/itemm.fr\/itemm\/wp-json\/wp\/v2\/posts\/18774","targetHints":{"allow":["GET"]}}],"collection":[{"href":"https:\/\/itemm.fr\/itemm\/wp-json\/wp\/v2\/posts"}],"about":[{"href":"https:\/\/itemm.fr\/itemm\/wp-json\/wp\/v2\/types\/post"}],"author":[{"embeddable":true,"href":"https:\/\/itemm.fr\/itemm\/wp-json\/wp\/v2\/users\/3004"}],"replies":[{"embeddable":true,"href":"https:\/\/itemm.fr\/itemm\/wp-json\/wp\/v2\/comments?post=18774"}],"version-history":[{"count":0,"href":"https:\/\/itemm.fr\/itemm\/wp-json\/wp\/v2\/posts\/18774\/revisions"}],"wp:featuredmedia":[{"embeddable":true,"href":"https:\/\/itemm.fr\/itemm\/wp-json\/wp\/v2\/media\/53145"}],"wp:attachment":[{"href":"https:\/\/itemm.fr\/itemm\/wp-json\/wp\/v2\/media?parent=18774"}],"wp:term":[{"taxonomy":"category","embeddable":true,"href":"https:\/\/itemm.fr\/itemm\/wp-json\/wp\/v2\/categories?post=18774"},{"taxonomy":"post_tag","embeddable":true,"href":"https:\/\/itemm.fr\/itemm\/wp-json\/wp\/v2\/tags?post=18774"}],"curies":[{"name":"wp","href":"https:\/\/api.w.org\/{rel}","templated":true}]}}